{"id":66389,"date":"2016-02-03T09:20:02","date_gmt":"2016-02-03T12:20:02","guid":{"rendered":"http:\/\/www.eltrabajo.cl\/portal\/?p=66389"},"modified":"2016-02-03T09:20:39","modified_gmt":"2016-02-03T12:20:39","slug":"ocho-internos-del-ccp-de-los-andes-participaron-en-curso-de-ceramica","status":"publish","type":"post","link":"https:\/\/eltrabajo.cl\/portal\/ocho-internos-del-ccp-de-los-andes-participaron-en-curso-de-ceramica\/","title":{"rendered":"Ocho internos del CCP de Los Andes participaron en curso de cer\u00e1mica"},"content":{"rendered":"<figure id=\"attachment_66390\" aria-describedby=\"caption-attachment-66390\" style=\"width: 300px\" class=\"wp-caption alignleft\"><img data-recalc-dims=\"1\" loading=\"lazy\" decoding=\"async\" class=\"wp-image-66390 size-medium\" src=\"https:\/\/i0.wp.com\/www.eltrabajo.cl\/portal\/wp-content\/uploads\/2016\/02\/CERAMICA-3OK-300x198.jpg?resize=300%2C198\" alt=\"Ocho personas fueron certificadas tras participar en el curso \u2018Elaboraci\u00f3n de Artesan\u00edas en Cer\u00e1mica Policromada de Talagante\u2019 impartido por el Inforem.\" width=\"300\" height=\"198\" srcset=\"https:\/\/i0.wp.com\/eltrabajo.cl\/portal\/wp-content\/uploads\/2016\/02\/CERAMICA-3OK.jpg?resize=300%2C198&amp;ssl=1 300w, https:\/\/i0.wp.com\/eltrabajo.cl\/portal\/wp-content\/uploads\/2016\/02\/CERAMICA-3OK.jpg?resize=200%2C132&amp;ssl=1 200w, https:\/\/i0.wp.com\/eltrabajo.cl\/portal\/wp-content\/uploads\/2016\/02\/CERAMICA-3OK.jpg?resize=227%2C150&amp;ssl=1 227w, https:\/\/i0.wp.com\/eltrabajo.cl\/portal\/wp-content\/uploads\/2016\/02\/CERAMICA-3OK.jpg?resize=400%2C264&amp;ssl=1 400w, https:\/\/i0.wp.com\/eltrabajo.cl\/portal\/wp-content\/uploads\/2016\/02\/CERAMICA-3OK.jpg?w=530&amp;ssl=1 530w\" sizes=\"auto, (max-width: 300px) 100vw, 300px\" \/><figcaption id=\"caption-attachment-66390\" class=\"wp-caption-text\">Ocho personas fueron certificadas tras participar en el curso \u2018Elaboraci\u00f3n de Artesan\u00edas en Cer\u00e1mica Policromada de Talagante\u2019 impartido por el Inforem.<\/figcaption><\/figure>\n<ul>\n<li><strong>Uno de los reclusos comenzar\u00e1 a trabajar en destacado taller que funciona en la comuna de San Esteban.<\/strong><\/li>\n<\/ul>\n<p><strong>LOS ANDES<\/strong>.- Durante poco m\u00e1s de un mes, ocho personas que cumplen condena en el Centro de Cumplimiento Penitenciario (CCP) de los Andes participaron en el curso denominado \u2018Elaboraci\u00f3n de Artesan\u00edas en Cer\u00e1mica Policromada de Talagante\u2019 e impartido por el Instituto de Formaci\u00f3n Empresarial (Inforem) en dependencias de la unidad andina.<br \/>\nLas clases se realizaron de lunes a viernes y contemplaron un total de 130 horas pedag\u00f3gicas, durante las cuales, seg\u00fan confiesa Patricio Pe\u00f1aloza, uno de los tres profesores a cargo, los alumnos demostraron un gran inter\u00e9s.<br \/>\n\u201cSab\u00eda que hab\u00eda un taller de cer\u00e1mica ac\u00e1, pero no me imagin\u00e9 que estuvieran tan dispuestos y que hubiera tanto talento. Fue muy gratificante darme cuenta que hab\u00eda muchas ganas de aprender y superarse. Aprenden r\u00e1pido y tienen mucho entusiasmo. Hay que darles oportunidades a todo el mundo\u201d, expres\u00f3 el docente en cer\u00e1mica y decoraci\u00f3n.<br \/>\nPor su parte el jefe (s) del recinto penitenciario, capit\u00e1n Gabriel Cheuqu\u00e9n, sostuvo que: \u201cEsto busca la reinserci\u00f3n que nuestra Instituci\u00f3n ofrece a los internos y da pie para futuras capacitaciones donde puedan participar otras personas. Se trata de algo muy positivo y, por lo mismo, ellos est\u00e1n muy agradecidos de estas herramientas que les pueden servir en el medio libre\u201d.<\/p>\n<figure id=\"attachment_66392\" aria-describedby=\"caption-attachment-66392\" style=\"width: 300px\" class=\"wp-caption alignright\"><img data-recalc-dims=\"1\" loading=\"lazy\" decoding=\"async\" class=\"wp-image-66392 size-medium\" src=\"https:\/\/i0.wp.com\/www.eltrabajo.cl\/portal\/wp-content\/uploads\/2016\/02\/CERAMICA-2-300x197.jpg?resize=300%2C197\" alt=\"Los internos pudieron aprender t\u00e9cnicas de cer\u00e1mica y el uso del torno.\" width=\"300\" height=\"197\" srcset=\"https:\/\/i0.wp.com\/eltrabajo.cl\/portal\/wp-content\/uploads\/2016\/02\/CERAMICA-2.jpg?resize=300%2C197&amp;ssl=1 300w, https:\/\/i0.wp.com\/eltrabajo.cl\/portal\/wp-content\/uploads\/2016\/02\/CERAMICA-2.jpg?resize=200%2C131&amp;ssl=1 200w, https:\/\/i0.wp.com\/eltrabajo.cl\/portal\/wp-content\/uploads\/2016\/02\/CERAMICA-2.jpg?resize=228%2C150&amp;ssl=1 228w, https:\/\/i0.wp.com\/eltrabajo.cl\/portal\/wp-content\/uploads\/2016\/02\/CERAMICA-2.jpg?resize=400%2C263&amp;ssl=1 400w, https:\/\/i0.wp.com\/eltrabajo.cl\/portal\/wp-content\/uploads\/2016\/02\/CERAMICA-2.jpg?w=530&amp;ssl=1 530w\" sizes=\"auto, (max-width: 300px) 100vw, 300px\" \/><figcaption id=\"caption-attachment-66392\" class=\"wp-caption-text\">Los internos pudieron aprender t\u00e9cnicas de cer\u00e1mica y el uso del torno.<\/figcaption><\/figure>\n<p><strong>UNA NUEVA OPORTUNIDAD<\/strong><br \/>\nAlex Cuadra (47) sin duda fue uno de los alumnos m\u00e1s destacados. Con quince a\u00f1os de experiencia en este rubro, el recluso pudo aprender nuevas t\u00e9cnicas y el uso del torno cer\u00e1mico, adem\u00e1s de acceder por primera vez a una certificaci\u00f3n que acredite sus habilidades.<br \/>\nMinutos antes del inicio de la ceremonia de certificaci\u00f3n del curso, efectuada el pasado jueves en una de las salas de clases del CCP andino, el interno reconoci\u00f3 que: \u201cPara mi hoy es un d\u00eda feliz e importante dentro de mi vida personal y profesional porque el t\u00e9rmino de este taller trajo consigo una certificaci\u00f3n que yo necesitaba para poder apoyarme en el medio libre\u201d.<br \/>\n\u201cUno de los monitores que llegaron participa en un taller bien importante dentro de la zona, espec\u00edficamente en San Esteban y \u00e9l me da la posibilidad, como estoy gozando del beneficio de salida dominical, de que lo apoye donde est\u00e1 trabajando. Es una gran oportunidad de poder reinsertarme en algo que me gusta\u201d.<br \/>\nTalleres similares al impartido en el recinto de Los Andes se han repetido en todas las unidades de la regi\u00f3n. As\u00ed lo detall\u00f3 Alfredo Calvo, director del (Inforem), entidad que ha desarrollado cursos durante siete a\u00f1os en los centros cerrados.<br \/>\nEntre los oficios ense\u00f1ados por Inforem se encuentran los de: soldadura, carpinter\u00eda, gastronom\u00eda, bisuter\u00eda, etc.<\/p>\n","protected":false},"excerpt":{"rendered":"<p>Uno de los reclusos comenzar\u00e1 a trabajar en destacado taller que funciona en la comuna de San Esteban. LOS ANDES.- Durante poco m\u00e1s de un mes, ocho personas que cumplen condena en&#8230;<\/p>\n","protected":false},"author":482,"featured_media":66390,"comment_status":"open","ping_status":"open","sticky":false,"template":"","format":"standard","meta":{"advanced_seo_description":"","jetpack_seo_html_title":"","jetpack_seo_noindex":false,"_jetpack_memberships_contains_paid_content":false,"footnotes":""},"categories":[15],"tags":[],"class_list":["post-66389","post","type-post","status-publish","format-standard","has-post-thumbnail","hentry","category-comunidad"],"jetpack_featured_media_url":"https:\/\/i0.wp.com\/eltrabajo.cl\/portal\/wp-content\/uploads\/2016\/02\/CERAMICA-3OK.jpg?fit=530%2C350&ssl=1","jetpack_sharing_enabled":true,"jetpack_likes_enabled":true,"jetpack-related-posts":[],"_links":{"self":[{"href":"https:\/\/eltrabajo.cl\/portal\/wp-json\/wp\/v2\/posts\/66389","targetHints":{"allow":["GET"]}}],"collection":[{"href":"https:\/\/eltrabajo.cl\/portal\/wp-json\/wp\/v2\/posts"}],"about":[{"href":"https:\/\/eltrabajo.cl\/portal\/wp-json\/wp\/v2\/types\/post"}],"author":[{"embeddable":true,"href":"https:\/\/eltrabajo.cl\/portal\/wp-json\/wp\/v2\/users\/482"}],"replies":[{"embeddable":true,"href":"https:\/\/eltrabajo.cl\/portal\/wp-json\/wp\/v2\/comments?post=66389"}],"version-history":[{"count":0,"href":"https:\/\/eltrabajo.cl\/portal\/wp-json\/wp\/v2\/posts\/66389\/revisions"}],"wp:featuredmedia":[{"embeddable":true,"href":"https:\/\/eltrabajo.cl\/portal\/wp-json\/wp\/v2\/media\/66390"}],"wp:attachment":[{"href":"https:\/\/eltrabajo.cl\/portal\/wp-json\/wp\/v2\/media?parent=66389"}],"wp:term":[{"taxonomy":"category","embeddable":true,"href":"https:\/\/eltrabajo.cl\/portal\/wp-json\/wp\/v2\/categories?post=66389"},{"taxonomy":"post_tag","embeddable":true,"href":"https:\/\/eltrabajo.cl\/portal\/wp-json\/wp\/v2\/tags?post=66389"}],"curies":[{"name":"wp","href":"https:\/\/api.w.org\/{rel}","templated":true}]}}