{"id":66402,"date":"2016-02-03T09:26:47","date_gmt":"2016-02-03T12:26:47","guid":{"rendered":"http:\/\/www.eltrabajo.cl\/portal\/?p=66402"},"modified":"2016-02-03T09:26:47","modified_gmt":"2016-02-03T12:26:47","slug":"sindicato-de-trabajadores-pide-a-codelco-revisar-condiciones-de-seguridad-de-contratistas","status":"publish","type":"post","link":"https:\/\/eltrabajo.cl\/portal\/sindicato-de-trabajadores-pide-a-codelco-revisar-condiciones-de-seguridad-de-contratistas\/","title":{"rendered":"Sindicato de trabajadores pide a Codelco revisar condiciones de seguridad de contratistas"},"content":{"rendered":"<figure id=\"attachment_66404\" aria-describedby=\"caption-attachment-66404\" style=\"width: 300px\" class=\"wp-caption alignleft\"><img data-recalc-dims=\"1\" loading=\"lazy\" decoding=\"async\" class=\"wp-image-66404 size-medium\" src=\"https:\/\/i0.wp.com\/www.eltrabajo.cl\/portal\/wp-content\/uploads\/2016\/02\/Guillermo-Candia-300x198.jpg?resize=300%2C198\" alt=\"Guillermo Candia, presidente de la Federaci\u00f3n de Sindicatos de Trabajadores de la Miner\u00eda (Fetramin).\" width=\"300\" height=\"198\" srcset=\"https:\/\/i0.wp.com\/eltrabajo.cl\/portal\/wp-content\/uploads\/2016\/02\/Guillermo-Candia.jpg?resize=300%2C198&amp;ssl=1 300w, https:\/\/i0.wp.com\/eltrabajo.cl\/portal\/wp-content\/uploads\/2016\/02\/Guillermo-Candia.jpg?resize=200%2C132&amp;ssl=1 200w, https:\/\/i0.wp.com\/eltrabajo.cl\/portal\/wp-content\/uploads\/2016\/02\/Guillermo-Candia.jpg?resize=228%2C150&amp;ssl=1 228w, https:\/\/i0.wp.com\/eltrabajo.cl\/portal\/wp-content\/uploads\/2016\/02\/Guillermo-Candia.jpg?resize=400%2C263&amp;ssl=1 400w, https:\/\/i0.wp.com\/eltrabajo.cl\/portal\/wp-content\/uploads\/2016\/02\/Guillermo-Candia.jpg?w=530&amp;ssl=1 530w\" sizes=\"auto, (max-width: 300px) 100vw, 300px\" \/><figcaption id=\"caption-attachment-66404\" class=\"wp-caption-text\">Guillermo Candia, presidente de la Federaci\u00f3n de Sindicatos de Trabajadores de la Miner\u00eda (Fetramin).<\/figcaption><\/figure>\n<ul>\n<li><strong>Autopsia de trabajador de Bailac fallecido el jueves revel\u00f3 lesiones compatibles con un accidente laboral.<\/strong><\/li>\n<\/ul>\n<p><strong>LOS ANDES.<\/strong>&#8211; El Presidente de la Federaci\u00f3n de Sindicatos de Trabajadores de la Miner\u00eda (Fetramin), Guillermo Candia, anunci\u00f3 que a trav\u00e9s de la Confederaci\u00f3n de Trabajadores del Cobre pedir\u00e1n a Codelco revisar el plan de reducci\u00f3n de costos que estar\u00eda afectando directamente la seguridad laboral de los trabajadores contratistas.<br \/>\nEllo luego que la autopsia revelara que el cuerpo del trabajador de la empresa Bailac, Pedro Collado Donoso, fallecido el jueves pasado, presentaba lesiones compatibles con un accidente laboral.<br \/>\nEn tal sentido, el presidente de la Fetramin lament\u00f3 que este sea el tercer trabajador contratista de Codelco que fallece como parte de esta pol\u00edtica de reducci\u00f3n de costos, en donde se est\u00e1 afectando directamente la seguridad de los trabajadores contratistas.<br \/>\nRecord\u00f3 que Pedro Collado se encontraba revisando s\u00f3lo el neum\u00e1tico trasero de un cami\u00f3n lubricador, lo cual no correspond\u00eda.<\/p>\n<figure id=\"attachment_66403\" aria-describedby=\"caption-attachment-66403\" style=\"width: 300px\" class=\"wp-caption alignright\"><img data-recalc-dims=\"1\" loading=\"lazy\" decoding=\"async\" class=\"wp-image-66403 size-medium\" src=\"https:\/\/i0.wp.com\/www.eltrabajo.cl\/portal\/wp-content\/uploads\/2016\/02\/Fallecimiento-trabajador-Bailac-300x197.jpg?resize=300%2C197\" alt=\"Este ser\u00eda el lugar donde fue encontrado inconsciente el trabajador Bailac, a un costado de un cami\u00f3n lubricador.\" width=\"300\" height=\"197\" srcset=\"https:\/\/i0.wp.com\/eltrabajo.cl\/portal\/wp-content\/uploads\/2016\/02\/Fallecimiento-trabajador-Bailac.jpg?resize=300%2C197&amp;ssl=1 300w, https:\/\/i0.wp.com\/eltrabajo.cl\/portal\/wp-content\/uploads\/2016\/02\/Fallecimiento-trabajador-Bailac.jpg?resize=200%2C131&amp;ssl=1 200w, https:\/\/i0.wp.com\/eltrabajo.cl\/portal\/wp-content\/uploads\/2016\/02\/Fallecimiento-trabajador-Bailac.jpg?resize=228%2C150&amp;ssl=1 228w, https:\/\/i0.wp.com\/eltrabajo.cl\/portal\/wp-content\/uploads\/2016\/02\/Fallecimiento-trabajador-Bailac.jpg?resize=400%2C263&amp;ssl=1 400w, https:\/\/i0.wp.com\/eltrabajo.cl\/portal\/wp-content\/uploads\/2016\/02\/Fallecimiento-trabajador-Bailac.jpg?w=530&amp;ssl=1 530w\" sizes=\"auto, (max-width: 300px) 100vw, 300px\" \/><figcaption id=\"caption-attachment-66403\" class=\"wp-caption-text\">Este ser\u00eda el lugar donde fue encontrado inconsciente el trabajador Bailac, a un costado de un cami\u00f3n lubricador.<\/figcaption><\/figure>\n<p>Asimismo, denunci\u00f3 el hecho que los policl\u00ednicos al interior de la mina, tanto subterr\u00e1nea como del rajo, fueron retirados, quedando solamente un policl\u00ednico de atenci\u00f3n de urgencia en Saladillo a cargo de la empresa Esachs.<br \/>\nAgreg\u00f3 que ello ha derivado que incluso trabajadores que han sufrido accidentes en la mina hayan debido ser bajados en camioneta hasta el policl\u00ednico, lo cual es una situaci\u00f3n que vulnera todos sus derechos y no est\u00e1n dispuestos a que el plan de reducci\u00f3n de costos sea a costa de la seguridad de los contratistas.<br \/>\nCandia afirm\u00f3 que estos antecedentes fueron puestos en conocimiento del Seremi de Miner\u00eda Alonso Retamales, \u201cya que tal vez si Pedro hubiese sido atendidos oportunamente tal vez estar\u00eda con vida\u201d.<br \/>\nPor ello esperan tener una reuni\u00f3n con Codelco a trav\u00e9s de la CTC para revisar esta situaci\u00f3n, \u201cporque lo concreto es que hubo un accidente de trabajo que termin\u00f3 con la vida de un trabajador contratista producto de las pr\u00e1cticas de reducci\u00f3n de costos\u201d.<br \/>\nLament\u00f3 que muchas veces el trabajador debe poner en riesgo su seguridad porque se ve amenazada su fuente laboral por presiones de las empresas, \u201cpues esa es la idea de reducir costos a toda evento como dice el se\u00f1or Pizarro y ahora queremos que d\u00e9 explicaciones por esta muerte y la de los dos trabajadores\u201d.<br \/>\nPor ello lament\u00f3 que Codelco emitiera un comunicado a trav\u00e9s de la prensa local afirmando que el trabajador padec\u00eda de una enfermedad previa, \u201cen circunstancias que el hecho concreto es que Pedro era un deportista, no ten\u00eda problemas de salud y tuvo un accidente laboral que termin\u00f3 con su vida\u201d.<\/p>\n","protected":false},"excerpt":{"rendered":"<p>Autopsia de trabajador de Bailac fallecido el jueves revel\u00f3 lesiones compatibles con un accidente laboral. LOS ANDES.&#8211; El Presidente de la Federaci\u00f3n de Sindicatos de Trabajadores de la Miner\u00eda (Fetramin), Guillermo Candia,&#8230;<\/p>\n","protected":false},"author":482,"featured_media":66404,"comment_status":"open","ping_status":"open","sticky":false,"template":"","format":"standard","meta":{"advanced_seo_description":"","jetpack_seo_html_title":"","jetpack_seo_noindex":false,"_jetpack_memberships_contains_paid_content":false,"footnotes":""},"categories":[1],"tags":[],"class_list":["post-66402","post","type-post","status-publish","format-standard","has-post-thumbnail","hentry","category-cronica"],"jetpack_featured_media_url":"https:\/\/i0.wp.com\/eltrabajo.cl\/portal\/wp-content\/uploads\/2016\/02\/Guillermo-Candia.jpg?fit=530%2C349&ssl=1","jetpack_sharing_enabled":true,"jetpack_likes_enabled":true,"jetpack-related-posts":[],"_links":{"self":[{"href":"https:\/\/eltrabajo.cl\/portal\/wp-json\/wp\/v2\/posts\/66402","targetHints":{"allow":["GET"]}}],"collection":[{"href":"https:\/\/eltrabajo.cl\/portal\/wp-json\/wp\/v2\/posts"}],"about":[{"href":"https:\/\/eltrabajo.cl\/portal\/wp-json\/wp\/v2\/types\/post"}],"author":[{"embeddable":true,"href":"https:\/\/eltrabajo.cl\/portal\/wp-json\/wp\/v2\/users\/482"}],"replies":[{"embeddable":true,"href":"https:\/\/eltrabajo.cl\/portal\/wp-json\/wp\/v2\/comments?post=66402"}],"version-history":[{"count":0,"href":"https:\/\/eltrabajo.cl\/portal\/wp-json\/wp\/v2\/posts\/66402\/revisions"}],"wp:featuredmedia":[{"embeddable":true,"href":"https:\/\/eltrabajo.cl\/portal\/wp-json\/wp\/v2\/media\/66404"}],"wp:attachment":[{"href":"https:\/\/eltrabajo.cl\/portal\/wp-json\/wp\/v2\/media?parent=66402"}],"wp:term":[{"taxonomy":"category","embeddable":true,"href":"https:\/\/eltrabajo.cl\/portal\/wp-json\/wp\/v2\/categories?post=66402"},{"taxonomy":"post_tag","embeddable":true,"href":"https:\/\/eltrabajo.cl\/portal\/wp-json\/wp\/v2\/tags?post=66402"}],"curies":[{"name":"wp","href":"https:\/\/api.w.org\/{rel}","templated":true}]}}