{"id":66406,"date":"2016-02-03T09:28:44","date_gmt":"2016-02-03T12:28:44","guid":{"rendered":"http:\/\/www.eltrabajo.cl\/portal\/?p=66406"},"modified":"2016-02-03T09:28:44","modified_gmt":"2016-02-03T12:28:44","slug":"a-mediados-de-este-mes-se-conoceran-los-seleccionados-para-cumplir-con-el-servicio-militar-durante-el-2016","status":"publish","type":"post","link":"https:\/\/eltrabajo.cl\/portal\/a-mediados-de-este-mes-se-conoceran-los-seleccionados-para-cumplir-con-el-servicio-militar-durante-el-2016\/","title":{"rendered":"A mediados de este mes se conocer\u00e1n los seleccionados para cumplir con el Servicio Militar durante el 2016"},"content":{"rendered":"<figure id=\"attachment_66407\" aria-describedby=\"caption-attachment-66407\" style=\"width: 300px\" class=\"wp-caption alignleft\"><img data-recalc-dims=\"1\" loading=\"lazy\" decoding=\"async\" class=\"wp-image-66407 size-medium\" src=\"https:\/\/i0.wp.com\/www.eltrabajo.cl\/portal\/wp-content\/uploads\/2016\/02\/Canton-de-reclutamiento-300x198.jpg?resize=300%2C198\" alt=\"Las inscripciones para todos los j\u00f3venes entre 17 y 24 a\u00f1os de edad que quieran cumplir de forma voluntaria con el Servicio Militar, estar\u00e1n disponibles hasta el 29 de febrero en el Cant\u00f3n de Reclutamiento. (Foto archivo).\" width=\"300\" height=\"198\" srcset=\"https:\/\/i0.wp.com\/eltrabajo.cl\/portal\/wp-content\/uploads\/2016\/02\/Canton-de-reclutamiento.jpg?resize=300%2C198&amp;ssl=1 300w, https:\/\/i0.wp.com\/eltrabajo.cl\/portal\/wp-content\/uploads\/2016\/02\/Canton-de-reclutamiento.jpg?resize=200%2C132&amp;ssl=1 200w, https:\/\/i0.wp.com\/eltrabajo.cl\/portal\/wp-content\/uploads\/2016\/02\/Canton-de-reclutamiento.jpg?resize=228%2C150&amp;ssl=1 228w, https:\/\/i0.wp.com\/eltrabajo.cl\/portal\/wp-content\/uploads\/2016\/02\/Canton-de-reclutamiento.jpg?resize=400%2C263&amp;ssl=1 400w, https:\/\/i0.wp.com\/eltrabajo.cl\/portal\/wp-content\/uploads\/2016\/02\/Canton-de-reclutamiento.jpg?w=530&amp;ssl=1 530w\" sizes=\"auto, (max-width: 300px) 100vw, 300px\" \/><figcaption id=\"caption-attachment-66407\" class=\"wp-caption-text\">Las inscripciones para todos los j\u00f3venes entre 17 y 24 a\u00f1os de edad que quieran cumplir de forma voluntaria con el Servicio Militar, estar\u00e1n disponibles hasta el 29 de febrero en el Cant\u00f3n de Reclutamiento. (Foto archivo).<\/figcaption><\/figure>\n<p>Con el af\u00e1n de disminuir el alto n\u00famero de j\u00f3venes que en 2015 no se presentaron a la convocatoria para la realizaci\u00f3n del Servicio Militar, es que el Oficial de Reclutamiento de San Felipe, Richard Salazar, hizo un llamado a los adolescentes aconcag\u00fcinos a revisar las listas de convocados que se publicar\u00e1n a partir del pr\u00f3ximo 15 de febrero en la Municipalidad, Carabineros de cada comuna y\/o el Cant\u00f3n de la Provincia que corresponda.<br \/>\nSeg\u00fan Salazar, el a\u00f1o pasado fueron cerca de 400 los ciudadanos nacidos en el a\u00f1o 1996, que no se presentaron al proceso de selecci\u00f3n de contingentes y que quedaron en calidad de remisos, por lo que \u201clas personas que no cumplieron con esta etapa, fueron sujeto de una denuncia en la fiscal\u00eda local y deben concurrir en el momento que se les solicite a dar cuenta el por qu\u00e9 no asistieron y ah\u00ed la fiscal\u00eda har\u00e1 el chequeo de los antecedentes para que el fiscal defina en qu\u00e9 situaci\u00f3n van a quedar\u201d, anunci\u00f3 Salazar.<br \/>\nA su vez, el oficial pretende que en esta oportunidad surja la posibilidad de aumentar tambi\u00e9n el voluntariado y asegur\u00f3 que \u201cest\u00e1n abiertas las inscripciones para todos los j\u00f3venes entre 17 y 24 a\u00f1os de edad que quieran cumplir de forma voluntaria con el Servicio Militar, hasta el 29 de Febrero, debiendo concurrir al Cant\u00f3n de Reclutamiento para materializar el tr\u00e1mite de voluntariedad\u201d, narr\u00f3.<br \/>\nLa fecha de presentaci\u00f3n de los voluntarios quedar\u00e1 para el d\u00eda 1 de marzo, mientras que aquellos j\u00f3venes que sean seleccionados a parir de las listas aleatorias deber\u00e1n presentarse el 2 de marzo.<br \/>\nSeg\u00fan dijo Salazar \u201cen esta fecha deber\u00e1n presentarse los j\u00f3venes nacidos en el a\u00f1o 1997 que fueron sorteados y que de acuerdo a la ley deben presentarse en calidad de No Voluntarios\u201d, explic\u00f3.<br \/>\nRespecto de cu\u00e1les son los argumentos que podr\u00edan esgrimir los j\u00f3venes para eximirse de su servicio militar, Salazar agreg\u00f3 que \u201csi el ciudadano se presenta con alg\u00fan inconveniente para la realizaci\u00f3n de su Servicio Militar, que pueden ser estudios, trabajo u otro problema personal que tenga para cumplir con esta obligaci\u00f3n, debe acudir con los documentos correspondientes para que la comisi\u00f3n que est\u00e1 a cargo del contingente tenga los antecedentes para dejarlo exento de su servicio\u201d, relat\u00f3.<br \/>\nSe estima que a nivel nacional, son cerca de 118 mil los adolescentes nacidos en el a\u00f1o 1997, que fueron seleccionados para cumplir con el Servicio Militar durante el 2016. Los j\u00f3venes que acepten la convocatoria deber\u00e1n efectuar su reclutamiento a partir del mes de abril y podr\u00e1n acceder a modalidades alternativas de conscripci\u00f3n. Mientras que aqu\u00e9llos que deseen excluirse del proceso tendr\u00e1n que invocar alguna de las 6 causales presentes en el art\u00edculo 42 del Decreto Ley 2.306.<\/p>\n","protected":false},"excerpt":{"rendered":"<p>Con el af\u00e1n de disminuir el alto n\u00famero de j\u00f3venes que en 2015 no se presentaron a la convocatoria para la realizaci\u00f3n del Servicio Militar, es que el Oficial de Reclutamiento de&#8230;<\/p>\n","protected":false},"author":482,"featured_media":66407,"comment_status":"open","ping_status":"open","sticky":false,"template":"","format":"standard","meta":{"advanced_seo_description":"","jetpack_seo_html_title":"","jetpack_seo_noindex":false,"_jetpack_memberships_contains_paid_content":false,"footnotes":""},"categories":[1],"tags":[],"class_list":["post-66406","post","type-post","status-publish","format-standard","has-post-thumbnail","hentry","category-cronica"],"jetpack_featured_media_url":"https:\/\/i0.wp.com\/eltrabajo.cl\/portal\/wp-content\/uploads\/2016\/02\/Canton-de-reclutamiento.jpg?fit=530%2C349&ssl=1","jetpack_sharing_enabled":true,"jetpack_likes_enabled":true,"jetpack-related-posts":[],"_links":{"self":[{"href":"https:\/\/eltrabajo.cl\/portal\/wp-json\/wp\/v2\/posts\/66406","targetHints":{"allow":["GET"]}}],"collection":[{"href":"https:\/\/eltrabajo.cl\/portal\/wp-json\/wp\/v2\/posts"}],"about":[{"href":"https:\/\/eltrabajo.cl\/portal\/wp-json\/wp\/v2\/types\/post"}],"author":[{"embeddable":true,"href":"https:\/\/eltrabajo.cl\/portal\/wp-json\/wp\/v2\/users\/482"}],"replies":[{"embeddable":true,"href":"https:\/\/eltrabajo.cl\/portal\/wp-json\/wp\/v2\/comments?post=66406"}],"version-history":[{"count":0,"href":"https:\/\/eltrabajo.cl\/portal\/wp-json\/wp\/v2\/posts\/66406\/revisions"}],"wp:featuredmedia":[{"embeddable":true,"href":"https:\/\/eltrabajo.cl\/portal\/wp-json\/wp\/v2\/media\/66407"}],"wp:attachment":[{"href":"https:\/\/eltrabajo.cl\/portal\/wp-json\/wp\/v2\/media?parent=66406"}],"wp:term":[{"taxonomy":"category","embeddable":true,"href":"https:\/\/eltrabajo.cl\/portal\/wp-json\/wp\/v2\/categories?post=66406"},{"taxonomy":"post_tag","embeddable":true,"href":"https:\/\/eltrabajo.cl\/portal\/wp-json\/wp\/v2\/tags?post=66406"}],"curies":[{"name":"wp","href":"https:\/\/api.w.org\/{rel}","templated":true}]}}