{"id":66409,"date":"2016-02-03T09:30:02","date_gmt":"2016-02-03T12:30:02","guid":{"rendered":"http:\/\/www.eltrabajo.cl\/portal\/?p=66409"},"modified":"2016-02-03T09:30:02","modified_gmt":"2016-02-03T12:30:02","slug":"descartan-construccion-de-carcel-en-aconcagua","status":"publish","type":"post","link":"https:\/\/eltrabajo.cl\/portal\/descartan-construccion-de-carcel-en-aconcagua\/","title":{"rendered":"Descartan construcci\u00f3n de c\u00e1rcel en Aconcagua"},"content":{"rendered":"<figure id=\"attachment_66410\" aria-describedby=\"caption-attachment-66410\" style=\"width: 300px\" class=\"wp-caption alignleft\"><img data-recalc-dims=\"1\" loading=\"lazy\" decoding=\"async\" class=\"wp-image-66410 size-medium\" src=\"https:\/\/i0.wp.com\/www.eltrabajo.cl\/portal\/wp-content\/uploads\/2016\/02\/Coronel-Tulio-Arce-300x199.jpg?resize=300%2C199\" alt=\"Coronel Tulio Arce Araya, Director Nacional de Gendarmer\u00eda.\" width=\"300\" height=\"199\" srcset=\"https:\/\/i0.wp.com\/eltrabajo.cl\/portal\/wp-content\/uploads\/2016\/02\/Coronel-Tulio-Arce.jpg?resize=300%2C199&amp;ssl=1 300w, https:\/\/i0.wp.com\/eltrabajo.cl\/portal\/wp-content\/uploads\/2016\/02\/Coronel-Tulio-Arce.jpg?resize=200%2C133&amp;ssl=1 200w, https:\/\/i0.wp.com\/eltrabajo.cl\/portal\/wp-content\/uploads\/2016\/02\/Coronel-Tulio-Arce.jpg?resize=226%2C150&amp;ssl=1 226w, https:\/\/i0.wp.com\/eltrabajo.cl\/portal\/wp-content\/uploads\/2016\/02\/Coronel-Tulio-Arce.jpg?resize=400%2C265&amp;ssl=1 400w, https:\/\/i0.wp.com\/eltrabajo.cl\/portal\/wp-content\/uploads\/2016\/02\/Coronel-Tulio-Arce.jpg?w=528&amp;ssl=1 528w\" sizes=\"auto, (max-width: 300px) 100vw, 300px\" \/><figcaption id=\"caption-attachment-66410\" class=\"wp-caption-text\">Coronel Tulio Arce Araya, Director Nacional de Gendarmer\u00eda.<\/figcaption><\/figure>\n<ul>\n<li><strong>Se ampliar\u00e1n los actuales recintos y se busca crear un Centro de Educaci\u00f3n y Trabajo.<\/strong><\/li>\n<\/ul>\n<p><strong>LOS ANDES.<\/strong>&#8211; Durante su visita a la ciudad de Los Andes, el Director Nacional de Gendarmer\u00eda, Coronel Tulio Arce Araya, descart\u00f3 de plano que la instituci\u00f3n este buscando un terreno para la construcci\u00f3n de una mega c\u00e1rcel en el Valle de Aconcagua, afirmando que se est\u00e1n buscando otras alternativas como la ampliaci\u00f3n de los actuales penales de Los Andes y San Felipe.<br \/>\nEl alto oficial se\u00f1al\u00f3 que ante el rechazo ciudadano que en su momento tuvo la idea de levantar un penal en el sector de Curim\u00f3n, se opt\u00f3 junto a la Serem\u00eda de Justicia de la Quinta Regi\u00f3n por buscar otras alternativas ligadas principalmente a la reinserci\u00f3n de los internos.<br \/>\nEn tal sentido explic\u00f3 que la alternativa m\u00e1s viable es la construcci\u00f3n de un Centro de Educaci\u00f3n y Trabajo donde los internos no est\u00e9n con capacidad ociosa, sino trabajando y estudiando para favorecer su reinserci\u00f3n.<br \/>\nPrecis\u00f3 que se quiere levantar primero un centro de estas caracter\u00edsticas en Quillota y luego replicar esa experiencia en el Valle de Aconcagua y para ello pidi\u00f3 aunar voluntades con las autoridades y la propia comunidad para poder encontrar un lugar adecuada para poder construirlo.<br \/>\nEl Coronel Arce remarc\u00f3 que \u201cno estamos pensando en una mega c\u00e1rcel, sino que ampliar los recintos que ya est\u00e1n habilitados, ampliar las plazas, pero nuestro gran proyecto va enfocado a crear centros de educaci\u00f3n y trabajo\u201d.<br \/>\nEn tal sentido dijo que esta ampliaci\u00f3n de los penales en Aconcagua apuntan no solo a mejorar las condiciones para los internos, sino tambi\u00e9n de los funcionarios que all\u00ed laboran.<\/p>\n","protected":false},"excerpt":{"rendered":"<p>Se ampliar\u00e1n los actuales recintos y se busca crear un Centro de Educaci\u00f3n y Trabajo. LOS ANDES.&#8211; Durante su visita a la ciudad de Los Andes, el Director Nacional de Gendarmer\u00eda, Coronel&#8230;<\/p>\n","protected":false},"author":482,"featured_media":66410,"comment_status":"open","ping_status":"open","sticky":false,"template":"","format":"standard","meta":{"advanced_seo_description":"","jetpack_seo_html_title":"","jetpack_seo_noindex":false,"_jetpack_memberships_contains_paid_content":false,"footnotes":""},"categories":[1],"tags":[],"class_list":["post-66409","post","type-post","status-publish","format-standard","has-post-thumbnail","hentry","category-cronica"],"jetpack_featured_media_url":"https:\/\/i0.wp.com\/eltrabajo.cl\/portal\/wp-content\/uploads\/2016\/02\/Coronel-Tulio-Arce.jpg?fit=528%2C350&ssl=1","jetpack_sharing_enabled":true,"jetpack_likes_enabled":true,"jetpack-related-posts":[],"_links":{"self":[{"href":"https:\/\/eltrabajo.cl\/portal\/wp-json\/wp\/v2\/posts\/66409","targetHints":{"allow":["GET"]}}],"collection":[{"href":"https:\/\/eltrabajo.cl\/portal\/wp-json\/wp\/v2\/posts"}],"about":[{"href":"https:\/\/eltrabajo.cl\/portal\/wp-json\/wp\/v2\/types\/post"}],"author":[{"embeddable":true,"href":"https:\/\/eltrabajo.cl\/portal\/wp-json\/wp\/v2\/users\/482"}],"replies":[{"embeddable":true,"href":"https:\/\/eltrabajo.cl\/portal\/wp-json\/wp\/v2\/comments?post=66409"}],"version-history":[{"count":0,"href":"https:\/\/eltrabajo.cl\/portal\/wp-json\/wp\/v2\/posts\/66409\/revisions"}],"wp:featuredmedia":[{"embeddable":true,"href":"https:\/\/eltrabajo.cl\/portal\/wp-json\/wp\/v2\/media\/66410"}],"wp:attachment":[{"href":"https:\/\/eltrabajo.cl\/portal\/wp-json\/wp\/v2\/media?parent=66409"}],"wp:term":[{"taxonomy":"category","embeddable":true,"href":"https:\/\/eltrabajo.cl\/portal\/wp-json\/wp\/v2\/categories?post=66409"},{"taxonomy":"post_tag","embeddable":true,"href":"https:\/\/eltrabajo.cl\/portal\/wp-json\/wp\/v2\/tags?post=66409"}],"curies":[{"name":"wp","href":"https:\/\/api.w.org\/{rel}","templated":true}]}}