{"id":66412,"date":"2016-02-03T09:33:56","date_gmt":"2016-02-03T12:33:56","guid":{"rendered":"http:\/\/www.eltrabajo.cl\/portal\/?p=66412"},"modified":"2016-02-03T09:33:56","modified_gmt":"2016-02-03T12:33:56","slug":"villa-las-acacias-i-con-nuevo-espacio-deportivo-y-recreativo-para-los-mas-pequenos","status":"publish","type":"post","link":"https:\/\/eltrabajo.cl\/portal\/villa-las-acacias-i-con-nuevo-espacio-deportivo-y-recreativo-para-los-mas-pequenos\/","title":{"rendered":"Villa Las Acacias I con nuevo espacio deportivo y recreativo para los m\u00e1s peque\u00f1os"},"content":{"rendered":"<figure id=\"attachment_66413\" aria-describedby=\"caption-attachment-66413\" style=\"width: 300px\" class=\"wp-caption alignleft\"><img data-recalc-dims=\"1\" loading=\"lazy\" decoding=\"async\" class=\"wp-image-66413 size-medium\" src=\"https:\/\/i0.wp.com\/www.eltrabajo.cl\/portal\/wp-content\/uploads\/2016\/02\/FOTO-3-Alcalde-de-San-Felipe-Patricio-Freire-recorrio-300x197.jpg?resize=300%2C197\" alt=\"Alcalde de San Felipe Patricio Freire recorri\u00f3 las mini-canchas ubicadas entre Abd\u00f3n Cifuentes y Francisco Viveros.\" width=\"300\" height=\"197\" srcset=\"https:\/\/i0.wp.com\/eltrabajo.cl\/portal\/wp-content\/uploads\/2016\/02\/FOTO-3-Alcalde-de-San-Felipe-Patricio-Freire-recorrio.jpg?resize=300%2C197&amp;ssl=1 300w, https:\/\/i0.wp.com\/eltrabajo.cl\/portal\/wp-content\/uploads\/2016\/02\/FOTO-3-Alcalde-de-San-Felipe-Patricio-Freire-recorrio.jpg?resize=200%2C131&amp;ssl=1 200w, https:\/\/i0.wp.com\/eltrabajo.cl\/portal\/wp-content\/uploads\/2016\/02\/FOTO-3-Alcalde-de-San-Felipe-Patricio-Freire-recorrio.jpg?resize=228%2C150&amp;ssl=1 228w, https:\/\/i0.wp.com\/eltrabajo.cl\/portal\/wp-content\/uploads\/2016\/02\/FOTO-3-Alcalde-de-San-Felipe-Patricio-Freire-recorrio.jpg?resize=400%2C263&amp;ssl=1 400w, https:\/\/i0.wp.com\/eltrabajo.cl\/portal\/wp-content\/uploads\/2016\/02\/FOTO-3-Alcalde-de-San-Felipe-Patricio-Freire-recorrio.jpg?w=530&amp;ssl=1 530w\" sizes=\"auto, (max-width: 300px) 100vw, 300px\" \/><figcaption id=\"caption-attachment-66413\" class=\"wp-caption-text\">Alcalde de San Felipe Patricio Freire recorri\u00f3 las mini-canchas ubicadas entre Abd\u00f3n Cifuentes y Francisco Viveros.<\/figcaption><\/figure>\n<ul>\n<li><strong>Proyecto consider\u00f3 adem\u00e1s paisajismo, arborizaci\u00f3n, iluminaci\u00f3n ornamental, veredas y delimitaci\u00f3n urbana en bandej\u00f3n ubicado entre Abd\u00f3n Cifuentes y el pasaje Francisco Viveros, con un costo cercano a los 16 millones de pesos.<\/strong><\/li>\n<\/ul>\n<p>Una mini cancha de baby-f\u00fatbol y otra de b\u00e1squetbol, la instalaci\u00f3n de 2 meses de ping-pong de cemento, delimitaci\u00f3n urbana para impedir el paso de veh\u00edculos, veredas, iluminaci\u00f3n ornamental, paisajismo y la plantaci\u00f3n de distintas especies arb\u00f3reas, consider\u00f3 el proyecto que hermose\u00f3 el bandej\u00f3n ubicado entre Abd\u00f3n Cifuentes y el pasaje Francisco Viveros en villa Las Acacias I.<br \/>\nLos trabajos de hermoseamiento tuvieron un costo de $ 15.495.622, financiado por la Subsecretar\u00eda de Prevenci\u00f3n del delito del Ministerio del Interior y est\u00e1 enmarcado dentro del Plan de Seguridad P\u00fablica de la Municipalidad de San Felipe.<br \/>\nEl alcalde de la ciudad Patricio Freire, se dio cita en el lugar para verificar la concreci\u00f3n de una obra que constituye uno de los principales objetivos de su administraci\u00f3n y que dice relaci\u00f3n con la recuperaci\u00f3n de espacios p\u00fablicos para la comunidad.<br \/>\n\u201cMuy contento de poder ver un proyecto que est\u00e1 pr\u00f3ximo a inaugurarse, de estar con los vecinos y dirigentes, porque ac\u00e1 la asociatividad entre ellos y el municipio es muy importante para sacar adelantes estos espacios, los cuales quer\u00edan ser recuperados desde siempre, para sus hijos, para el entorno y para cambiar la calidad de vida de estos vecinos y eso hoy es una realidad\u201d, sostuvo el Edil.<br \/>\nA su vez, la presidenta de la junta de vecinos de villa Las Acacias, Jessica Leiva, valor\u00f3 la preocupaci\u00f3n que ha mostrado el municipio y las autoridades para sacarle provecho a espacios p\u00fablicos que durante mucho tiempo figuraron como sitios eriazos y afirm\u00f3 que \u201ceste es un anhelo que ten\u00edamos desde hace muchos a\u00f1os, por esas cosas de la vida en alg\u00fan momento lleg\u00f3 Barrio en Paz y ya se han mejorado tres placitas, estamos muy agradecidos del municipio de Alexis Guerrero y el programa Barrio en Paz porque nos ha cambiado mucho la vida\u201d, valor\u00f3.<br \/>\nAs\u00ed mismo Leiva describi\u00f3 cu\u00e1l fue el cambio que se efectu\u00f3 en el lugar, agregando que \u201cse supon\u00eda que en un momento esto ser\u00eda una cancha, pero no dieron las medidas, aqu\u00ed hab\u00eda solamente una losa abandonada, los ni\u00f1os colocaban piedras y s\u00ed jugaban a la pelota, pero estaba todo muy oscuro y abandonado\u201d, describi\u00f3.<br \/>\nRespecto de quienes ser\u00e1n los principales beneficiados con la construcci\u00f3n de estas canchas, la dirigente, asegur\u00f3 que \u201cest\u00e1 pensado para ni\u00f1os de 6 a\u00f1os hacia abajo, pero igual vienen otros m\u00e1s grandes y funciona s\u00faper bien\u2026desde un principio quedamos muy contentos con el proyecto que nos presentaron\u201d, dijo.<br \/>\nOtra de las vecinas del sector, Karol Saavedra, ratific\u00f3 que los vecinos est\u00e1n muy felices con la recuperaci\u00f3n de este espacio, puesto que otorga un grado mayor de tranquilidad a los padres de ni\u00f1os m\u00e1s peque\u00f1os.<br \/>\n\u201cLos ni\u00f1os ya antes que se inauguren las han probado y han disfrutado much\u00edsimo, est\u00e1n felices les hac\u00eda falta un espacio delimitado. Si bien es cierto no es para ni\u00f1os grandes, ac\u00e1 tenemos muchos ni\u00f1os menores de 12 a\u00f1os y las canchas cumplen por completo todos los requerimientos para ellos y los pap\u00e1s tenemos la tranquilidad de que est\u00e1n cerca, en un sector iluminado, estamos felices porque trabajamos en conjunto con la Junta de Vecinos y pudimos aportar ideas y finalmente el proyecto qued\u00f3 maravilloso, ahora tenemos que cuidarlo\u201d, enfatiz\u00f3 Saavedra.<br \/>\nPor su parte el Gobernador de la Provincia Eduardo Le\u00f3n, destac\u00f3 la contribuci\u00f3n que este tipo de proyectos tiene sobre el combate contra la delincuencia, argumentando que \u201csabemos que en muchos lugares la delincuencia es complejo, sobre todo con sitios eriazos, la idea es trabajar como se ha trabajado aqu\u00ed con la prevenci\u00f3n del delito, hoy gracias a un fuerte trabajo de los vecinos, con mucha participaci\u00f3n ciudadana, un excelente trabajo t\u00e9cnico del municipio y fondos del Ministerio del Interior se logra recuperar este espacio p\u00fablico y la idea es seguir trabajando junto al alcalde Freire en entornos que prevengan el delito\u201d, concluy\u00f3.<\/p>\n<div class=\"tiled-gallery type-rectangular tiled-gallery-unresized\" data-original-width=\"640\" data-carousel-extra='null' itemscope itemtype=\"http:\/\/schema.org\/ImageGallery\" > <div class=\"gallery-row\" style=\"width: 640px; height: 283px;\" data-original-width=\"640\" data-original-height=\"283\" > <div class=\"gallery-group images-1\" style=\"width: 427px; height: 283px;\" data-original-width=\"427\" data-original-height=\"283\" > <div class=\"tiled-gallery-item tiled-gallery-item-large\" itemprop=\"associatedMedia\" itemscope itemtype=\"http:\/\/schema.org\/ImageObject\"> <a href=\"https:\/\/eltrabajo.cl\/portal\/villa-las-acacias-i-con-nuevo-espacio-deportivo-y-recreativo-para-los-mas-pequenos\/foto-4-ninos-menores-de-12-anos\/\" border=\"0\" itemprop=\"url\"> <meta itemprop=\"width\" content=\"423\"> <meta itemprop=\"height\" content=\"279\"> <img decoding=\"async\" class=\"\" data-attachment-id=\"66416\" data-orig-file=\"https:\/\/eltrabajo.cl\/portal\/wp-content\/uploads\/2016\/02\/FOTO-4-Ninos-menores-de-12-anos.jpg\" data-orig-size=\"530,350\" data-comments-opened=\"1\" data-image-meta=\"{&quot;aperture&quot;:&quot;0&quot;,&quot;credit&quot;:&quot;&quot;,&quot;camera&quot;:&quot;&quot;,&quot;caption&quot;:&quot;&quot;,&quot;created_timestamp&quot;:&quot;0&quot;,&quot;copyright&quot;:&quot;Copyright 2012&quot;,&quot;focal_length&quot;:&quot;0&quot;,&quot;iso&quot;:&quot;0&quot;,&quot;shutter_speed&quot;:&quot;0&quot;,&quot;title&quot;:&quot;&quot;,&quot;orientation&quot;:&quot;0&quot;}\" data-image-title=\"FOTO 4 Ninos menores de 12 anos\" data-image-description=\"&lt;p&gt;Ni\u00f1os menores de 12 a\u00f1os son los que m\u00e1s disfrutar\u00e1n con las nuevas instalaciones deportivas y recreativas.&lt;\/p&gt; \" data-medium-file=\"https:\/\/i0.wp.com\/eltrabajo.cl\/portal\/wp-content\/uploads\/2016\/02\/FOTO-4-Ninos-menores-de-12-anos.jpg?fit=300%2C198&#038;ssl=1\" data-large-file=\"https:\/\/i0.wp.com\/eltrabajo.cl\/portal\/wp-content\/uploads\/2016\/02\/FOTO-4-Ninos-menores-de-12-anos.jpg?fit=530%2C350&#038;ssl=1\" src=\"https:\/\/i0.wp.com\/eltrabajo.cl\/portal\/wp-content\/uploads\/2016\/02\/FOTO-4-Ninos-menores-de-12-anos.jpg?w=423&#038;h=279&#038;ssl=1\" srcset=\"https:\/\/i0.wp.com\/eltrabajo.cl\/portal\/wp-content\/uploads\/2016\/02\/FOTO-4-Ninos-menores-de-12-anos.jpg?w=530&amp;ssl=1 530w, https:\/\/i0.wp.com\/eltrabajo.cl\/portal\/wp-content\/uploads\/2016\/02\/FOTO-4-Ninos-menores-de-12-anos.jpg?resize=200%2C132&amp;ssl=1 200w, https:\/\/i0.wp.com\/eltrabajo.cl\/portal\/wp-content\/uploads\/2016\/02\/FOTO-4-Ninos-menores-de-12-anos.jpg?resize=300%2C198&amp;ssl=1 300w, https:\/\/i0.wp.com\/eltrabajo.cl\/portal\/wp-content\/uploads\/2016\/02\/FOTO-4-Ninos-menores-de-12-anos.jpg?resize=227%2C150&amp;ssl=1 227w, https:\/\/i0.wp.com\/eltrabajo.cl\/portal\/wp-content\/uploads\/2016\/02\/FOTO-4-Ninos-menores-de-12-anos.jpg?resize=400%2C264&amp;ssl=1 400w\" width=\"423\" height=\"279\" loading=\"lazy\" data-original-width=\"423\" data-original-height=\"279\" itemprop=\"http:\/\/schema.org\/image\" title=\"FOTO 4 Ninos menores de 12 anos\" alt=\"Ni\u00f1os menores de 12 a\u00f1os son los que m\u00e1s disfrutar\u00e1n con las nuevas instalaciones deportivas y recreativas.\" style=\"width: 423px; height: 279px;\" \/> <\/a> <div class=\"tiled-gallery-caption\" itemprop=\"caption description\"> Ni\u00f1os menores de 12 a\u00f1os son los que m\u00e1s disfrutar\u00e1n con las nuevas instalaciones deportivas y recreativas. <\/div> <\/div> <\/div> <!-- close group --> <div class=\"gallery-group images-2\" style=\"width: 213px; height: 283px;\" data-original-width=\"213\" data-original-height=\"283\" > <div class=\"tiled-gallery-item tiled-gallery-item-small\" itemprop=\"associatedMedia\" itemscope itemtype=\"http:\/\/schema.org\/ImageObject\"> <a href=\"https:\/\/eltrabajo.cl\/portal\/villa-las-acacias-i-con-nuevo-espacio-deportivo-y-recreativo-para-los-mas-pequenos\/foto-5-una-de-las-mesas-de-ping-pong-destinada-a-la-entretencion-de-adultos-y-pequenos\/\" border=\"0\" itemprop=\"url\"> <meta itemprop=\"width\" content=\"209\"> <meta itemprop=\"height\" content=\"138\"> <img decoding=\"async\" class=\"\" data-attachment-id=\"66417\" data-orig-file=\"https:\/\/eltrabajo.cl\/portal\/wp-content\/uploads\/2016\/02\/FOTO-5-Una-de-las-mesas-de-Ping-Pong-destinada-a-la-entretencion-de-adultos-y-pequenos.jpg\" data-orig-size=\"530,348\" data-comments-opened=\"1\" data-image-meta=\"{&quot;aperture&quot;:&quot;0&quot;,&quot;credit&quot;:&quot;&quot;,&quot;camera&quot;:&quot;&quot;,&quot;caption&quot;:&quot;&quot;,&quot;created_timestamp&quot;:&quot;0&quot;,&quot;copyright&quot;:&quot;Copyright 2012&quot;,&quot;focal_length&quot;:&quot;0&quot;,&quot;iso&quot;:&quot;0&quot;,&quot;shutter_speed&quot;:&quot;0&quot;,&quot;title&quot;:&quot;&quot;,&quot;orientation&quot;:&quot;0&quot;}\" data-image-title=\"FOTO 5 Una de las mesas de Ping-Pong destinada a la entretencion de adultos y pequenos\" data-image-description=\"&lt;p&gt;Una de las mesas de Ping-Pong destinada a la entretenci\u00f3n de adultos y peque\u00f1os.&lt;\/p&gt; \" data-medium-file=\"https:\/\/i0.wp.com\/eltrabajo.cl\/portal\/wp-content\/uploads\/2016\/02\/FOTO-5-Una-de-las-mesas-de-Ping-Pong-destinada-a-la-entretencion-de-adultos-y-pequenos.jpg?fit=300%2C197&#038;ssl=1\" data-large-file=\"https:\/\/i0.wp.com\/eltrabajo.cl\/portal\/wp-content\/uploads\/2016\/02\/FOTO-5-Una-de-las-mesas-de-Ping-Pong-destinada-a-la-entretencion-de-adultos-y-pequenos.jpg?fit=530%2C348&#038;ssl=1\" src=\"https:\/\/i0.wp.com\/eltrabajo.cl\/portal\/wp-content\/uploads\/2016\/02\/FOTO-5-Una-de-las-mesas-de-Ping-Pong-destinada-a-la-entretencion-de-adultos-y-pequenos.jpg?w=209&#038;h=138&#038;ssl=1\" srcset=\"https:\/\/i0.wp.com\/eltrabajo.cl\/portal\/wp-content\/uploads\/2016\/02\/FOTO-5-Una-de-las-mesas-de-Ping-Pong-destinada-a-la-entretencion-de-adultos-y-pequenos.jpg?w=530&amp;ssl=1 530w, https:\/\/i0.wp.com\/eltrabajo.cl\/portal\/wp-content\/uploads\/2016\/02\/FOTO-5-Una-de-las-mesas-de-Ping-Pong-destinada-a-la-entretencion-de-adultos-y-pequenos.jpg?resize=200%2C131&amp;ssl=1 200w, https:\/\/i0.wp.com\/eltrabajo.cl\/portal\/wp-content\/uploads\/2016\/02\/FOTO-5-Una-de-las-mesas-de-Ping-Pong-destinada-a-la-entretencion-de-adultos-y-pequenos.jpg?resize=300%2C197&amp;ssl=1 300w, https:\/\/i0.wp.com\/eltrabajo.cl\/portal\/wp-content\/uploads\/2016\/02\/FOTO-5-Una-de-las-mesas-de-Ping-Pong-destinada-a-la-entretencion-de-adultos-y-pequenos.jpg?resize=228%2C150&amp;ssl=1 228w, https:\/\/i0.wp.com\/eltrabajo.cl\/portal\/wp-content\/uploads\/2016\/02\/FOTO-5-Una-de-las-mesas-de-Ping-Pong-destinada-a-la-entretencion-de-adultos-y-pequenos.jpg?resize=400%2C263&amp;ssl=1 400w\" width=\"209\" height=\"138\" loading=\"lazy\" data-original-width=\"209\" data-original-height=\"138\" itemprop=\"http:\/\/schema.org\/image\" title=\"FOTO 5 Una de las mesas de Ping-Pong destinada a la entretencion de adultos y pequenos\" alt=\"Una de las mesas de Ping-Pong destinada a la entretenci\u00f3n de adultos y peque\u00f1os.\" style=\"width: 209px; height: 138px;\" \/> <\/a> <div class=\"tiled-gallery-caption\" itemprop=\"caption description\"> Una de las mesas de Ping-Pong destinada a la entretenci\u00f3n de adultos y peque\u00f1os. <\/div> <\/div> <div class=\"tiled-gallery-item tiled-gallery-item-small\" itemprop=\"associatedMedia\" itemscope itemtype=\"http:\/\/schema.org\/ImageObject\"> <a href=\"https:\/\/eltrabajo.cl\/portal\/villa-las-acacias-i-con-nuevo-espacio-deportivo-y-recreativo-para-los-mas-pequenos\/foto-1-jesica-leiva-presidenta-de-la-junta-de-vecinos-las-acacias-i\/\" border=\"0\" itemprop=\"url\"> <meta itemprop=\"width\" content=\"209\"> <meta itemprop=\"height\" content=\"137\"> <img decoding=\"async\" class=\"\" data-attachment-id=\"66414\" data-orig-file=\"https:\/\/eltrabajo.cl\/portal\/wp-content\/uploads\/2016\/02\/FOTO-1-Jesica-Leiva-Presidenta-de-la-Junta-de-Vecinos-Las-Acacias-I.jpg\" data-orig-size=\"530,348\" data-comments-opened=\"1\" data-image-meta=\"{&quot;aperture&quot;:&quot;0&quot;,&quot;credit&quot;:&quot;&quot;,&quot;camera&quot;:&quot;&quot;,&quot;caption&quot;:&quot;&quot;,&quot;created_timestamp&quot;:&quot;0&quot;,&quot;copyright&quot;:&quot;Copyright 2012&quot;,&quot;focal_length&quot;:&quot;0&quot;,&quot;iso&quot;:&quot;0&quot;,&quot;shutter_speed&quot;:&quot;0&quot;,&quot;title&quot;:&quot;&quot;,&quot;orientation&quot;:&quot;0&quot;}\" data-image-title=\"FOTO 1 Jesica Leiva Presidenta de la Junta de Vecinos Las Acacias I\" data-image-description=\"&lt;p&gt;Jessica Leiva, presidenta de la Junta de Vecinos Las Acacias I.&lt;\/p&gt; \" data-medium-file=\"https:\/\/i0.wp.com\/eltrabajo.cl\/portal\/wp-content\/uploads\/2016\/02\/FOTO-1-Jesica-Leiva-Presidenta-de-la-Junta-de-Vecinos-Las-Acacias-I.jpg?fit=300%2C197&#038;ssl=1\" data-large-file=\"https:\/\/i0.wp.com\/eltrabajo.cl\/portal\/wp-content\/uploads\/2016\/02\/FOTO-1-Jesica-Leiva-Presidenta-de-la-Junta-de-Vecinos-Las-Acacias-I.jpg?fit=530%2C348&#038;ssl=1\" src=\"https:\/\/i0.wp.com\/eltrabajo.cl\/portal\/wp-content\/uploads\/2016\/02\/FOTO-1-Jesica-Leiva-Presidenta-de-la-Junta-de-Vecinos-Las-Acacias-I.jpg?w=209&#038;h=137&#038;ssl=1\" srcset=\"https:\/\/i0.wp.com\/eltrabajo.cl\/portal\/wp-content\/uploads\/2016\/02\/FOTO-1-Jesica-Leiva-Presidenta-de-la-Junta-de-Vecinos-Las-Acacias-I.jpg?w=530&amp;ssl=1 530w, https:\/\/i0.wp.com\/eltrabajo.cl\/portal\/wp-content\/uploads\/2016\/02\/FOTO-1-Jesica-Leiva-Presidenta-de-la-Junta-de-Vecinos-Las-Acacias-I.jpg?resize=200%2C131&amp;ssl=1 200w, https:\/\/i0.wp.com\/eltrabajo.cl\/portal\/wp-content\/uploads\/2016\/02\/FOTO-1-Jesica-Leiva-Presidenta-de-la-Junta-de-Vecinos-Las-Acacias-I.jpg?resize=300%2C197&amp;ssl=1 300w, https:\/\/i0.wp.com\/eltrabajo.cl\/portal\/wp-content\/uploads\/2016\/02\/FOTO-1-Jesica-Leiva-Presidenta-de-la-Junta-de-Vecinos-Las-Acacias-I.jpg?resize=228%2C150&amp;ssl=1 228w, https:\/\/i0.wp.com\/eltrabajo.cl\/portal\/wp-content\/uploads\/2016\/02\/FOTO-1-Jesica-Leiva-Presidenta-de-la-Junta-de-Vecinos-Las-Acacias-I.jpg?resize=400%2C263&amp;ssl=1 400w\" width=\"209\" height=\"137\" loading=\"lazy\" data-original-width=\"209\" data-original-height=\"137\" itemprop=\"http:\/\/schema.org\/image\" title=\"FOTO 1 Jesica Leiva Presidenta de la Junta de Vecinos Las Acacias I\" alt=\"Jessica Leiva, presidenta de la Junta de Vecinos Las Acacias I.\" style=\"width: 209px; height: 137px;\" \/> <\/a> <div class=\"tiled-gallery-caption\" itemprop=\"caption description\"> Jessica Leiva, presidenta de la Junta de Vecinos Las Acacias I. <\/div> <\/div> <\/div> <!-- close group --> <\/div> <!-- close row --> <div class=\"gallery-row\" style=\"width: 640px; height: 422px;\" data-original-width=\"640\" data-original-height=\"422\" > <div class=\"gallery-group images-1\" style=\"width: 640px; height: 422px;\" data-original-width=\"640\" data-original-height=\"422\" > <div class=\"tiled-gallery-item tiled-gallery-item-large\" itemprop=\"associatedMedia\" itemscope itemtype=\"http:\/\/schema.org\/ImageObject\"> <a href=\"https:\/\/eltrabajo.cl\/portal\/villa-las-acacias-i-con-nuevo-espacio-deportivo-y-recreativo-para-los-mas-pequenos\/foto-2-karol-saavedra-vecina-del-sector-las-acacias\/\" border=\"0\" itemprop=\"url\"> <meta itemprop=\"width\" content=\"636\"> <meta itemprop=\"height\" content=\"418\"> <img decoding=\"async\" class=\"\" data-attachment-id=\"66415\" data-orig-file=\"https:\/\/eltrabajo.cl\/portal\/wp-content\/uploads\/2016\/02\/FOTO-2-Karol-Saavedra-vecina-del-sector-Las-Acacias.jpg\" data-orig-size=\"530,348\" data-comments-opened=\"1\" data-image-meta=\"{&quot;aperture&quot;:&quot;0&quot;,&quot;credit&quot;:&quot;&quot;,&quot;camera&quot;:&quot;&quot;,&quot;caption&quot;:&quot;&quot;,&quot;created_timestamp&quot;:&quot;0&quot;,&quot;copyright&quot;:&quot;Copyright 2012&quot;,&quot;focal_length&quot;:&quot;0&quot;,&quot;iso&quot;:&quot;0&quot;,&quot;shutter_speed&quot;:&quot;0&quot;,&quot;title&quot;:&quot;&quot;,&quot;orientation&quot;:&quot;0&quot;}\" data-image-title=\"FOTO 2 Karol Saavedra vecina del sector Las Acacias\" data-image-description=\"&lt;p&gt;Karol Saavedra, vecina del sector Las Acacias.&lt;\/p&gt; \" data-medium-file=\"https:\/\/i0.wp.com\/eltrabajo.cl\/portal\/wp-content\/uploads\/2016\/02\/FOTO-2-Karol-Saavedra-vecina-del-sector-Las-Acacias.jpg?fit=300%2C197&#038;ssl=1\" data-large-file=\"https:\/\/i0.wp.com\/eltrabajo.cl\/portal\/wp-content\/uploads\/2016\/02\/FOTO-2-Karol-Saavedra-vecina-del-sector-Las-Acacias.jpg?fit=530%2C348&#038;ssl=1\" src=\"https:\/\/i0.wp.com\/eltrabajo.cl\/portal\/wp-content\/uploads\/2016\/02\/FOTO-2-Karol-Saavedra-vecina-del-sector-Las-Acacias.jpg?w=636&#038;h=418&#038;ssl=1\" srcset=\"https:\/\/i0.wp.com\/eltrabajo.cl\/portal\/wp-content\/uploads\/2016\/02\/FOTO-2-Karol-Saavedra-vecina-del-sector-Las-Acacias.jpg?w=530&amp;ssl=1 530w, https:\/\/i0.wp.com\/eltrabajo.cl\/portal\/wp-content\/uploads\/2016\/02\/FOTO-2-Karol-Saavedra-vecina-del-sector-Las-Acacias.jpg?resize=200%2C131&amp;ssl=1 200w, https:\/\/i0.wp.com\/eltrabajo.cl\/portal\/wp-content\/uploads\/2016\/02\/FOTO-2-Karol-Saavedra-vecina-del-sector-Las-Acacias.jpg?resize=300%2C197&amp;ssl=1 300w, https:\/\/i0.wp.com\/eltrabajo.cl\/portal\/wp-content\/uploads\/2016\/02\/FOTO-2-Karol-Saavedra-vecina-del-sector-Las-Acacias.jpg?resize=228%2C150&amp;ssl=1 228w, https:\/\/i0.wp.com\/eltrabajo.cl\/portal\/wp-content\/uploads\/2016\/02\/FOTO-2-Karol-Saavedra-vecina-del-sector-Las-Acacias.jpg?resize=400%2C263&amp;ssl=1 400w\" width=\"636\" height=\"418\" loading=\"lazy\" data-original-width=\"636\" data-original-height=\"418\" itemprop=\"http:\/\/schema.org\/image\" title=\"FOTO 2 Karol Saavedra vecina del sector Las Acacias\" alt=\"Karol Saavedra, vecina del sector Las Acacias.\" style=\"width: 636px; height: 418px;\" \/> <\/a> <div class=\"tiled-gallery-caption\" itemprop=\"caption description\"> Karol Saavedra, vecina del sector Las Acacias. <\/div> <\/div> <\/div> <!-- close group --> <\/div> <!-- close row --> <\/div>\n<p>&nbsp;<\/p>\n","protected":false},"excerpt":{"rendered":"<p>Proyecto consider\u00f3 adem\u00e1s paisajismo, arborizaci\u00f3n, iluminaci\u00f3n ornamental, veredas y delimitaci\u00f3n urbana en bandej\u00f3n ubicado entre Abd\u00f3n Cifuentes y el pasaje Francisco Viveros, con un costo cercano a los 16 millones de pesos&#8230;.<\/p>\n","protected":false},"author":482,"featured_media":66413,"comment_status":"open","ping_status":"open","sticky":false,"template":"","format":"standard","meta":{"advanced_seo_description":"","jetpack_seo_html_title":"","jetpack_seo_noindex":false,"_jetpack_memberships_contains_paid_content":false,"footnotes":""},"categories":[15],"tags":[],"class_list":["post-66412","post","type-post","status-publish","format-standard","has-post-thumbnail","hentry","category-comunidad"],"jetpack_featured_media_url":"https:\/\/i0.wp.com\/eltrabajo.cl\/portal\/wp-content\/uploads\/2016\/02\/FOTO-3-Alcalde-de-San-Felipe-Patricio-Freire-recorrio.jpg?fit=530%2C348&ssl=1","jetpack_sharing_enabled":true,"jetpack_likes_enabled":true,"jetpack-related-posts":[],"_links":{"self":[{"href":"https:\/\/eltrabajo.cl\/portal\/wp-json\/wp\/v2\/posts\/66412","targetHints":{"allow":["GET"]}}],"collection":[{"href":"https:\/\/eltrabajo.cl\/portal\/wp-json\/wp\/v2\/posts"}],"about":[{"href":"https:\/\/eltrabajo.cl\/portal\/wp-json\/wp\/v2\/types\/post"}],"author":[{"embeddable":true,"href":"https:\/\/eltrabajo.cl\/portal\/wp-json\/wp\/v2\/users\/482"}],"replies":[{"embeddable":true,"href":"https:\/\/eltrabajo.cl\/portal\/wp-json\/wp\/v2\/comments?post=66412"}],"version-history":[{"count":0,"href":"https:\/\/eltrabajo.cl\/portal\/wp-json\/wp\/v2\/posts\/66412\/revisions"}],"wp:featuredmedia":[{"embeddable":true,"href":"https:\/\/eltrabajo.cl\/portal\/wp-json\/wp\/v2\/media\/66413"}],"wp:attachment":[{"href":"https:\/\/eltrabajo.cl\/portal\/wp-json\/wp\/v2\/media?parent=66412"}],"wp:term":[{"taxonomy":"category","embeddable":true,"href":"https:\/\/eltrabajo.cl\/portal\/wp-json\/wp\/v2\/categories?post=66412"},{"taxonomy":"post_tag","embeddable":true,"href":"https:\/\/eltrabajo.cl\/portal\/wp-json\/wp\/v2\/tags?post=66412"}],"curies":[{"name":"wp","href":"https:\/\/api.w.org\/{rel}","templated":true}]}}