{"id":66419,"date":"2016-02-03T09:36:02","date_gmt":"2016-02-03T12:36:02","guid":{"rendered":"http:\/\/www.eltrabajo.cl\/portal\/?p=66419"},"modified":"2016-02-03T09:36:02","modified_gmt":"2016-02-03T12:36:02","slug":"mas-de-un-centenar-de-ninos-disfrutan-de-las-vacaciones-en-los-centros-para-hijos-de-mujeres-temporeras","status":"publish","type":"post","link":"https:\/\/eltrabajo.cl\/portal\/mas-de-un-centenar-de-ninos-disfrutan-de-las-vacaciones-en-los-centros-para-hijos-de-mujeres-temporeras\/","title":{"rendered":"M\u00e1s de un centenar de ni\u00f1os disfrutan de las vacaciones en los Centros para hijos de mujeres temporeras"},"content":{"rendered":"<figure id=\"attachment_66420\" aria-describedby=\"caption-attachment-66420\" style=\"width: 300px\" class=\"wp-caption alignleft\"><img data-recalc-dims=\"1\" loading=\"lazy\" decoding=\"async\" class=\"wp-image-66420 size-medium\" src=\"https:\/\/i0.wp.com\/www.eltrabajo.cl\/portal\/wp-content\/uploads\/2016\/02\/centro-madres-temporeras-1-300x198.jpg?resize=300%2C198\" alt=\"Durante todo el verano, los ni\u00f1os disfrutar\u00e1n de entretenidas actividades que est\u00e1n a cargo de un grupo de profesionales especialmente preparados. \" width=\"300\" height=\"198\" srcset=\"https:\/\/i0.wp.com\/eltrabajo.cl\/portal\/wp-content\/uploads\/2016\/02\/centro-madres-temporeras-1.jpg?resize=300%2C198&amp;ssl=1 300w, https:\/\/i0.wp.com\/eltrabajo.cl\/portal\/wp-content\/uploads\/2016\/02\/centro-madres-temporeras-1.jpg?resize=200%2C132&amp;ssl=1 200w, https:\/\/i0.wp.com\/eltrabajo.cl\/portal\/wp-content\/uploads\/2016\/02\/centro-madres-temporeras-1.jpg?resize=227%2C150&amp;ssl=1 227w, https:\/\/i0.wp.com\/eltrabajo.cl\/portal\/wp-content\/uploads\/2016\/02\/centro-madres-temporeras-1.jpg?resize=400%2C264&amp;ssl=1 400w, https:\/\/i0.wp.com\/eltrabajo.cl\/portal\/wp-content\/uploads\/2016\/02\/centro-madres-temporeras-1.jpg?w=530&amp;ssl=1 530w\" sizes=\"auto, (max-width: 300px) 100vw, 300px\" \/><figcaption id=\"caption-attachment-66420\" class=\"wp-caption-text\">Durante todo el verano, los ni\u00f1os disfrutar\u00e1n de entretenidas actividades que est\u00e1n a cargo de un grupo de profesionales especialmente preparados.<\/figcaption><\/figure>\n<ul>\n<li><strong>Este a\u00f1o el programa se desarrolla en las escuelas John Kennedy y Bernardo O\u00b4Higgins, que todav\u00eda cuenta con cupos disponibles.<\/strong><\/li>\n<\/ul>\n<p>Ciento veinte ni\u00f1os de diferentes sectores de la comuna de San Felipe est\u00e1n participando en los centros para hijos de mujeres temporeras, que este a\u00f1o se desarrollan en las escuelas John Kennedy y Bernardo O\u00b4Higgins.<br \/>\nDurante todo el verano los ni\u00f1os que participan en esta iniciativa realizan entretenidas actividades, las que est\u00e1n a cargo de un grupo de profesionales especialmente preparados.<br \/>\nPara saludar a los ni\u00f1os participantes, el viernes reci\u00e9n pasado llegaron hasta la piscina del estadio fiscal el administrador municipal, Patricio Gonz\u00e1lez junto al gobernador Eduardo Le\u00f3n, quienes les dieron la bienvenida a los ni\u00f1os y compartieron con ellos.<br \/>\n\u201cHemos venido a visitar las actividades que se est\u00e1n realizando en representaci\u00f3n del alcalde Freire. Los ni\u00f1os participan muy activa y alegremente de este programa que ejecuta el ministerio de Desarrollo Social con la colaboraci\u00f3n de la Municipalidad de San Felipe. Hoy podemos ver como los monitores y profesores disfrutan de una tarde de piscina con ellos y la idea es acompa\u00f1arlos todo el per\u00edodo en que sus padres se encuentran trabajando en la temporada de la fruta\u201d, se\u00f1al\u00f3 el administrador municipal, quien adem\u00e1s agradeci\u00f3 la confianza de los padres al dejar a sus hijos al cuidado de los monitores.<\/p>\n<figure id=\"attachment_66421\" aria-describedby=\"caption-attachment-66421\" style=\"width: 300px\" class=\"wp-caption alignright\"><img data-recalc-dims=\"1\" loading=\"lazy\" decoding=\"async\" class=\"wp-image-66421 size-medium\" src=\"https:\/\/i0.wp.com\/www.eltrabajo.cl\/portal\/wp-content\/uploads\/2016\/02\/centro-madres-temporeras-2-300x198.jpg?resize=300%2C198\" alt=\"Son 120 ni\u00f1os de diferentes sectores de San Felipe los que se vieron beneficiados por esta iniciativa que busca ser un apoyo para familias que trabajan durante la temporada estival. \" width=\"300\" height=\"198\" srcset=\"https:\/\/i0.wp.com\/eltrabajo.cl\/portal\/wp-content\/uploads\/2016\/02\/centro-madres-temporeras-2.jpg?resize=300%2C198&amp;ssl=1 300w, https:\/\/i0.wp.com\/eltrabajo.cl\/portal\/wp-content\/uploads\/2016\/02\/centro-madres-temporeras-2.jpg?resize=200%2C132&amp;ssl=1 200w, https:\/\/i0.wp.com\/eltrabajo.cl\/portal\/wp-content\/uploads\/2016\/02\/centro-madres-temporeras-2.jpg?resize=228%2C150&amp;ssl=1 228w, https:\/\/i0.wp.com\/eltrabajo.cl\/portal\/wp-content\/uploads\/2016\/02\/centro-madres-temporeras-2.jpg?resize=400%2C263&amp;ssl=1 400w, https:\/\/i0.wp.com\/eltrabajo.cl\/portal\/wp-content\/uploads\/2016\/02\/centro-madres-temporeras-2.jpg?w=530&amp;ssl=1 530w\" sizes=\"auto, (max-width: 300px) 100vw, 300px\" \/><figcaption id=\"caption-attachment-66421\" class=\"wp-caption-text\">Son 120 ni\u00f1os de diferentes sectores de San Felipe los que se vieron beneficiados por esta iniciativa que busca ser un apoyo para familias que trabajan durante la temporada estival.<\/figcaption><\/figure>\n<p>El Gobernador provincial destac\u00f3 la ejecuci\u00f3n del programa, se\u00f1alando que \u201clos hijos de madres temporeras tienen la posibilidad de tener unas bonitas vacaciones. Este es un trabajo conjunto entre el ministerio de Desarrollo Social y los municipios, por ello agradecer al alcalde Patricio Freire por el inmenso esfuerzo que hace de dar la oportunidad a nuestros ni\u00f1os y ni\u00f1as y es un programa que se ejecuta en todas las comunas de la provincia\u201d.<br \/>\nEl programa es ejecutado por el ministerio de Desarrollo Social y la Municipalidad de San Felipe y en esta comuna, este a\u00f1o se est\u00e1 ejecutando en dos establecimientos educacionales, y por petici\u00f3n del alcalde Patricio Freire, en la escuela Bernardo O\u00b4Higgins se ampli\u00f3 el cupo, por lo que las mam\u00e1s interesadas en que sus ni\u00f1os asistan, deben acercarse hasta el establecimiento con su contrato de trabajo para inscribirlos.<\/p>\n","protected":false},"excerpt":{"rendered":"<p>Este a\u00f1o el programa se desarrolla en las escuelas John Kennedy y Bernardo O\u00b4Higgins, que todav\u00eda cuenta con cupos disponibles. Ciento veinte ni\u00f1os de diferentes sectores de la comuna de San Felipe&#8230;<\/p>\n","protected":false},"author":482,"featured_media":66420,"comment_status":"open","ping_status":"open","sticky":false,"template":"","format":"standard","meta":{"advanced_seo_description":"","jetpack_seo_html_title":"","jetpack_seo_noindex":false,"_jetpack_memberships_contains_paid_content":false,"footnotes":""},"categories":[15],"tags":[],"class_list":["post-66419","post","type-post","status-publish","format-standard","has-post-thumbnail","hentry","category-comunidad"],"jetpack_featured_media_url":"https:\/\/i0.wp.com\/eltrabajo.cl\/portal\/wp-content\/uploads\/2016\/02\/centro-madres-temporeras-1.jpg?fit=530%2C350&ssl=1","jetpack_sharing_enabled":true,"jetpack_likes_enabled":true,"jetpack-related-posts":[],"_links":{"self":[{"href":"https:\/\/eltrabajo.cl\/portal\/wp-json\/wp\/v2\/posts\/66419","targetHints":{"allow":["GET"]}}],"collection":[{"href":"https:\/\/eltrabajo.cl\/portal\/wp-json\/wp\/v2\/posts"}],"about":[{"href":"https:\/\/eltrabajo.cl\/portal\/wp-json\/wp\/v2\/types\/post"}],"author":[{"embeddable":true,"href":"https:\/\/eltrabajo.cl\/portal\/wp-json\/wp\/v2\/users\/482"}],"replies":[{"embeddable":true,"href":"https:\/\/eltrabajo.cl\/portal\/wp-json\/wp\/v2\/comments?post=66419"}],"version-history":[{"count":0,"href":"https:\/\/eltrabajo.cl\/portal\/wp-json\/wp\/v2\/posts\/66419\/revisions"}],"wp:featuredmedia":[{"embeddable":true,"href":"https:\/\/eltrabajo.cl\/portal\/wp-json\/wp\/v2\/media\/66420"}],"wp:attachment":[{"href":"https:\/\/eltrabajo.cl\/portal\/wp-json\/wp\/v2\/media?parent=66419"}],"wp:term":[{"taxonomy":"category","embeddable":true,"href":"https:\/\/eltrabajo.cl\/portal\/wp-json\/wp\/v2\/categories?post=66419"},{"taxonomy":"post_tag","embeddable":true,"href":"https:\/\/eltrabajo.cl\/portal\/wp-json\/wp\/v2\/tags?post=66419"}],"curies":[{"name":"wp","href":"https:\/\/api.w.org\/{rel}","templated":true}]}}