{"id":6642,"date":"2011-11-24T08:42:48","date_gmt":"2011-11-24T12:42:48","guid":{"rendered":"http:\/\/www.eltrabajo.cl\/portal\/?p=6642"},"modified":"2011-11-24T08:42:48","modified_gmt":"2011-11-24T12:42:48","slug":"victimas-del-pumanque-deberian-recurrir-a-tribunales-por-justicia","status":"publish","type":"post","link":"https:\/\/eltrabajo.cl\/portal\/victimas-del-pumanque-deberian-recurrir-a-tribunales-por-justicia\/","title":{"rendered":"V\u00edctimas del Pumanque deber\u00edan recurrir a tribunales por justicia"},"content":{"rendered":"<figure id=\"attachment_6643\" aria-describedby=\"caption-attachment-6643\" style=\"width: 300px\" class=\"wp-caption alignleft\"><a href=\"http:\/\/www.eltrabajo.cl\/portal\/archives\/6642\/rosalindo-gonzalez\" rel=\"attachment wp-att-6643\"><img data-recalc-dims=\"1\" loading=\"lazy\" decoding=\"async\" class=\"size-medium wp-image-6643\" title=\"rosalindo gonzalez\" src=\"https:\/\/i0.wp.com\/www.eltrabajo.cl\/portal\/wp-content\/uploads\/2011\/11\/rosalindo-gonzalez-300x225.jpg?resize=300%2C225\" alt=\"\" width=\"300\" height=\"225\" srcset=\"https:\/\/i0.wp.com\/eltrabajo.cl\/portal\/wp-content\/uploads\/2011\/11\/rosalindo-gonzalez.jpg?resize=300%2C225&amp;ssl=1 300w, https:\/\/i0.wp.com\/eltrabajo.cl\/portal\/wp-content\/uploads\/2011\/11\/rosalindo-gonzalez.jpg?resize=200%2C150&amp;ssl=1 200w, https:\/\/i0.wp.com\/eltrabajo.cl\/portal\/wp-content\/uploads\/2011\/11\/rosalindo-gonzalez.jpg?resize=150%2C112&amp;ssl=1 150w, https:\/\/i0.wp.com\/eltrabajo.cl\/portal\/wp-content\/uploads\/2011\/11\/rosalindo-gonzalez.jpg?resize=400%2C300&amp;ssl=1 400w, https:\/\/i0.wp.com\/eltrabajo.cl\/portal\/wp-content\/uploads\/2011\/11\/rosalindo-gonzalez.jpg?w=600&amp;ssl=1 600w\" sizes=\"auto, (max-width: 300px) 100vw, 300px\" \/><\/a><figcaption id=\"caption-attachment-6643\" class=\"wp-caption-text\">El director provincial de Educaci\u00f3n se\u00f1al\u00f3 que los alumnos deben buscar matr\u00edcula en otros establecimientos.<\/figcaption><\/figure>\n<ul>\n<li><strong>Director provincial de Educaci\u00f3n, Rosalindo Gonz\u00e1lez, reconoci\u00f3 que el Ministerio a\u00fan no se pronuncia, pese a que los alumnos fueron literalmente sacrificados por unos equipos computacionales que por lo dem\u00e1s fueron donados por el Estado.<\/strong><\/li>\n<\/ul>\n<p>Aunque el director de Educaci\u00f3n en Aconcagua, Rosalindo Gonz\u00e1lez, hab\u00eda anunciado que el caso de los alumnos del colegio Pumanque que se vieron afectados por la cancelaci\u00f3n de su matr\u00edcula, podr\u00eda tener una respuesta de parte del ministerio hace unas semanas, lo cierto es que al parecer la soluci\u00f3n para las v\u00edctimas de esta medida no vendr\u00e1 de esa secretar\u00eda de Estado.<\/p>\n<p>Seg\u00fan explic\u00f3 Rosalindo Gonz\u00e1lez, los antecedentes fueron enviados a Santiago y esa direcci\u00f3n se encuentra en espera de la respuesta, la que podr\u00eda pasar por un proceso judicial que deber\u00edan afrontar directamente los afectados.<\/p>\n<p>\u00abEstamos esperando que Santiago nos responda, porque hay problemas serios ah\u00ed que podr\u00edan verse a nivel judicial, porque el reglamento y el contrato de prestaci\u00f3n de servicios le da la raz\u00f3n al Director y no hay ninguna cosa que diga que tiene que tenerlos para el pr\u00f3ximo a\u00f1o\u00bb.<\/p>\n<p>Seg\u00fan explica Gonz\u00e1lez, el error en este caso estuvo en que el colegio no haya informado a los apoderados en una fecha adecuada, espec\u00edficamente cuando el establecimiento ya ten\u00eda claridad que iba a recibir estos computadores y que deb\u00edan dejar una sala para estos implementos.<\/p>\n<p>La direcci\u00f3n de Educaci\u00f3n se encuentra a la espera de la respuesta de parte del ministerio en Santiago, la que ya se ha demorado bastante.<\/p>\n<p>\u00abLamentablemente hay un documento que tengo yo, que me mand\u00f3 la Secretar\u00eda, a ra\u00edz de mis requerimientos y de Santiago me dicen que hagan (los apoderados) una presentaci\u00f3n judicial, y en ese sentido corresponde a ellos hacerla\u00bb.<\/p>\n<p>Gonz\u00e1lez se\u00f1al\u00f3 que los apoderados est\u00e1n en conocimiento de las reglas y obligaciones, ya que ellos firman un documento a principios de a\u00f1o, donde no se especifica que se deba mantener la matr\u00edcula para el a\u00f1o siguiente.<\/p>\n<p>Adem\u00e1s sostuvo que aunque no exista un pronunciamiento definitivo, y a la espera de \u00e9ste, los alumnos tienen que buscar matr\u00edcula en otros establecimientos antes que finalice el proceso de admisi\u00f3n en el resto de los establecimientos de la comuna.<\/p>\n","protected":false},"excerpt":{"rendered":"<p>Director provincial de Educaci\u00f3n, Rosalindo Gonz\u00e1lez, reconoci\u00f3 que el Ministerio a\u00fan no se pronuncia, pese a que los alumnos fueron literalmente sacrificados por unos equipos computacionales que por lo dem\u00e1s fueron donados&#8230;<\/p>\n","protected":false},"author":482,"featured_media":6643,"comment_status":"open","ping_status":"open","sticky":false,"template":"","format":"standard","meta":{"advanced_seo_description":"","jetpack_seo_html_title":"","jetpack_seo_noindex":false,"_jetpack_memberships_contains_paid_content":false,"footnotes":""},"categories":[15],"tags":[],"class_list":["post-6642","post","type-post","status-publish","format-standard","has-post-thumbnail","hentry","category-comunidad"],"jetpack_featured_media_url":"https:\/\/i0.wp.com\/eltrabajo.cl\/portal\/wp-content\/uploads\/2011\/11\/rosalindo-gonzalez.jpg?fit=600%2C450&ssl=1","jetpack_sharing_enabled":true,"jetpack_likes_enabled":true,"jetpack-related-posts":[],"_links":{"self":[{"href":"https:\/\/eltrabajo.cl\/portal\/wp-json\/wp\/v2\/posts\/6642","targetHints":{"allow":["GET"]}}],"collection":[{"href":"https:\/\/eltrabajo.cl\/portal\/wp-json\/wp\/v2\/posts"}],"about":[{"href":"https:\/\/eltrabajo.cl\/portal\/wp-json\/wp\/v2\/types\/post"}],"author":[{"embeddable":true,"href":"https:\/\/eltrabajo.cl\/portal\/wp-json\/wp\/v2\/users\/482"}],"replies":[{"embeddable":true,"href":"https:\/\/eltrabajo.cl\/portal\/wp-json\/wp\/v2\/comments?post=6642"}],"version-history":[{"count":0,"href":"https:\/\/eltrabajo.cl\/portal\/wp-json\/wp\/v2\/posts\/6642\/revisions"}],"wp:featuredmedia":[{"embeddable":true,"href":"https:\/\/eltrabajo.cl\/portal\/wp-json\/wp\/v2\/media\/6643"}],"wp:attachment":[{"href":"https:\/\/eltrabajo.cl\/portal\/wp-json\/wp\/v2\/media?parent=6642"}],"wp:term":[{"taxonomy":"category","embeddable":true,"href":"https:\/\/eltrabajo.cl\/portal\/wp-json\/wp\/v2\/categories?post=6642"},{"taxonomy":"post_tag","embeddable":true,"href":"https:\/\/eltrabajo.cl\/portal\/wp-json\/wp\/v2\/tags?post=6642"}],"curies":[{"name":"wp","href":"https:\/\/api.w.org\/{rel}","templated":true}]}}