{"id":66423,"date":"2016-02-03T09:37:42","date_gmt":"2016-02-03T12:37:42","guid":{"rendered":"http:\/\/www.eltrabajo.cl\/portal\/?p=66423"},"modified":"2016-02-03T09:37:42","modified_gmt":"2016-02-03T12:37:42","slug":"entregan-detalles-de-como-acceder-al-bono-aporte-familiar-permanente-2016","status":"publish","type":"post","link":"https:\/\/eltrabajo.cl\/portal\/entregan-detalles-de-como-acceder-al-bono-aporte-familiar-permanente-2016\/","title":{"rendered":"Entregan detalles de c\u00f3mo acceder al Bono Aporte Familiar Permanente 2016"},"content":{"rendered":"<figure id=\"attachment_66424\" aria-describedby=\"caption-attachment-66424\" style=\"width: 300px\" class=\"wp-caption alignleft\"><img data-recalc-dims=\"1\" loading=\"lazy\" decoding=\"async\" class=\"wp-image-66424 size-medium\" src=\"https:\/\/i0.wp.com\/www.eltrabajo.cl\/portal\/wp-content\/uploads\/2016\/02\/FOTO-6-Marta-Saa-Jefa-Subrogante-del-Instituto-de-Prevision-Social-IPS-San-Felipe-300x197.jpg?resize=300%2C197\" alt=\"Marta Sa\u00e1, Jefa Subrogante Del IPS, San Felipe.\" width=\"300\" height=\"197\" srcset=\"https:\/\/i0.wp.com\/eltrabajo.cl\/portal\/wp-content\/uploads\/2016\/02\/FOTO-6-Marta-Saa-Jefa-Subrogante-del-Instituto-de-Prevision-Social-IPS-San-Felipe.jpg?resize=300%2C197&amp;ssl=1 300w, https:\/\/i0.wp.com\/eltrabajo.cl\/portal\/wp-content\/uploads\/2016\/02\/FOTO-6-Marta-Saa-Jefa-Subrogante-del-Instituto-de-Prevision-Social-IPS-San-Felipe.jpg?resize=200%2C131&amp;ssl=1 200w, https:\/\/i0.wp.com\/eltrabajo.cl\/portal\/wp-content\/uploads\/2016\/02\/FOTO-6-Marta-Saa-Jefa-Subrogante-del-Instituto-de-Prevision-Social-IPS-San-Felipe.jpg?resize=228%2C150&amp;ssl=1 228w, https:\/\/i0.wp.com\/eltrabajo.cl\/portal\/wp-content\/uploads\/2016\/02\/FOTO-6-Marta-Saa-Jefa-Subrogante-del-Instituto-de-Prevision-Social-IPS-San-Felipe.jpg?resize=400%2C263&amp;ssl=1 400w, https:\/\/i0.wp.com\/eltrabajo.cl\/portal\/wp-content\/uploads\/2016\/02\/FOTO-6-Marta-Saa-Jefa-Subrogante-del-Instituto-de-Prevision-Social-IPS-San-Felipe.jpg?w=530&amp;ssl=1 530w\" sizes=\"auto, (max-width: 300px) 100vw, 300px\" \/><figcaption id=\"caption-attachment-66424\" class=\"wp-caption-text\">Marta Sa\u00e1, Jefa Subrogante Del IPS, San Felipe.<\/figcaption><\/figure>\n<ul>\n<li><strong>El monto de este a\u00f1o es de 43.042 pesos y ser\u00e1 entregado por carga familiar o grupo familiar, dependiendo del tipo de beneficiario.<\/strong><\/li>\n<\/ul>\n<p>La jefa subrogante del Instituto de Previsi\u00f3n Social IPS, Marta Sa\u00e1, aport\u00f3 detalles de lo que pr\u00f3ximamente ser\u00e1 la entrega del otrora Bono Marzo, actualmente denominado Aporte Familiar Permanente.<br \/>\nSeg\u00fan Sa\u00e1, este es un beneficio de 43.042 pesos que se entrega por carga familiar o familia, al cual no se postula, sino que est\u00e1 destinado a los grupos familiares de menores ingresos, que a diciembre de 2015 recib\u00edan alg\u00fan tipo de beneficio, y explic\u00f3 que \u201cel bono se empezar\u00e1 a cancelar a partir del primero de marzo, a las personas que tienen beneficios que ya se estaban cancelando al 31 de diciembre del a\u00f1o reci\u00e9n pasado y los favorecidos corresponden a los del Chile Solidario, Ingreso \u00c9tico Familiar y subsidios familiares que estaba percibiendo a la fecha anteriormente se\u00f1ala\u201d, aclar\u00f3.<br \/>\nEl objetivo de este bono es aliviar el impacto al presupuesto familiar de los grupos sociales m\u00e1s vulnerables, ante los gastos que se presentan en ese per\u00edodo en espec\u00edfico y se estima que a nivel pa\u00eds ser\u00e1n alrededor de 1 mill\u00f3n 600 mil familias las que se vean beneficiadas con este monto, con una inversi\u00f3n estatal superior a los 141 mil millones de pesos.<\/p>\n<figure id=\"attachment_66425\" aria-describedby=\"caption-attachment-66425\" style=\"width: 300px\" class=\"wp-caption alignright\"><img data-recalc-dims=\"1\" loading=\"lazy\" decoding=\"async\" class=\"wp-image-66425 size-medium\" src=\"https:\/\/i0.wp.com\/www.eltrabajo.cl\/portal\/wp-content\/uploads\/2016\/02\/FOTO-2-Karen-Medina-Seremi-del-Trabajo-y-Prevision-Social-region-de-Valparaiso-300x197.jpg?resize=300%2C197\" alt=\"Karen Medina, Seremi del Trabajo y Previsi\u00f3n Social regi\u00f3n de Valpara\u00edso.\" width=\"300\" height=\"197\" srcset=\"https:\/\/i0.wp.com\/eltrabajo.cl\/portal\/wp-content\/uploads\/2016\/02\/FOTO-2-Karen-Medina-Seremi-del-Trabajo-y-Prevision-Social-region-de-Valparaiso.jpg?resize=300%2C197&amp;ssl=1 300w, https:\/\/i0.wp.com\/eltrabajo.cl\/portal\/wp-content\/uploads\/2016\/02\/FOTO-2-Karen-Medina-Seremi-del-Trabajo-y-Prevision-Social-region-de-Valparaiso.jpg?resize=200%2C131&amp;ssl=1 200w, https:\/\/i0.wp.com\/eltrabajo.cl\/portal\/wp-content\/uploads\/2016\/02\/FOTO-2-Karen-Medina-Seremi-del-Trabajo-y-Prevision-Social-region-de-Valparaiso.jpg?resize=228%2C150&amp;ssl=1 228w, https:\/\/i0.wp.com\/eltrabajo.cl\/portal\/wp-content\/uploads\/2016\/02\/FOTO-2-Karen-Medina-Seremi-del-Trabajo-y-Prevision-Social-region-de-Valparaiso.jpg?resize=400%2C263&amp;ssl=1 400w, https:\/\/i0.wp.com\/eltrabajo.cl\/portal\/wp-content\/uploads\/2016\/02\/FOTO-2-Karen-Medina-Seremi-del-Trabajo-y-Prevision-Social-region-de-Valparaiso.jpg?w=530&amp;ssl=1 530w\" sizes=\"auto, (max-width: 300px) 100vw, 300px\" \/><figcaption id=\"caption-attachment-66425\" class=\"wp-caption-text\">Karen Medina, Seremi del Trabajo y Previsi\u00f3n Social regi\u00f3n de Valpara\u00edso.<\/figcaption><\/figure>\n<p>La Secretaria Regional Ministerial del Trabajo y Previsi\u00f3n Social, Seremi Karen Medina, record\u00f3 que el a\u00f1o pasado se entregaron m\u00e1s de 343 mil beneficios a unas 180 mil familias, agregando que \u201cse trata de un esfuerzo del programa de la Presidenta Bachelet por garantizar el fortalecimiento de la red de protecci\u00f3n social y los beneficios para las familias m\u00e1s vulnerables, de manera permanente\u201d, expuso.<br \/>\nEl Aporte Familiar Permanente ser\u00e1 entregado a los beneficiarios de Asignaci\u00f3n Familiar o maternal y del Subsidio Familiar y a las familias pertenecientes a los programas de Seguridades y Oportunidades, conocido como \u00e9tico Familiar.<br \/>\nPara aqu\u00e9llos que ya reciben sus pagos en el IPS, contar\u00e1n con el aporte en la fecha y lugar de pago habitual, sin necesidad de tr\u00e1mites, mientras que la cancelaci\u00f3n para los trabajadores con pago por cargas familiares que no reciben pagos habituales en el IPS, podr\u00e1n pagarse de este beneficio a partir del 14 de marzo en los locales de Caja Los H\u00e9roes. Esta personas podr\u00e1n ingresar su RUT en el sitio web www.aportefamiliar.cl y ah\u00ed conocer d\u00f3nde y cu\u00e1ndo tendr\u00e1n acceso al beneficio.<br \/>\nDe la misma forma, quienes no aparezcan como beneficiados, podr\u00e1n apelar al beneficio en dependencias del IPS o mediante el sitio web anteriormente destacado.<\/p>\n","protected":false},"excerpt":{"rendered":"<p>El monto de este a\u00f1o es de 43.042 pesos y ser\u00e1 entregado por carga familiar o grupo familiar, dependiendo del tipo de beneficiario. La jefa subrogante del Instituto de Previsi\u00f3n Social IPS,&#8230;<\/p>\n","protected":false},"author":482,"featured_media":66424,"comment_status":"open","ping_status":"open","sticky":false,"template":"","format":"standard","meta":{"advanced_seo_description":"","jetpack_seo_html_title":"","jetpack_seo_noindex":false,"_jetpack_memberships_contains_paid_content":false,"footnotes":""},"categories":[1],"tags":[],"class_list":["post-66423","post","type-post","status-publish","format-standard","has-post-thumbnail","hentry","category-cronica"],"jetpack_featured_media_url":"https:\/\/i0.wp.com\/eltrabajo.cl\/portal\/wp-content\/uploads\/2016\/02\/FOTO-6-Marta-Saa-Jefa-Subrogante-del-Instituto-de-Prevision-Social-IPS-San-Felipe.jpg?fit=530%2C348&ssl=1","jetpack_sharing_enabled":true,"jetpack_likes_enabled":true,"jetpack-related-posts":[],"_links":{"self":[{"href":"https:\/\/eltrabajo.cl\/portal\/wp-json\/wp\/v2\/posts\/66423","targetHints":{"allow":["GET"]}}],"collection":[{"href":"https:\/\/eltrabajo.cl\/portal\/wp-json\/wp\/v2\/posts"}],"about":[{"href":"https:\/\/eltrabajo.cl\/portal\/wp-json\/wp\/v2\/types\/post"}],"author":[{"embeddable":true,"href":"https:\/\/eltrabajo.cl\/portal\/wp-json\/wp\/v2\/users\/482"}],"replies":[{"embeddable":true,"href":"https:\/\/eltrabajo.cl\/portal\/wp-json\/wp\/v2\/comments?post=66423"}],"version-history":[{"count":0,"href":"https:\/\/eltrabajo.cl\/portal\/wp-json\/wp\/v2\/posts\/66423\/revisions"}],"wp:featuredmedia":[{"embeddable":true,"href":"https:\/\/eltrabajo.cl\/portal\/wp-json\/wp\/v2\/media\/66424"}],"wp:attachment":[{"href":"https:\/\/eltrabajo.cl\/portal\/wp-json\/wp\/v2\/media?parent=66423"}],"wp:term":[{"taxonomy":"category","embeddable":true,"href":"https:\/\/eltrabajo.cl\/portal\/wp-json\/wp\/v2\/categories?post=66423"},{"taxonomy":"post_tag","embeddable":true,"href":"https:\/\/eltrabajo.cl\/portal\/wp-json\/wp\/v2\/tags?post=66423"}],"curies":[{"name":"wp","href":"https:\/\/api.w.org\/{rel}","templated":true}]}}