{"id":66427,"date":"2016-02-03T09:39:07","date_gmt":"2016-02-03T12:39:07","guid":{"rendered":"http:\/\/www.eltrabajo.cl\/portal\/?p=66427"},"modified":"2016-02-03T09:39:07","modified_gmt":"2016-02-03T12:39:07","slug":"presidente-coordinadora-tres-rios-hector-fuentealba-la-dictadura-comunal-y-los-egocentrismos-en-putaendo-estan-frenando-la-oposicion-a-las-mineras","status":"publish","type":"post","link":"https:\/\/eltrabajo.cl\/portal\/presidente-coordinadora-tres-rios-hector-fuentealba-la-dictadura-comunal-y-los-egocentrismos-en-putaendo-estan-frenando-la-oposicion-a-las-mineras\/","title":{"rendered":"Presidente Coordinadora Tres R\u00edos H\u00e9ctor Fuentealba: \u00abLa dictadura comunal y los egocentrismos en Putaendo est\u00e1n frenando la oposici\u00f3n a las mineras\u00bb"},"content":{"rendered":"<figure id=\"attachment_66428\" aria-describedby=\"caption-attachment-66428\" style=\"width: 300px\" class=\"wp-caption alignleft\"><img data-recalc-dims=\"1\" loading=\"lazy\" decoding=\"async\" class=\"wp-image-66428 size-medium\" src=\"https:\/\/i0.wp.com\/www.eltrabajo.cl\/portal\/wp-content\/uploads\/2016\/02\/Hector-Fuentealba-300x198.jpg?resize=300%2C198\" alt=\"H\u00e9ctor Fuentealba, presidente de la Coordinadora Tres R\u00edos de Putaendo.\" width=\"300\" height=\"198\" srcset=\"https:\/\/i0.wp.com\/eltrabajo.cl\/portal\/wp-content\/uploads\/2016\/02\/Hector-Fuentealba.jpg?resize=300%2C198&amp;ssl=1 300w, https:\/\/i0.wp.com\/eltrabajo.cl\/portal\/wp-content\/uploads\/2016\/02\/Hector-Fuentealba.jpg?resize=200%2C132&amp;ssl=1 200w, https:\/\/i0.wp.com\/eltrabajo.cl\/portal\/wp-content\/uploads\/2016\/02\/Hector-Fuentealba.jpg?resize=228%2C150&amp;ssl=1 228w, https:\/\/i0.wp.com\/eltrabajo.cl\/portal\/wp-content\/uploads\/2016\/02\/Hector-Fuentealba.jpg?resize=400%2C263&amp;ssl=1 400w, https:\/\/i0.wp.com\/eltrabajo.cl\/portal\/wp-content\/uploads\/2016\/02\/Hector-Fuentealba.jpg?w=530&amp;ssl=1 530w\" sizes=\"auto, (max-width: 300px) 100vw, 300px\" \/><figcaption id=\"caption-attachment-66428\" class=\"wp-caption-text\">H\u00e9ctor Fuentealba, presidente de la Coordinadora Tres R\u00edos de Putaendo.<\/figcaption><\/figure>\n<ul>\n<li><strong>El dirigente H\u00e9ctor Fuentealba sostuvo que enviaron algunas cartas de emplazamiento a las autoridades para que emprendieran las acciones legales correspondientes para detener el avance de las grandes mineras en la comuna, las que no han sido escuchadas por los ediles de Putaendo.<\/strong><\/li>\n<\/ul>\n<p><strong>PUTAENDO.<\/strong>&#8211; Una dura acusaci\u00f3n lanz\u00f3 este martes el Presidente de la Coordinadora Tres R\u00edos de Putaendo, H\u00e9ctor Fuentealba, quien asegur\u00f3 que las autoridades de Putaendo y tambi\u00e9n los parlamentarios de la zona han guardado un \u2018silencio c\u00f3mplice\u2019 ante la oposici\u00f3n de la comunidad a la llegada de proyectos mineros al interior de Los Patos, derivando a su juicio la responsabilidad de defenderse a las organizaciones y vecinos de Putaendo.<br \/>\nEn entrevista concedida a Radio FM Vida, Fuentealba declar\u00f3 que enviaron una carta de emplazamiento a las autoridades para emprender acciones legales a favor del pueblo de Putaendo y contra la empresa canadiense Andes Copper, petici\u00f3n que de acuerdo a sus palabras, no ha tenido o\u00eddos en los representantes de la comunidad.<br \/>\nFrente a esto, el dirigente calific\u00f3 la situaci\u00f3n como un hecho generado por una dictadura comunal y un auge de egocentrismos que ha contribuido a frenar la oposici\u00f3n al avance de las grandes mineras, responsabilizando directamente a la Municipalidad de Putaendo y a la Junta de Vigilancia del R\u00edo Putaendo.<br \/>\n\u00abEs muy lamentable que el gobierno comunal y la Junta de Vigilancia todav\u00eda no den curso a una acci\u00f3n judicial poniendo en ejercicio el derecho de los ciudadanos de Putaendo y cumpliendo la funci\u00f3n que tienen las autoridades de defender al pueblo, no para coludirse ni para hacerse los lesos y dilatar estas situaciones. Nosotros tenemos una carta de emplazamiento y el municipio a\u00fan no le da curso, entonces a nosotros nos preocupa eso por el silencio que existe y por el hecho que no se est\u00e1n haciendo las gestiones que se deben hacer \u00bfPor qu\u00e9 nosotros tenemos que estar auto defendi\u00e9ndonos para representar a quince mil habitantes de Putaendo y los que deben hacerlo no lo hacen? Eso tiene relaci\u00f3n con la dictadura, los egocentrismos y el clasismo que hoy estamos viendo en Putaendo\u00bb, sentenci\u00f3 H\u00e9ctor Fuentealba.<br \/>\n<strong>Patricio Gallardo M.<\/strong><\/p>\n","protected":false},"excerpt":{"rendered":"<p>El dirigente H\u00e9ctor Fuentealba sostuvo que enviaron algunas cartas de emplazamiento a las autoridades para que emprendieran las acciones legales correspondientes para detener el avance de las grandes mineras en la comuna,&#8230;<\/p>\n","protected":false},"author":482,"featured_media":66428,"comment_status":"open","ping_status":"open","sticky":false,"template":"","format":"standard","meta":{"advanced_seo_description":"","jetpack_seo_html_title":"","jetpack_seo_noindex":false,"_jetpack_memberships_contains_paid_content":false,"footnotes":""},"categories":[1],"tags":[],"class_list":["post-66427","post","type-post","status-publish","format-standard","has-post-thumbnail","hentry","category-cronica"],"jetpack_featured_media_url":"https:\/\/i0.wp.com\/eltrabajo.cl\/portal\/wp-content\/uploads\/2016\/02\/Hector-Fuentealba.jpg?fit=530%2C349&ssl=1","jetpack_sharing_enabled":true,"jetpack_likes_enabled":true,"jetpack-related-posts":[],"_links":{"self":[{"href":"https:\/\/eltrabajo.cl\/portal\/wp-json\/wp\/v2\/posts\/66427","targetHints":{"allow":["GET"]}}],"collection":[{"href":"https:\/\/eltrabajo.cl\/portal\/wp-json\/wp\/v2\/posts"}],"about":[{"href":"https:\/\/eltrabajo.cl\/portal\/wp-json\/wp\/v2\/types\/post"}],"author":[{"embeddable":true,"href":"https:\/\/eltrabajo.cl\/portal\/wp-json\/wp\/v2\/users\/482"}],"replies":[{"embeddable":true,"href":"https:\/\/eltrabajo.cl\/portal\/wp-json\/wp\/v2\/comments?post=66427"}],"version-history":[{"count":0,"href":"https:\/\/eltrabajo.cl\/portal\/wp-json\/wp\/v2\/posts\/66427\/revisions"}],"wp:featuredmedia":[{"embeddable":true,"href":"https:\/\/eltrabajo.cl\/portal\/wp-json\/wp\/v2\/media\/66428"}],"wp:attachment":[{"href":"https:\/\/eltrabajo.cl\/portal\/wp-json\/wp\/v2\/media?parent=66427"}],"wp:term":[{"taxonomy":"category","embeddable":true,"href":"https:\/\/eltrabajo.cl\/portal\/wp-json\/wp\/v2\/categories?post=66427"},{"taxonomy":"post_tag","embeddable":true,"href":"https:\/\/eltrabajo.cl\/portal\/wp-json\/wp\/v2\/tags?post=66427"}],"curies":[{"name":"wp","href":"https:\/\/api.w.org\/{rel}","templated":true}]}}