{"id":66430,"date":"2016-02-03T09:41:07","date_gmt":"2016-02-03T12:41:07","guid":{"rendered":"http:\/\/www.eltrabajo.cl\/portal\/?p=66430"},"modified":"2016-02-03T09:41:07","modified_gmt":"2016-02-03T12:41:07","slug":"le-presto-dinero-a-desconocido-y-resulto-lesionado-tras-golpiza-por-exigir-el-vuelto","status":"publish","type":"post","link":"https:\/\/eltrabajo.cl\/portal\/le-presto-dinero-a-desconocido-y-resulto-lesionado-tras-golpiza-por-exigir-el-vuelto\/","title":{"rendered":"Le prest\u00f3 dinero a desconocido y result\u00f3 lesionado tras golpiza por exigir el vuelto"},"content":{"rendered":"<figure id=\"attachment_66431\" aria-describedby=\"caption-attachment-66431\" style=\"width: 300px\" class=\"wp-caption alignleft\"><img data-recalc-dims=\"1\" loading=\"lazy\" decoding=\"async\" class=\"wp-image-66431 size-medium\" src=\"https:\/\/i0.wp.com\/www.eltrabajo.cl\/portal\/wp-content\/uploads\/2016\/02\/IMPUTADO-ROBO-300x197.jpg?resize=300%2C197\" alt=\"El imputado de 33 a\u00f1os de edad tras ser detenido por Carabineros fue formalizado por la Fiscal\u00eda bajo los cargos de robo con violencia. \" width=\"300\" height=\"197\" srcset=\"https:\/\/i0.wp.com\/eltrabajo.cl\/portal\/wp-content\/uploads\/2016\/02\/IMPUTADO-ROBO.jpg?resize=300%2C197&amp;ssl=1 300w, https:\/\/i0.wp.com\/eltrabajo.cl\/portal\/wp-content\/uploads\/2016\/02\/IMPUTADO-ROBO.jpg?resize=200%2C131&amp;ssl=1 200w, https:\/\/i0.wp.com\/eltrabajo.cl\/portal\/wp-content\/uploads\/2016\/02\/IMPUTADO-ROBO.jpg?resize=228%2C150&amp;ssl=1 228w, https:\/\/i0.wp.com\/eltrabajo.cl\/portal\/wp-content\/uploads\/2016\/02\/IMPUTADO-ROBO.jpg?resize=400%2C263&amp;ssl=1 400w, https:\/\/i0.wp.com\/eltrabajo.cl\/portal\/wp-content\/uploads\/2016\/02\/IMPUTADO-ROBO.jpg?w=530&amp;ssl=1 530w\" sizes=\"auto, (max-width: 300px) 100vw, 300px\" \/><figcaption id=\"caption-attachment-66431\" class=\"wp-caption-text\">El imputado de 33 a\u00f1os de edad tras ser detenido por Carabineros fue formalizado por la Fiscal\u00eda bajo los cargos de robo con violencia.<\/figcaption><\/figure>\n<ul>\n<li><strong>El episodio habr\u00eda ocurrido en horas de la madrugada del lunes en la intersecci\u00f3n de avenida Chacabuco esquina Combate de Las Coimas en San Felipe, resultando detenido un sujeto con un amplio prontuario delictivo<\/strong>.<\/li>\n<\/ul>\n<p>Tras haber realizado un acto de buena fe, un joven de 20 a\u00f1os de edad result\u00f3 lesionado al prestar dinero a un desconocido para adquirir cervezas. Despu\u00e9s de realizada la compra, el afectado exigi\u00f3 al sujeto que le entregara el vuelto del dinero, sin embargo recibi\u00f3 a cambio una golpiza y el robo de su patineta en la intersecci\u00f3n de avenida Chacabuco esquina Combate de Las Coimas en San Felipe.<br \/>\nEl hecho se habr\u00eda originado pasadas las 03:00 horas de la madrugada del lunes, en circunstancias que Carabineros recibi\u00f3 un llamado de auxilio por parte de una v\u00edctima que denunci\u00f3 un robo en dicha intersecci\u00f3n, entregando las descripciones f\u00edsicas y de vestimentas de su atacante.<br \/>\nSeg\u00fan el testimonio del joven afectado a los efectivos policiales, al encontrarse en la v\u00eda p\u00fablica, un sujeto desconocido lo habr\u00eda abordado para solicitarle dinero para adquirir cervezas, por lo que el joven le facilit\u00f3 la suma de $20.000 para comprar la bebida alcoh\u00f3lica.<br \/>\nSin embargo la v\u00edctima, tras comprobar que este sujeto realiz\u00f3 la compra, le habr\u00eda exigido la entrega del vuelto, petici\u00f3n que encoleriz\u00f3 al descarado, tomando entre sus brazos al joven para propinarle golpes de pies y pu\u00f1os y arroj\u00e1ndolo al suelo. No contento con ello, adem\u00e1s de quedarse con el dinero, se apoder\u00f3 de la patineta de propiedad de la v\u00edctima.<br \/>\nTras la denuncia a Carabineros que concurrieron al llamado de auxilio de la v\u00edctima, el imputado fue capturado a metros del lugar portando la especie avaluada en la suma de $30.000, siendo detenido en la v\u00eda p\u00fablica.<br \/>\nEn tanto, el joven afectado fue derivado hasta el Servicio de Urgencias del Hospital San Camilo de San Felipe, resultando con una contusi\u00f3n facial de car\u00e1cter leve, seg\u00fan el diagn\u00f3stico m\u00e9dico.<br \/>\nEl detenido fue individualizado como Pedro Alonso A. R. de 33 a\u00f1os de edad, quien mantiene un nutrido prontuario por delitos reiterados de Hurto, Amenazas y Robo con fuerza, siendo formalizado por la Fiscal\u00eda bajo los cargos de Robo con violencia.<br \/>\nEl Tribunal de Garant\u00eda de San Felipe asign\u00f3 un plazo de investigaci\u00f3n del caso, concediendo la libertad del imputado bajo m\u00ednimas cautelares de Firma mensual en Carabineros y Prohibici\u00f3n de acercarse a la v\u00edctima a la espera de juicio por estos hechos.<br \/>\n<strong>Pablo Salinas Sald\u00edas<\/strong><\/p>\n","protected":false},"excerpt":{"rendered":"<p>El episodio habr\u00eda ocurrido en horas de la madrugada del lunes en la intersecci\u00f3n de avenida Chacabuco esquina Combate de Las Coimas en San Felipe, resultando detenido un sujeto con un amplio&#8230;<\/p>\n","protected":false},"author":482,"featured_media":66431,"comment_status":"open","ping_status":"open","sticky":false,"template":"","format":"standard","meta":{"advanced_seo_description":"","jetpack_seo_html_title":"","jetpack_seo_noindex":false,"_jetpack_memberships_contains_paid_content":false,"footnotes":""},"categories":[21],"tags":[],"class_list":["post-66430","post","type-post","status-publish","format-standard","has-post-thumbnail","hentry","category-policial"],"jetpack_featured_media_url":"https:\/\/i0.wp.com\/eltrabajo.cl\/portal\/wp-content\/uploads\/2016\/02\/IMPUTADO-ROBO.jpg?fit=530%2C348&ssl=1","jetpack_sharing_enabled":true,"jetpack_likes_enabled":true,"jetpack-related-posts":[],"_links":{"self":[{"href":"https:\/\/eltrabajo.cl\/portal\/wp-json\/wp\/v2\/posts\/66430","targetHints":{"allow":["GET"]}}],"collection":[{"href":"https:\/\/eltrabajo.cl\/portal\/wp-json\/wp\/v2\/posts"}],"about":[{"href":"https:\/\/eltrabajo.cl\/portal\/wp-json\/wp\/v2\/types\/post"}],"author":[{"embeddable":true,"href":"https:\/\/eltrabajo.cl\/portal\/wp-json\/wp\/v2\/users\/482"}],"replies":[{"embeddable":true,"href":"https:\/\/eltrabajo.cl\/portal\/wp-json\/wp\/v2\/comments?post=66430"}],"version-history":[{"count":0,"href":"https:\/\/eltrabajo.cl\/portal\/wp-json\/wp\/v2\/posts\/66430\/revisions"}],"wp:featuredmedia":[{"embeddable":true,"href":"https:\/\/eltrabajo.cl\/portal\/wp-json\/wp\/v2\/media\/66431"}],"wp:attachment":[{"href":"https:\/\/eltrabajo.cl\/portal\/wp-json\/wp\/v2\/media?parent=66430"}],"wp:term":[{"taxonomy":"category","embeddable":true,"href":"https:\/\/eltrabajo.cl\/portal\/wp-json\/wp\/v2\/categories?post=66430"},{"taxonomy":"post_tag","embeddable":true,"href":"https:\/\/eltrabajo.cl\/portal\/wp-json\/wp\/v2\/tags?post=66430"}],"curies":[{"name":"wp","href":"https:\/\/api.w.org\/{rel}","templated":true}]}}