{"id":66436,"date":"2016-02-04T09:29:14","date_gmt":"2016-02-04T12:29:14","guid":{"rendered":"http:\/\/www.eltrabajo.cl\/portal\/?p=66436"},"modified":"2016-02-04T09:29:14","modified_gmt":"2016-02-04T12:29:14","slug":"primera-compania-de-bomberos-celebra-aniversario-106","status":"publish","type":"post","link":"https:\/\/eltrabajo.cl\/portal\/primera-compania-de-bomberos-celebra-aniversario-106\/","title":{"rendered":"Primera Compa\u00f1\u00eda de Bomberos celebra aniversario 106"},"content":{"rendered":"<figure id=\"attachment_66438\" aria-describedby=\"caption-attachment-66438\" style=\"width: 300px\" class=\"wp-caption alignleft\"><img data-recalc-dims=\"1\" loading=\"lazy\" decoding=\"async\" class=\"wp-image-66438 size-medium\" src=\"https:\/\/i0.wp.com\/www.eltrabajo.cl\/portal\/wp-content\/uploads\/2016\/02\/ANIVERSARIO-BOMBEROS-LLAY-LLAY-300x198.jpg?resize=300%2C198\" alt=\"Con diversos reconocimientos, voluntarios de la 1\u00aa Compa\u00f1\u00eda de Bomberos de Llay Llay celebraron 106 a\u00f1os de existencia.\" width=\"300\" height=\"198\" srcset=\"https:\/\/i0.wp.com\/eltrabajo.cl\/portal\/wp-content\/uploads\/2016\/02\/ANIVERSARIO-BOMBEROS-LLAY-LLAY.jpg?resize=300%2C198&amp;ssl=1 300w, https:\/\/i0.wp.com\/eltrabajo.cl\/portal\/wp-content\/uploads\/2016\/02\/ANIVERSARIO-BOMBEROS-LLAY-LLAY.jpg?resize=200%2C132&amp;ssl=1 200w, https:\/\/i0.wp.com\/eltrabajo.cl\/portal\/wp-content\/uploads\/2016\/02\/ANIVERSARIO-BOMBEROS-LLAY-LLAY.jpg?resize=228%2C150&amp;ssl=1 228w, https:\/\/i0.wp.com\/eltrabajo.cl\/portal\/wp-content\/uploads\/2016\/02\/ANIVERSARIO-BOMBEROS-LLAY-LLAY.jpg?resize=400%2C263&amp;ssl=1 400w, https:\/\/i0.wp.com\/eltrabajo.cl\/portal\/wp-content\/uploads\/2016\/02\/ANIVERSARIO-BOMBEROS-LLAY-LLAY.jpg?w=530&amp;ssl=1 530w\" sizes=\"auto, (max-width: 300px) 100vw, 300px\" \/><figcaption id=\"caption-attachment-66438\" class=\"wp-caption-text\">Con diversos reconocimientos, voluntarios de la 1\u00aa Compa\u00f1\u00eda de Bomberos de Llay Llay celebraron 106 a\u00f1os de existencia.<\/figcaption><\/figure>\n<ul>\n<li><strong>En la celebraci\u00f3n tambi\u00e9n se premi\u00f3 a \u2018Fire men\u2019 insignes.<\/strong><\/li>\n<\/ul>\n<p><strong>LLAY LLAY<\/strong>.- Relevante fue la ceremonia aniversario de la 1\u00aa Compa\u00f1\u00eda de Bomberos llaylla\u00edna. La celebraci\u00f3n fue enfocada a reconocer la trayectoria de voluntarios, entregando merecidos premios para hombres y mujeres que conforman la instituci\u00f3n con m\u00e1s credibilidad del pa\u00eds. No obstante lo anterior, la nota mayor de la ceremonia, sin duda fue el reconocimiento al Bombero Insigne Patricio Oyaneder B\u00e1ez, con m\u00e1s de 80 a\u00f1os al servicio de la comunidad.<br \/>\nEn medio de abrazos saludos y felicitaciones, \u00e9l solo tuvo palabras de agradecimiento y \u201cfelicidad de poder servir a la comunidad\u201d.<br \/>\nEn la actividad particip\u00f3 el alcalde Mario Marillanca; el consejero regional Iv\u00e1n Reyes; la concejal Margarita Puebla, compa\u00f1\u00edas de Bomberos de Santa Mar\u00eda, Putaendo, La Calera, Til Til; voluntarios y familiares, quienes celebraron los 106 a\u00f1os de la instituci\u00f3n.<\/p>\n<figure id=\"attachment_66437\" aria-describedby=\"caption-attachment-66437\" style=\"width: 300px\" class=\"wp-caption alignright\"><img data-recalc-dims=\"1\" loading=\"lazy\" decoding=\"async\" class=\"wp-image-66437 size-medium\" src=\"https:\/\/i0.wp.com\/www.eltrabajo.cl\/portal\/wp-content\/uploads\/2016\/02\/PATRICIO-OYANEDER-300x197.jpg?resize=300%2C197\" alt=\"Durante la ceremonia se reconoci\u00f3 reconocimiento al Bombero Insigne Patricio Oyaneder B\u00e1ez, con m\u00e1s de 80 a\u00f1os al servicio de la comunidad.\" width=\"300\" height=\"197\" srcset=\"https:\/\/i0.wp.com\/eltrabajo.cl\/portal\/wp-content\/uploads\/2016\/02\/PATRICIO-OYANEDER.jpg?resize=300%2C197&amp;ssl=1 300w, https:\/\/i0.wp.com\/eltrabajo.cl\/portal\/wp-content\/uploads\/2016\/02\/PATRICIO-OYANEDER.jpg?resize=200%2C131&amp;ssl=1 200w, https:\/\/i0.wp.com\/eltrabajo.cl\/portal\/wp-content\/uploads\/2016\/02\/PATRICIO-OYANEDER.jpg?resize=228%2C150&amp;ssl=1 228w, https:\/\/i0.wp.com\/eltrabajo.cl\/portal\/wp-content\/uploads\/2016\/02\/PATRICIO-OYANEDER.jpg?resize=400%2C263&amp;ssl=1 400w, https:\/\/i0.wp.com\/eltrabajo.cl\/portal\/wp-content\/uploads\/2016\/02\/PATRICIO-OYANEDER.jpg?w=530&amp;ssl=1 530w\" sizes=\"auto, (max-width: 300px) 100vw, 300px\" \/><figcaption id=\"caption-attachment-66437\" class=\"wp-caption-text\">Durante la ceremonia se reconoci\u00f3 reconocimiento al Bombero Insigne Patricio Oyaneder B\u00e1ez, con m\u00e1s de 80 a\u00f1os al servicio de la comunidad.<\/figcaption><\/figure>\n<p>El alcalde Mario Marillanca felicit\u00f3 a la Primera Compa\u00f1\u00eda en este nuevo aniversario y destac\u00f3 el trabajo incondicional por la comunidad y la importancia de seguir trabajando y fortaleciendo a la instituci\u00f3n.<br \/>\nDurante la ceremonia el secretario de la Compa\u00f1\u00eda y tambi\u00e9n concejal por Llay Llay, Mesala Gonz\u00e1lez dio lectura al acta de fundaci\u00f3n de la primera compa\u00f1\u00eda \u201cEn los salones del Club Uni\u00f3n de Llay Llay, siendo las 9:00 pm del 2 de febrero de 1910 en reuni\u00f3n presidida por el Sr. Ram\u00f3n Sazo, se reunieron la siguientes personas para formar un Cuerpo de Bomberos en Llay Llay: Cipriano Aguilar, Alberto Aguilar, Valent\u00edn Aguilar, Manuel Arancibia, Arturo Arancibia, Adri\u00e1n Arancibia, Manuel Berrios, Agust\u00edn Cabrera, Agust\u00edn Canessa, Juan Brantes, C\u00e9sar Grampasquini, Enrique Rojas, Francisco Refusta, Vicente Ram\u00edrez, Ricardo castro, Desiderio Rojas, Segundo Rojas y Manuel Sa\u00e1\u201d. La fundaci\u00f3n surge como respuesta a las necesidades de la comunidad y con el objetivo de velar por el bien colectivo.<br \/>\nLa l\u00ednea del tiempo la 1\u00aa C\u00eda. tiene huellas de hombres y mujeres, quienes por su entrega y dedicaci\u00f3n pasan a formar parte del patrimonio de la instituci\u00f3n.<br \/>\nMarianela Quevedo<\/p>\n","protected":false},"excerpt":{"rendered":"<p>En la celebraci\u00f3n tambi\u00e9n se premi\u00f3 a \u2018Fire men\u2019 insignes. LLAY LLAY.- Relevante fue la ceremonia aniversario de la 1\u00aa Compa\u00f1\u00eda de Bomberos llaylla\u00edna. La celebraci\u00f3n fue enfocada a reconocer la trayectoria&#8230;<\/p>\n","protected":false},"author":482,"featured_media":66438,"comment_status":"open","ping_status":"open","sticky":false,"template":"","format":"standard","meta":{"advanced_seo_description":"","jetpack_seo_html_title":"","jetpack_seo_noindex":false,"_jetpack_memberships_contains_paid_content":false,"footnotes":""},"categories":[1],"tags":[],"class_list":["post-66436","post","type-post","status-publish","format-standard","has-post-thumbnail","hentry","category-cronica"],"jetpack_featured_media_url":"https:\/\/i0.wp.com\/eltrabajo.cl\/portal\/wp-content\/uploads\/2016\/02\/ANIVERSARIO-BOMBEROS-LLAY-LLAY.jpg?fit=530%2C349&ssl=1","jetpack_sharing_enabled":true,"jetpack_likes_enabled":true,"jetpack-related-posts":[],"_links":{"self":[{"href":"https:\/\/eltrabajo.cl\/portal\/wp-json\/wp\/v2\/posts\/66436","targetHints":{"allow":["GET"]}}],"collection":[{"href":"https:\/\/eltrabajo.cl\/portal\/wp-json\/wp\/v2\/posts"}],"about":[{"href":"https:\/\/eltrabajo.cl\/portal\/wp-json\/wp\/v2\/types\/post"}],"author":[{"embeddable":true,"href":"https:\/\/eltrabajo.cl\/portal\/wp-json\/wp\/v2\/users\/482"}],"replies":[{"embeddable":true,"href":"https:\/\/eltrabajo.cl\/portal\/wp-json\/wp\/v2\/comments?post=66436"}],"version-history":[{"count":0,"href":"https:\/\/eltrabajo.cl\/portal\/wp-json\/wp\/v2\/posts\/66436\/revisions"}],"wp:featuredmedia":[{"embeddable":true,"href":"https:\/\/eltrabajo.cl\/portal\/wp-json\/wp\/v2\/media\/66438"}],"wp:attachment":[{"href":"https:\/\/eltrabajo.cl\/portal\/wp-json\/wp\/v2\/media?parent=66436"}],"wp:term":[{"taxonomy":"category","embeddable":true,"href":"https:\/\/eltrabajo.cl\/portal\/wp-json\/wp\/v2\/categories?post=66436"},{"taxonomy":"post_tag","embeddable":true,"href":"https:\/\/eltrabajo.cl\/portal\/wp-json\/wp\/v2\/tags?post=66436"}],"curies":[{"name":"wp","href":"https:\/\/api.w.org\/{rel}","templated":true}]}}