{"id":66440,"date":"2016-02-04T09:35:55","date_gmt":"2016-02-04T12:35:55","guid":{"rendered":"http:\/\/www.eltrabajo.cl\/portal\/?p=66440"},"modified":"2016-02-04T09:35:55","modified_gmt":"2016-02-04T12:35:55","slug":"core-aportara-recursos-para-obras-de-riego-en-el-valle-de-aconcagua","status":"publish","type":"post","link":"https:\/\/eltrabajo.cl\/portal\/core-aportara-recursos-para-obras-de-riego-en-el-valle-de-aconcagua\/","title":{"rendered":"Core aportar\u00e1 recursos para obras de riego en el Valle de Aconcagua"},"content":{"rendered":"<figure id=\"attachment_66441\" aria-describedby=\"caption-attachment-66441\" style=\"width: 300px\" class=\"wp-caption alignleft\"><img data-recalc-dims=\"1\" loading=\"lazy\" decoding=\"async\" class=\"wp-image-66441 size-medium\" src=\"https:\/\/i0.wp.com\/www.eltrabajo.cl\/portal\/wp-content\/uploads\/2016\/02\/Tranque-300x197.jpg?resize=300%2C197\" alt=\"Se trata de recursos que, a trav\u00e9s de Indap, ayudar\u00e1n a optimizar el uso del agua en la provincia.\" width=\"300\" height=\"197\" srcset=\"https:\/\/i0.wp.com\/eltrabajo.cl\/portal\/wp-content\/uploads\/2016\/02\/Tranque.jpg?resize=300%2C197&amp;ssl=1 300w, https:\/\/i0.wp.com\/eltrabajo.cl\/portal\/wp-content\/uploads\/2016\/02\/Tranque.jpg?resize=200%2C131&amp;ssl=1 200w, https:\/\/i0.wp.com\/eltrabajo.cl\/portal\/wp-content\/uploads\/2016\/02\/Tranque.jpg?resize=228%2C150&amp;ssl=1 228w, https:\/\/i0.wp.com\/eltrabajo.cl\/portal\/wp-content\/uploads\/2016\/02\/Tranque.jpg?resize=400%2C263&amp;ssl=1 400w, https:\/\/i0.wp.com\/eltrabajo.cl\/portal\/wp-content\/uploads\/2016\/02\/Tranque.jpg?w=530&amp;ssl=1 530w\" sizes=\"auto, (max-width: 300px) 100vw, 300px\" \/><figcaption id=\"caption-attachment-66441\" class=\"wp-caption-text\">Se trata de recursos que, a trav\u00e9s de Indap, ayudar\u00e1n a optimizar el uso del agua en la provincia.<\/figcaption><\/figure>\n<ul>\n<li><strong>Una de ellas dice relaci\u00f3n con la ampliaci\u00f3n de un tranque en Los Chacayes.<\/strong><\/li>\n<\/ul>\n<p><strong>LOS ANDES.<\/strong>&#8211; La Consejera Regional Sandra Miranda confirm\u00f3 que para este a\u00f1o el Consejo Regional transferir\u00e1 a Indap cerca de 3 mil millones de pesos para desarrollar obras de riego en la regi\u00f3n y buena parte de estos recursos estar\u00e1n destinados al Valle de Aconcagua.<br \/>\n\u201cEstamos trabajando en eso junto a los municipios, los Prodesal y a los usuarios, para ver de qu\u00e9 forma podemos revestir canales y recuperar tranques\u201d, expres\u00f3 Miranda.<br \/>\nEn cuanto a las necesidades de la provincia, la Consejera dijo que est\u00e1n trabajando con la comunidad de Los Chacayes para ver la posibilidad de ampliar un tranque que existe en la localidad, \u201cpor lo que se hizo una visita a terreno y esperamos poder ayudarles con los recursos que vienen\u201d.<br \/>\n\u201cTambi\u00e9n estamos viendo la posibilidad de trabajar un convenio con la Comisi\u00f3n Nacional de Riego, para poder focalizarlo en los peque\u00f1os y medianos empresarios usuarios de Indap para que puedan tecnificar sus riegos, dado que el recursos h\u00eddrico est\u00e1 siendo cada vez m\u00e1s escaso, independiente que hoy estamos en \u00e9poca de bonanza, por eso hay que ejecutar todas las obras necesarias para poder asegurar el riego para la agricultura\u201d, sostuvo la consejera.<\/p>\n","protected":false},"excerpt":{"rendered":"<p>Una de ellas dice relaci\u00f3n con la ampliaci\u00f3n de un tranque en Los Chacayes. LOS ANDES.&#8211; La Consejera Regional Sandra Miranda confirm\u00f3 que para este a\u00f1o el Consejo Regional transferir\u00e1 a Indap&#8230;<\/p>\n","protected":false},"author":482,"featured_media":66441,"comment_status":"open","ping_status":"open","sticky":false,"template":"","format":"standard","meta":{"advanced_seo_description":"","jetpack_seo_html_title":"","jetpack_seo_noindex":false,"_jetpack_memberships_contains_paid_content":false,"footnotes":""},"categories":[15],"tags":[],"class_list":["post-66440","post","type-post","status-publish","format-standard","has-post-thumbnail","hentry","category-comunidad"],"jetpack_featured_media_url":"https:\/\/i0.wp.com\/eltrabajo.cl\/portal\/wp-content\/uploads\/2016\/02\/Tranque.jpg?fit=530%2C348&ssl=1","jetpack_sharing_enabled":true,"jetpack_likes_enabled":true,"jetpack-related-posts":[],"_links":{"self":[{"href":"https:\/\/eltrabajo.cl\/portal\/wp-json\/wp\/v2\/posts\/66440","targetHints":{"allow":["GET"]}}],"collection":[{"href":"https:\/\/eltrabajo.cl\/portal\/wp-json\/wp\/v2\/posts"}],"about":[{"href":"https:\/\/eltrabajo.cl\/portal\/wp-json\/wp\/v2\/types\/post"}],"author":[{"embeddable":true,"href":"https:\/\/eltrabajo.cl\/portal\/wp-json\/wp\/v2\/users\/482"}],"replies":[{"embeddable":true,"href":"https:\/\/eltrabajo.cl\/portal\/wp-json\/wp\/v2\/comments?post=66440"}],"version-history":[{"count":0,"href":"https:\/\/eltrabajo.cl\/portal\/wp-json\/wp\/v2\/posts\/66440\/revisions"}],"wp:featuredmedia":[{"embeddable":true,"href":"https:\/\/eltrabajo.cl\/portal\/wp-json\/wp\/v2\/media\/66441"}],"wp:attachment":[{"href":"https:\/\/eltrabajo.cl\/portal\/wp-json\/wp\/v2\/media?parent=66440"}],"wp:term":[{"taxonomy":"category","embeddable":true,"href":"https:\/\/eltrabajo.cl\/portal\/wp-json\/wp\/v2\/categories?post=66440"},{"taxonomy":"post_tag","embeddable":true,"href":"https:\/\/eltrabajo.cl\/portal\/wp-json\/wp\/v2\/tags?post=66440"}],"curies":[{"name":"wp","href":"https:\/\/api.w.org\/{rel}","templated":true}]}}