{"id":66443,"date":"2016-02-04T09:37:21","date_gmt":"2016-02-04T12:37:21","guid":{"rendered":"http:\/\/www.eltrabajo.cl\/portal\/?p=66443"},"modified":"2016-02-04T09:37:21","modified_gmt":"2016-02-04T12:37:21","slug":"llaman-a-la-comunidad-a-incentivar-buen-trato-y-cuidado-a-los-adultos-mayores","status":"publish","type":"post","link":"https:\/\/eltrabajo.cl\/portal\/llaman-a-la-comunidad-a-incentivar-buen-trato-y-cuidado-a-los-adultos-mayores\/","title":{"rendered":"Llaman a la comunidad a incentivar buen trato y cuidado a los adultos mayores"},"content":{"rendered":"<figure id=\"attachment_66444\" aria-describedby=\"caption-attachment-66444\" style=\"width: 300px\" class=\"wp-caption alignleft\"><img data-recalc-dims=\"1\" loading=\"lazy\" decoding=\"async\" class=\"wp-image-66444 size-medium\" src=\"https:\/\/i0.wp.com\/www.eltrabajo.cl\/portal\/wp-content\/uploads\/2016\/02\/Viviana-Valle-coordinadora-regional-SENAMA-300x197.jpg?resize=300%2C197\" alt=\"Viviana Valle coordinadora regional Senama.\" width=\"300\" height=\"197\" srcset=\"https:\/\/i0.wp.com\/eltrabajo.cl\/portal\/wp-content\/uploads\/2016\/02\/Viviana-Valle-coordinadora-regional-SENAMA.jpg?resize=300%2C197&amp;ssl=1 300w, https:\/\/i0.wp.com\/eltrabajo.cl\/portal\/wp-content\/uploads\/2016\/02\/Viviana-Valle-coordinadora-regional-SENAMA.jpg?resize=200%2C131&amp;ssl=1 200w, https:\/\/i0.wp.com\/eltrabajo.cl\/portal\/wp-content\/uploads\/2016\/02\/Viviana-Valle-coordinadora-regional-SENAMA.jpg?resize=228%2C150&amp;ssl=1 228w, https:\/\/i0.wp.com\/eltrabajo.cl\/portal\/wp-content\/uploads\/2016\/02\/Viviana-Valle-coordinadora-regional-SENAMA.jpg?resize=400%2C263&amp;ssl=1 400w, https:\/\/i0.wp.com\/eltrabajo.cl\/portal\/wp-content\/uploads\/2016\/02\/Viviana-Valle-coordinadora-regional-SENAMA.jpg?w=530&amp;ssl=1 530w\" sizes=\"auto, (max-width: 300px) 100vw, 300px\" \/><figcaption id=\"caption-attachment-66444\" class=\"wp-caption-text\">Viviana Valle coordinadora regional Senama.<\/figcaption><\/figure>\n<ul>\n<li><strong>Coordinadora Regional del Servicio Nacional del Adulto Mayor (Senama) realiz\u00f3 llamado al buen trato de las personas mayores tras homicidio por omisi\u00f3n en la regi\u00f3n.<\/strong><\/li>\n<\/ul>\n<p>Un llamado a que las familias tomen conciencia de la necesidad de buen trato y cuidado de las personas mayores, independientemente de la condici\u00f3n en que se encuentren, realiz\u00f3 la coordinadora regional del Servicio Nacional del Adulto Mayor, Senama, Viviana Valle, tras conocerse la muerte de una adulta mayor de 82 a\u00f1os en la comuna de Vi\u00f1a del Mar.<br \/>\n\u201cEs lamentable las circunstancias que rodean el fallecimiento de la se\u00f1ora Mar\u00eda Sonia, que probablemente est\u00e1 asociado a una falta de cuidados y negligencia, nosotros como Servicio Nacional del Adulto Mayor estamos recabando los antecedentes para ponernos a disposici\u00f3n de colaborar con la Fiscal\u00eda en su proceso investigativo. Adem\u00e1s, hacer un llamado a las familias, que son las principales responsables del cuidado de las personas mayores y a las redes de la comunidad en general, que hoy es imperante que todos nos hagamos cargo de los mayores que se encuentren con las necesidades de cuidados espec\u00edficos\u201d, se\u00f1al\u00f3 Viviana Valle.<br \/>\nValle agreg\u00f3 que \u201cnosotros estamos recibiendo permanentemente denuncias y avisos en casos de situaciones que la misma comunidad pesquisa en torno a temas de abandono y maltrato, por lo tanto, el llamado es a denunciar y a reaccionar frente a este tipo de acontecimientos que pueden terminar con un desenlace fatal\u201d.<\/p>\n","protected":false},"excerpt":{"rendered":"<p>Coordinadora Regional del Servicio Nacional del Adulto Mayor (Senama) realiz\u00f3 llamado al buen trato de las personas mayores tras homicidio por omisi\u00f3n en la regi\u00f3n. Un llamado a que las familias tomen&#8230;<\/p>\n","protected":false},"author":482,"featured_media":66444,"comment_status":"open","ping_status":"open","sticky":false,"template":"","format":"standard","meta":{"advanced_seo_description":"","jetpack_seo_html_title":"","jetpack_seo_noindex":false,"_jetpack_memberships_contains_paid_content":false,"footnotes":""},"categories":[15],"tags":[],"class_list":["post-66443","post","type-post","status-publish","format-standard","has-post-thumbnail","hentry","category-comunidad"],"jetpack_featured_media_url":"https:\/\/i0.wp.com\/eltrabajo.cl\/portal\/wp-content\/uploads\/2016\/02\/Viviana-Valle-coordinadora-regional-SENAMA.jpg?fit=530%2C348&ssl=1","jetpack_sharing_enabled":true,"jetpack_likes_enabled":true,"jetpack-related-posts":[],"_links":{"self":[{"href":"https:\/\/eltrabajo.cl\/portal\/wp-json\/wp\/v2\/posts\/66443","targetHints":{"allow":["GET"]}}],"collection":[{"href":"https:\/\/eltrabajo.cl\/portal\/wp-json\/wp\/v2\/posts"}],"about":[{"href":"https:\/\/eltrabajo.cl\/portal\/wp-json\/wp\/v2\/types\/post"}],"author":[{"embeddable":true,"href":"https:\/\/eltrabajo.cl\/portal\/wp-json\/wp\/v2\/users\/482"}],"replies":[{"embeddable":true,"href":"https:\/\/eltrabajo.cl\/portal\/wp-json\/wp\/v2\/comments?post=66443"}],"version-history":[{"count":0,"href":"https:\/\/eltrabajo.cl\/portal\/wp-json\/wp\/v2\/posts\/66443\/revisions"}],"wp:featuredmedia":[{"embeddable":true,"href":"https:\/\/eltrabajo.cl\/portal\/wp-json\/wp\/v2\/media\/66444"}],"wp:attachment":[{"href":"https:\/\/eltrabajo.cl\/portal\/wp-json\/wp\/v2\/media?parent=66443"}],"wp:term":[{"taxonomy":"category","embeddable":true,"href":"https:\/\/eltrabajo.cl\/portal\/wp-json\/wp\/v2\/categories?post=66443"},{"taxonomy":"post_tag","embeddable":true,"href":"https:\/\/eltrabajo.cl\/portal\/wp-json\/wp\/v2\/tags?post=66443"}],"curies":[{"name":"wp","href":"https:\/\/api.w.org\/{rel}","templated":true}]}}