{"id":66447,"date":"2016-02-04T09:38:57","date_gmt":"2016-02-04T12:38:57","guid":{"rendered":"http:\/\/www.eltrabajo.cl\/portal\/?p=66447"},"modified":"2016-02-04T09:38:57","modified_gmt":"2016-02-04T12:38:57","slug":"expedicion-municipal-comprobo-existencia-de-glaciares-de-roca-mas-cerca-de-lo-catastrado-por-dga","status":"publish","type":"post","link":"https:\/\/eltrabajo.cl\/portal\/expedicion-municipal-comprobo-existencia-de-glaciares-de-roca-mas-cerca-de-lo-catastrado-por-dga\/","title":{"rendered":"Expedici\u00f3n Municipal comprob\u00f3 existencia de glaciares de roca m\u00e1s cerca de lo catastrado por DGA"},"content":{"rendered":"<figure id=\"attachment_66448\" aria-describedby=\"caption-attachment-66448\" style=\"width: 300px\" class=\"wp-caption alignleft\"><img data-recalc-dims=\"1\" loading=\"lazy\" decoding=\"async\" class=\"wp-image-66448 size-medium\" src=\"https:\/\/i0.wp.com\/www.eltrabajo.cl\/portal\/wp-content\/uploads\/2016\/02\/Expedicion-Los-patos-300x197.jpg?resize=300%2C197\" alt=\"El municipio putaendino realiz\u00f3 una expedici\u00f3n hasta los 3450 metros de altura, llegando al interior de la llamada \u2018Quebrada Colorada\u2019 donde encontraron el primer glaciar al que bautizaron como \u2018Putaendo 1\u2019.\" width=\"300\" height=\"197\" srcset=\"https:\/\/i0.wp.com\/eltrabajo.cl\/portal\/wp-content\/uploads\/2016\/02\/Expedicion-Los-patos.jpg?resize=300%2C197&amp;ssl=1 300w, https:\/\/i0.wp.com\/eltrabajo.cl\/portal\/wp-content\/uploads\/2016\/02\/Expedicion-Los-patos.jpg?resize=200%2C131&amp;ssl=1 200w, https:\/\/i0.wp.com\/eltrabajo.cl\/portal\/wp-content\/uploads\/2016\/02\/Expedicion-Los-patos.jpg?resize=228%2C150&amp;ssl=1 228w, https:\/\/i0.wp.com\/eltrabajo.cl\/portal\/wp-content\/uploads\/2016\/02\/Expedicion-Los-patos.jpg?resize=400%2C263&amp;ssl=1 400w, https:\/\/i0.wp.com\/eltrabajo.cl\/portal\/wp-content\/uploads\/2016\/02\/Expedicion-Los-patos.jpg?w=530&amp;ssl=1 530w\" sizes=\"auto, (max-width: 300px) 100vw, 300px\" \/><figcaption id=\"caption-attachment-66448\" class=\"wp-caption-text\">El municipio putaendino realiz\u00f3 una expedici\u00f3n hasta los 3450 metros de altura, llegando al interior de la llamada \u2018Quebrada Colorada\u2019 donde encontraron el primer glaciar al que bautizaron como \u2018Putaendo 1\u2019.<\/figcaption><\/figure>\n<ul>\n<li><strong>Investigaci\u00f3n sigue entregando antecedentes concretos para proteger cuenca de Putaendo. Autoridades llaman a enfrentar de forma pac\u00edfica, mesurada e inteligente la inminente instalaci\u00f3n de empresas mineras al interior de Los Patos.<\/strong><\/li>\n<\/ul>\n<p><strong>PUTAENDO.<\/strong>&#8211; Encontrar glaciares de roca a menor distancia de lo que se cre\u00eda, comprobar que siguen realizando trabajos de sondaje por parte de Andes Copper y generar documentaci\u00f3n actualizada, fueron parte de los efectos de la exitosa expedici\u00f3n cordillerana que realiz\u00f3 una comitiva encabezada por el municipio de Putaendo.<br \/>\nEl viaje que comenz\u00f3 el pasado viernes fue liderado por el asesor en temas patrimoniales y ambientales del municipio putaendino, Mauricio Quiroz, acompa\u00f1ado por el arriego y funcionario Prodesal, Carlos Lobos; Tambi\u00e9n estuvieron Manuel Venegas, documentalista y Hans Fern\u00e1ndez, ge\u00f3grafo especialista el glaciares de roca, por parte del Movimiento Socioambiental Valle de Putaendo; y dos arrieros que conoc\u00edan la zona. As\u00ed llegaron hasta los 3450 metros de altura para conocer de cerca la majestuosidad de la naturaleza. Al interior de la llamada \u2018Quebrada Colorada\u2019 encontraron el primer glaciar al que bautizaron como \u2018Putaendo 1\u2019.<br \/>\n\u201cLo significativo de esta expedici\u00f3n es que pudimos comprobar la existencia activa de glaciares de roca en una longitud oeste m\u00e1s cercana a la futura explotaci\u00f3n minera Vizcachitas y tenemos la certeza que, a lo menos, en esta cuenca tanto del Roc\u00edn y del Hidalgo deben existir como m\u00ednimo unos 100 \u00f3 105 cuerpos de hielo que se denominan glaciares de roca\u201d, expres\u00f3 Quiroz.<br \/>\nEn la tarea por contrarrestar la llegada de la gran miner\u00eda en la comuna, se realizar\u00e1n futuras expediciones para caracterizar los glaciares de roca, ver sus vol\u00famenes, saber si existen movimientos del agua de estos glaciares y precisar el valor que tienen para la hidrograf\u00eda local.<br \/>\n\u201cTodo indica que ser\u00e1 indispensable y necesario que haremos una expedici\u00f3n hacia el norte, hacia la cabecera del r\u00edo Roc\u00edn y otra hacia la cuenca del r\u00edo Hidalgo. Para nosotros fue una tremenda satisfacci\u00f3n poder comprobar algo que hab\u00edamos visto s\u00f3lo en im\u00e1genes satelitales. Muchas veces la gente se pregunta de d\u00f3nde sale agua si no hay mantos blancos de nieve. Bueno, lo que hay son glaciares, son vertientes, que en una mirada integral conforman la cuenca del R\u00edo Putaendo\u201d, destac\u00f3 el Quiroz.<\/p>\n<p><strong>PUNTOS DE VISTA DIVERGENTES<\/strong><br \/>\nPor otro lado, Mauricio Quiroz quiso contestar a algunas voces de Putaendo que creen que el municipio ha estado ausente en la lucha contra la gran miner\u00eda. El personero comunal expres\u00f3 que el municipio fue el primer actor en oponerse p\u00fablicamente a la llegada de explotaciones de envergadura en la cordillera y los primeros en apoyar la organizaci\u00f3n actividades masivas para demostrar la voluntad de los putaendinos.<br \/>\n\u201cLo concreto es que el municipio y el alcalde Guillermo Reyes, en particular, ha definido una estrategia que tiene que ver con investigar, recopilar antecedentes, disponer de estos para el momento clave en que las empresas mineras presenten sus estudios de impacto ambiental. Tenemos que hablar con fundamento, con informaci\u00f3n actualizada y, desde esa perspectiva, estas y futuras expediciones van a contribuir a aquello\u201d, destac\u00f3<br \/>\nDesde el punto de vista de futuras acciones legales, se espera tener precisi\u00f3n de los antecedentes jur\u00eddicos y cient\u00edficos para efectuarlos. De esta forma, se trabaja en diferentes estrategias donde todos son invitados a participar en una postura pac\u00edfica, tal como es la t\u00f3nica de una comuna que se ha caracterizado por dar una lucha f\u00e9rrea, pero inteligente y a cara descubierta.<br \/>\n\u201cEntendemos que es v\u00e1lido interponer recursos de protecci\u00f3n. Pero todos sabemos que los dos recursos de protecci\u00f3n interpuestos hasta ahora han sido desestimados por la Corte de Apelaciones y la empresa sigue trabajando. Nosotros constatamos que la empresa est\u00e1 haciendo sondajes en el lugar y desde esa perspectiva m\u00e1s que recursos de protecci\u00f3n, lo que se requiere es la unidad de prop\u00f3sitos en la mayor\u00eda de los putaendinos\u201d, explic\u00f3 Quiroz.<br \/>\n\u201cQueremos que eso se exprese masivamente, no s\u00f3lo en la marcha que se realiz\u00f3 en el mes de noviembre, sino en futuras actividades que el municipio y las propias organizaciones convoquen. Estamos atentos a la estrategia en pos de proteger nuestro Valle de Putaendo, pero tambi\u00e9n somos cr\u00edticos a algunas acciones, particularmente de violencia, que impiden a los ciudadanos que transiten o se desplacen libremente por nuestros caminos\u201d, concluy\u00f3 el personero.<\/p>\n","protected":false},"excerpt":{"rendered":"<p>Investigaci\u00f3n sigue entregando antecedentes concretos para proteger cuenca de Putaendo. Autoridades llaman a enfrentar de forma pac\u00edfica, mesurada e inteligente la inminente instalaci\u00f3n de empresas mineras al interior de Los Patos. PUTAENDO.&#8211;&#8230;<\/p>\n","protected":false},"author":482,"featured_media":66448,"comment_status":"open","ping_status":"open","sticky":false,"template":"","format":"standard","meta":{"advanced_seo_description":"","jetpack_seo_html_title":"","jetpack_seo_noindex":false,"_jetpack_memberships_contains_paid_content":false,"footnotes":""},"categories":[1],"tags":[],"class_list":["post-66447","post","type-post","status-publish","format-standard","has-post-thumbnail","hentry","category-cronica"],"jetpack_featured_media_url":"https:\/\/i0.wp.com\/eltrabajo.cl\/portal\/wp-content\/uploads\/2016\/02\/Expedicion-Los-patos.jpg?fit=530%2C348&ssl=1","jetpack_sharing_enabled":true,"jetpack_likes_enabled":true,"jetpack-related-posts":[],"_links":{"self":[{"href":"https:\/\/eltrabajo.cl\/portal\/wp-json\/wp\/v2\/posts\/66447","targetHints":{"allow":["GET"]}}],"collection":[{"href":"https:\/\/eltrabajo.cl\/portal\/wp-json\/wp\/v2\/posts"}],"about":[{"href":"https:\/\/eltrabajo.cl\/portal\/wp-json\/wp\/v2\/types\/post"}],"author":[{"embeddable":true,"href":"https:\/\/eltrabajo.cl\/portal\/wp-json\/wp\/v2\/users\/482"}],"replies":[{"embeddable":true,"href":"https:\/\/eltrabajo.cl\/portal\/wp-json\/wp\/v2\/comments?post=66447"}],"version-history":[{"count":0,"href":"https:\/\/eltrabajo.cl\/portal\/wp-json\/wp\/v2\/posts\/66447\/revisions"}],"wp:featuredmedia":[{"embeddable":true,"href":"https:\/\/eltrabajo.cl\/portal\/wp-json\/wp\/v2\/media\/66448"}],"wp:attachment":[{"href":"https:\/\/eltrabajo.cl\/portal\/wp-json\/wp\/v2\/media?parent=66447"}],"wp:term":[{"taxonomy":"category","embeddable":true,"href":"https:\/\/eltrabajo.cl\/portal\/wp-json\/wp\/v2\/categories?post=66447"},{"taxonomy":"post_tag","embeddable":true,"href":"https:\/\/eltrabajo.cl\/portal\/wp-json\/wp\/v2\/tags?post=66447"}],"curies":[{"name":"wp","href":"https:\/\/api.w.org\/{rel}","templated":true}]}}