{"id":66450,"date":"2016-02-04T09:40:02","date_gmt":"2016-02-04T12:40:02","guid":{"rendered":"http:\/\/www.eltrabajo.cl\/portal\/?p=66450"},"modified":"2016-02-04T09:40:02","modified_gmt":"2016-02-04T12:40:02","slug":"ejercito-de-chile-no-participaria-de-cabalgata-conmemorativa-del-ejercito-libertador","status":"publish","type":"post","link":"https:\/\/eltrabajo.cl\/portal\/ejercito-de-chile-no-participaria-de-cabalgata-conmemorativa-del-ejercito-libertador\/","title":{"rendered":"Ej\u00e9rcito de Chile no participar\u00eda de cabalgata conmemorativa del Ej\u00e9rcito Libertador"},"content":{"rendered":"<figure id=\"attachment_66451\" aria-describedby=\"caption-attachment-66451\" style=\"width: 300px\" class=\"wp-caption alignleft\"><img data-recalc-dims=\"1\" loading=\"lazy\" decoding=\"async\" class=\"wp-image-66451 size-medium\" src=\"https:\/\/i0.wp.com\/www.eltrabajo.cl\/portal\/wp-content\/uploads\/2016\/02\/Cabalgada-conmemorativa-300x198.jpg?resize=300%2C198\" alt=\"La cabalgata conmemorativa se realiza para recordar los 199 a\u00f1os de la gesta heroica del Ej\u00e9rcito Libertador que ingres\u00f3 por el paso de Los Patos en Putaendo.\" width=\"300\" height=\"198\" srcset=\"https:\/\/i0.wp.com\/eltrabajo.cl\/portal\/wp-content\/uploads\/2016\/02\/Cabalgada-conmemorativa.jpg?resize=300%2C198&amp;ssl=1 300w, https:\/\/i0.wp.com\/eltrabajo.cl\/portal\/wp-content\/uploads\/2016\/02\/Cabalgada-conmemorativa.jpg?resize=200%2C132&amp;ssl=1 200w, https:\/\/i0.wp.com\/eltrabajo.cl\/portal\/wp-content\/uploads\/2016\/02\/Cabalgada-conmemorativa.jpg?resize=227%2C150&amp;ssl=1 227w, https:\/\/i0.wp.com\/eltrabajo.cl\/portal\/wp-content\/uploads\/2016\/02\/Cabalgada-conmemorativa.jpg?resize=400%2C264&amp;ssl=1 400w, https:\/\/i0.wp.com\/eltrabajo.cl\/portal\/wp-content\/uploads\/2016\/02\/Cabalgada-conmemorativa.jpg?w=530&amp;ssl=1 530w\" sizes=\"auto, (max-width: 300px) 100vw, 300px\" \/><figcaption id=\"caption-attachment-66451\" class=\"wp-caption-text\">La cabalgata conmemorativa se realiza para recordar los 199 a\u00f1os de la gesta heroica del Ej\u00e9rcito Libertador que ingres\u00f3 por el paso de Los Patos en Putaendo.<\/figcaption><\/figure>\n<p><strong>PUTAENDO.<\/strong>&#8211; La cabalgata conmemorativa para recordar los 199 a\u00f1os de la gesta heroica del Ej\u00e9rcito Libertador, que ingres\u00f3 por el paso de Los Patos en Putaendo, este a\u00f1o no contar\u00e1 con la participaci\u00f3n del Ej\u00e9rcito de Chile.<br \/>\nPese a que no existe informaci\u00f3n de car\u00e1cter oficial, si pudimos comprobar que a lo menos hasta este d\u00eda mi\u00e9rcoles, el Ej\u00e9rcito de Chile se hab\u00eda excusado de participar de esta nueva versi\u00f3n de la cabalgata, sustentando su ausencia en el poco tiempo que tuvieron para planificar el viaje, pues reci\u00e9n a mediados de la semana pasada recibieron formalmente la invitaci\u00f3n.<br \/>\nUn hecho negativo pues justamente gran parte de la recreaci\u00f3n del paso de San Mart\u00edn y sus tropas que liberaron a Chile del yugo espa\u00f1ol.<\/p>\n<p><strong>MUNICIPIO DE PUTAENDO ATADO DE MANOS<\/strong><br \/>\nSi bien es cierto la entidad organizadora de la cabalgata es la Municipalidad de Putaendo, con financiamiento del Servicio Nacional de Turismo (Sernatur), las invitaciones para quienes integrar\u00e1n la cabalgata se definen desde la Intendencia Regional de Valpara\u00edso.<br \/>\nEstas situaciones han generado permanentes descoordinaciones como la ocurrida este a\u00f1o donde se avis\u00f3 tard\u00edamente al Ej\u00e9rcito de Chile.<br \/>\nHechos como este despiertan preocupaci\u00f3n en quienes se identifican con esta actividad, tomando en consideraci\u00f3n que el pr\u00f3ximo a\u00f1o se conmemorar\u00e1n 200 a\u00f1os del cruce del Ej\u00e9rcito Libertador y vale la pena preguntarse si estos errores continuar\u00e1n ocurriendo.<br \/>\nDebido a dudas surgidas en torno al pago a algunos arrieros y otras situaciones catalogadas como irregulares cometidas por la Intendencia de Valpara\u00edso a inicios del a\u00f1o 2014 para esta actividad, hoy es la Municipalidad de Putaendo la encargada de contratar directamente a los arrieros.<br \/>\n<strong>Patricio Gallardo M.<\/strong><\/p>\n","protected":false},"excerpt":{"rendered":"<p>PUTAENDO.&#8211; La cabalgata conmemorativa para recordar los 199 a\u00f1os de la gesta heroica del Ej\u00e9rcito Libertador, que ingres\u00f3 por el paso de Los Patos en Putaendo, este a\u00f1o no contar\u00e1 con la&#8230;<\/p>\n","protected":false},"author":482,"featured_media":66451,"comment_status":"open","ping_status":"open","sticky":false,"template":"","format":"standard","meta":{"advanced_seo_description":"","jetpack_seo_html_title":"","jetpack_seo_noindex":false,"_jetpack_memberships_contains_paid_content":false,"footnotes":""},"categories":[1],"tags":[],"class_list":["post-66450","post","type-post","status-publish","format-standard","has-post-thumbnail","hentry","category-cronica"],"jetpack_featured_media_url":"https:\/\/i0.wp.com\/eltrabajo.cl\/portal\/wp-content\/uploads\/2016\/02\/Cabalgada-conmemorativa.jpg?fit=530%2C350&ssl=1","jetpack_sharing_enabled":true,"jetpack_likes_enabled":true,"jetpack-related-posts":[],"_links":{"self":[{"href":"https:\/\/eltrabajo.cl\/portal\/wp-json\/wp\/v2\/posts\/66450","targetHints":{"allow":["GET"]}}],"collection":[{"href":"https:\/\/eltrabajo.cl\/portal\/wp-json\/wp\/v2\/posts"}],"about":[{"href":"https:\/\/eltrabajo.cl\/portal\/wp-json\/wp\/v2\/types\/post"}],"author":[{"embeddable":true,"href":"https:\/\/eltrabajo.cl\/portal\/wp-json\/wp\/v2\/users\/482"}],"replies":[{"embeddable":true,"href":"https:\/\/eltrabajo.cl\/portal\/wp-json\/wp\/v2\/comments?post=66450"}],"version-history":[{"count":0,"href":"https:\/\/eltrabajo.cl\/portal\/wp-json\/wp\/v2\/posts\/66450\/revisions"}],"wp:featuredmedia":[{"embeddable":true,"href":"https:\/\/eltrabajo.cl\/portal\/wp-json\/wp\/v2\/media\/66451"}],"wp:attachment":[{"href":"https:\/\/eltrabajo.cl\/portal\/wp-json\/wp\/v2\/media?parent=66450"}],"wp:term":[{"taxonomy":"category","embeddable":true,"href":"https:\/\/eltrabajo.cl\/portal\/wp-json\/wp\/v2\/categories?post=66450"},{"taxonomy":"post_tag","embeddable":true,"href":"https:\/\/eltrabajo.cl\/portal\/wp-json\/wp\/v2\/tags?post=66450"}],"curies":[{"name":"wp","href":"https:\/\/api.w.org\/{rel}","templated":true}]}}