{"id":66453,"date":"2016-02-04T09:43:32","date_gmt":"2016-02-04T12:43:32","guid":{"rendered":"http:\/\/www.eltrabajo.cl\/portal\/?p=66453"},"modified":"2016-02-04T09:43:32","modified_gmt":"2016-02-04T12:43:32","slug":"vecinos-de-la-troya-definen-que-su-proyecto-de-alcantarillado-se-conecte-a-la-red-de-esval","status":"publish","type":"post","link":"https:\/\/eltrabajo.cl\/portal\/vecinos-de-la-troya-definen-que-su-proyecto-de-alcantarillado-se-conecte-a-la-red-de-esval\/","title":{"rendered":"Vecinos de La Troya definen que su proyecto de alcantarillado se conecte a la red de Esval"},"content":{"rendered":"<figure id=\"attachment_66454\" aria-describedby=\"caption-attachment-66454\" style=\"width: 300px\" class=\"wp-caption alignleft\"><img data-recalc-dims=\"1\" loading=\"lazy\" decoding=\"async\" class=\"wp-image-66454 size-medium\" src=\"https:\/\/i0.wp.com\/www.eltrabajo.cl\/portal\/wp-content\/uploads\/2016\/02\/FOTO-1-HUMBERTO-GONZALEZ-PRESIDENTE-DE-LA-COOPERATIVA-DE-AGUA-POTABLE-RURAL-DE-LA-TROYA-300x198.jpg?resize=300%2C198\" alt=\"Humberto Gonz\u00e1lez, presidente de la Cooperativa de Agua Potable Rural de la Troya.\" width=\"300\" height=\"198\" srcset=\"https:\/\/i0.wp.com\/eltrabajo.cl\/portal\/wp-content\/uploads\/2016\/02\/FOTO-1-HUMBERTO-GONZALEZ-PRESIDENTE-DE-LA-COOPERATIVA-DE-AGUA-POTABLE-RURAL-DE-LA-TROYA.jpg?resize=300%2C198&amp;ssl=1 300w, https:\/\/i0.wp.com\/eltrabajo.cl\/portal\/wp-content\/uploads\/2016\/02\/FOTO-1-HUMBERTO-GONZALEZ-PRESIDENTE-DE-LA-COOPERATIVA-DE-AGUA-POTABLE-RURAL-DE-LA-TROYA.jpg?resize=200%2C132&amp;ssl=1 200w, https:\/\/i0.wp.com\/eltrabajo.cl\/portal\/wp-content\/uploads\/2016\/02\/FOTO-1-HUMBERTO-GONZALEZ-PRESIDENTE-DE-LA-COOPERATIVA-DE-AGUA-POTABLE-RURAL-DE-LA-TROYA.jpg?resize=227%2C150&amp;ssl=1 227w, https:\/\/i0.wp.com\/eltrabajo.cl\/portal\/wp-content\/uploads\/2016\/02\/FOTO-1-HUMBERTO-GONZALEZ-PRESIDENTE-DE-LA-COOPERATIVA-DE-AGUA-POTABLE-RURAL-DE-LA-TROYA.jpg?resize=400%2C264&amp;ssl=1 400w, https:\/\/i0.wp.com\/eltrabajo.cl\/portal\/wp-content\/uploads\/2016\/02\/FOTO-1-HUMBERTO-GONZALEZ-PRESIDENTE-DE-LA-COOPERATIVA-DE-AGUA-POTABLE-RURAL-DE-LA-TROYA.jpg?w=530&amp;ssl=1 530w\" sizes=\"auto, (max-width: 300px) 100vw, 300px\" \/><figcaption id=\"caption-attachment-66454\" class=\"wp-caption-text\">Humberto Gonz\u00e1lez, presidente de la Cooperativa de Agua Potable Rural de la Troya.<\/figcaption><\/figure>\n<ul>\n<li><strong>Adem\u00e1s de reducir los costos que actualmente desembolsan las familias para evacuar las aguas servidas mediante camiones limpia fosas, la red de alcantarillado permitir\u00e1 mantener sin contaminaci\u00f3n las napas subterr\u00e1neas que abastecen de agua potable el lugar.<\/strong><\/li>\n<\/ul>\n<p>Tras un a\u00f1o de trabajos y reuniones t\u00e9cnicas, el proyecto de dise\u00f1o y construcci\u00f3n de alcantarillado para el sector La Troya comienza a vivir su etapa c\u00falmine. Tras la asamblea de vecinos realizada el pasado s\u00e1bado 30 de enero, los vecinos decidieron que finalmente la recolecci\u00f3n y tratamiento de aguas servidas se realizar\u00e1 a trav\u00e9s del empalme con Esval y descartaron de plano la posibilidad de construir una planta de tratamiento de Aguas Servidas.<br \/>\nEl proyecto -que es guiado por la Secretar\u00eda de Planificaci\u00f3n Comunal, Secpla, de la Municipalidad de San Felipe- beneficiar\u00e1 a 347 familias e implicar\u00e1 una rebaja ostensible en los montos que actualmente los vecinos deben cancelar por la extracci\u00f3n de las aguas cloacales mediante camiones limpia fosas, lo que implica un gasto familiar promedio de alrededor de 150 mil pesos anuales, mientras que a trav\u00e9s de la red de Esval, la cifra no superar\u00eda los 10 mil pesos mensuales.<br \/>\nAnte esto, Humberto Gonz\u00e1les, Presidente de la Cooperativa de Agua Potable Rural, APR La Troya, agradeci\u00f3 el compromiso que ha mostrado el alcalde Freire y las autoridades para encontrar una soluci\u00f3n definitiva a la evacuaci\u00f3n de aguas contaminadas en el sector.<br \/>\n\u201cEste proyecto lleva ya casi un a\u00f1o de trabajo desde que nuestra cooperativa se acerc\u00f3 al municipio para que postul\u00e1ramos a un dise\u00f1o de alcantarillado en el sector La Troya, debido a la necesidad que exist\u00eda de obtener una soluci\u00f3n a esta problem\u00e1tica\u201d, apunt\u00f3, agregando que \u201ctrabajamos en dos alternativas, una de ellas era la creaci\u00f3n de una planta de Tratamiento y la otra era evacuar con Esval y finalmente los vecinos no quieren planta, por lo que optamos por buscar la opci\u00f3n m\u00e1s econ\u00f3mica y eso nos conlleva a trabajar con la sanitaria de la regi\u00f3n\u201d, sostuvo.<br \/>\nRespecto de que es lo que resta para continuar adelante con el proyecto, el dirigente asegur\u00f3 que \u201cahora esperamos que el tema de ingenier\u00eda se trabaje con los profesionales que est\u00e1n muy de la mano de nosotros que son Valeria Carvallo y Rodrigo Vargas, junto con la empresa Gonzalo Benavides y afinar detalles por el tema de servidumbre con algunos vecinos y as\u00ed llegar a la mejor soluci\u00f3n de alcantarillado\u201d, adujo.<br \/>\nEn relaci\u00f3n a cu\u00e1ndo esperan poder contar con la concreci\u00f3n definitiva del alcantarillado, Gonz\u00e1lez afirm\u00f3 que \u201cesperamos que ese dise\u00f1o y este proyecto est\u00e9 terminado lo antes posible para as\u00ed empezar con la etapa siguiente que es conseguir el financiamiento de estos trabajos y ojal\u00e1 tener resultados a finales del 2016\u201d, expuso.<br \/>\nSeg\u00fan Gonz\u00e1lez existe un compromiso del Gobierno Regional (Gore), a trav\u00e9s del Core (Consejero Regional) Iv\u00e1n Reyes, quien es el presidente de la comisi\u00f3n de recursos h\u00eddricos del Gore, de poder llegar lo antes posible a una soluci\u00f3n definitiva de la evacuaci\u00f3n de aguas cloacales del sector La Troya.<br \/>\nDe acuerdo a lo descrito por Rodrigo Vargas, Constructor Civil de la Secpla San Felipe, el proyecto contempla un total aproximado de 7 km de colectores distribuidos en distintos puntos de La Troya y se plantea la posibilidad de dividir la red de alcantarillado en un sector norte y otro sur, delimitados por el Estero Quilpu\u00e9. La evacuaci\u00f3n final de las aguas servidas, podr\u00eda realizarse a c\u00e1maras de alcantarillado pertenecientes a Esval ubicadas; una en la intersecci\u00f3n de calle El Convento con la ruta E-703, y la otra en el Sector Los Molles a la altura de la Poblaci\u00f3n Quilpu\u00e9.<br \/>\n\u201cInicialmente esta soluci\u00f3n se genera para un total de 347 familias, sin embargo se proyecta que para los pr\u00f3ximos 20 a\u00f1os podr\u00eda cubrir las necesidades de 2 mil a 2 mil 400 personas y aunque a\u00fan faltan afinar detalles, podr\u00eda tener una inversi\u00f3n inicial de 1600 millones de pesos para su etapa de construcci\u00f3n\u201d, describi\u00f3 el profesional.<br \/>\nRespecto de cu\u00e1l ser\u00e1 la injerencia de la Sanitaria regional y c\u00f3mo intervendr\u00e1 una vez que el proyecto se concrete, el constructor a\u00f1adi\u00f3 que \u201cest\u00e1 la posibilidad de que Esval -aunque ah\u00ed hay un tema de tarifas que estamos manejando- haga las mantenciones de las redes que se van a construir o no las haga, para poder reducir un poco los costos que significar\u00eda esto para la Cooperativa. Pero las redes en si no van a ser propiedad de Esval, van a pertenecer a la APR, la idea es que el sector La Troya siga manteniendo su estatus y m\u00e1s independiente de lo que podr\u00eda ser con la sanitaria\u201d, puntualiz\u00f3.<br \/>\nEn cuanto a los plazos que se estiman para comenzar a postular a los recursos que financien la ejecuci\u00f3n de las obras, Vargas explic\u00f3 que \u201cestamos en una etapa de dise\u00f1o donde ya tenemos trazado los colectores, pero hay que definir ahora el tema de las servidumbres de paso, ese es nuestro pr\u00f3ximo paso de acercamiento a la poblaci\u00f3n\u201d.<br \/>\nEl alcalde Patricio Freire, se mostr\u00f3 feliz de ver c\u00f3mo la comunidad logr\u00f3 llegar a un acuerdo para concretar este proyecto en conjunto con la empresa sanitaria y valor\u00f3 que \u201cen este proyecto existi\u00f3 una gran participaci\u00f3n ciudadana de todas cooperativas del APR de La Troya y decidieron una asociatividad con Esval para ya empezar el dise\u00f1o definitivo de este gran proyecto\u201d, relat\u00f3<br \/>\nAs\u00ed mismo, el edil valor\u00f3 el real beneficio que implicar\u00e1 la construcci\u00f3n de estas redes de recolecci\u00f3n de aguas servidas y manifest\u00f3 que \u201cnos sentimos contentos porque hemos trabajado varios meses en conjunto, el municipio, el Gobierno Regional y la Cooperativa, para lograr sacar adelante un proyecto que es un sue\u00f1o para los vecinos, siempre ve\u00edamos las poblaciones colapsadas por estos pozos negros y tambi\u00e9n los olores que emanaban de estos sectores, as\u00ed que esto ser\u00e1 un alivio para los vecinos y un gran progreso para la ciudad de San Felipe\u201d, concluy\u00f3.<br \/>\nCabe consignar que dentro de las 347 familias que se ver\u00e1n beneficiadas con este proyecto, existen 31 que viven en sectores demasiado alejados, por lo que desde el punto de vista t\u00e9cnico y econ\u00f3mico, se har\u00e1 m\u00e1s viable la construcci\u00f3n de soluciones de alcantarillado particular en cada uno de esos casos.<\/p>\n<div class=\"tiled-gallery type-rectangular tiled-gallery-unresized\" data-original-width=\"640\" data-carousel-extra='null' itemscope itemtype=\"http:\/\/schema.org\/ImageGallery\" > <div class=\"gallery-row\" style=\"width: 640px; height: 211px;\" data-original-width=\"640\" data-original-height=\"211\" > <div class=\"gallery-group images-1\" style=\"width: 320px; height: 211px;\" data-original-width=\"320\" data-original-height=\"211\" > <div class=\"tiled-gallery-item tiled-gallery-item-large\" itemprop=\"associatedMedia\" itemscope itemtype=\"http:\/\/schema.org\/ImageObject\"> <a href=\"https:\/\/eltrabajo.cl\/portal\/vecinos-de-la-troya-definen-que-su-proyecto-de-alcantarillado-se-conecte-a-la-red-de-esval\/foto-2-alcalde-de-san-felipe-patricio-freire-canto\/\" border=\"0\" itemprop=\"url\"> <meta itemprop=\"width\" content=\"316\"> <meta itemprop=\"height\" content=\"207\"> <img decoding=\"async\" class=\"\" data-attachment-id=\"66455\" data-orig-file=\"https:\/\/eltrabajo.cl\/portal\/wp-content\/uploads\/2016\/02\/FOTO-2-ALCALDE-DE-SAN-FELIPE-PATRICIO-FREIRE-CANTO.jpg\" data-orig-size=\"530,348\" data-comments-opened=\"1\" data-image-meta=\"{&quot;aperture&quot;:&quot;0&quot;,&quot;credit&quot;:&quot;&quot;,&quot;camera&quot;:&quot;&quot;,&quot;caption&quot;:&quot;&quot;,&quot;created_timestamp&quot;:&quot;0&quot;,&quot;copyright&quot;:&quot;Copyright 2012&quot;,&quot;focal_length&quot;:&quot;0&quot;,&quot;iso&quot;:&quot;0&quot;,&quot;shutter_speed&quot;:&quot;0&quot;,&quot;title&quot;:&quot;&quot;,&quot;orientation&quot;:&quot;0&quot;}\" data-image-title=\"FOTO 2 ALCALDE DE SAN FELIPE PATRICIO FREIRE CANTO\" data-image-description=\"&lt;p&gt;Alcalde de San Felipe, Patricio Freire Canto.&lt;\/p&gt; \" data-medium-file=\"https:\/\/i0.wp.com\/eltrabajo.cl\/portal\/wp-content\/uploads\/2016\/02\/FOTO-2-ALCALDE-DE-SAN-FELIPE-PATRICIO-FREIRE-CANTO.jpg?fit=300%2C197&#038;ssl=1\" data-large-file=\"https:\/\/i0.wp.com\/eltrabajo.cl\/portal\/wp-content\/uploads\/2016\/02\/FOTO-2-ALCALDE-DE-SAN-FELIPE-PATRICIO-FREIRE-CANTO.jpg?fit=530%2C348&#038;ssl=1\" src=\"https:\/\/i0.wp.com\/eltrabajo.cl\/portal\/wp-content\/uploads\/2016\/02\/FOTO-2-ALCALDE-DE-SAN-FELIPE-PATRICIO-FREIRE-CANTO.jpg?w=316&#038;h=207&#038;ssl=1\" srcset=\"https:\/\/i0.wp.com\/eltrabajo.cl\/portal\/wp-content\/uploads\/2016\/02\/FOTO-2-ALCALDE-DE-SAN-FELIPE-PATRICIO-FREIRE-CANTO.jpg?w=530&amp;ssl=1 530w, https:\/\/i0.wp.com\/eltrabajo.cl\/portal\/wp-content\/uploads\/2016\/02\/FOTO-2-ALCALDE-DE-SAN-FELIPE-PATRICIO-FREIRE-CANTO.jpg?resize=200%2C131&amp;ssl=1 200w, https:\/\/i0.wp.com\/eltrabajo.cl\/portal\/wp-content\/uploads\/2016\/02\/FOTO-2-ALCALDE-DE-SAN-FELIPE-PATRICIO-FREIRE-CANTO.jpg?resize=300%2C197&amp;ssl=1 300w, https:\/\/i0.wp.com\/eltrabajo.cl\/portal\/wp-content\/uploads\/2016\/02\/FOTO-2-ALCALDE-DE-SAN-FELIPE-PATRICIO-FREIRE-CANTO.jpg?resize=228%2C150&amp;ssl=1 228w, https:\/\/i0.wp.com\/eltrabajo.cl\/portal\/wp-content\/uploads\/2016\/02\/FOTO-2-ALCALDE-DE-SAN-FELIPE-PATRICIO-FREIRE-CANTO.jpg?resize=400%2C263&amp;ssl=1 400w\" width=\"316\" height=\"207\" loading=\"lazy\" data-original-width=\"316\" data-original-height=\"207\" itemprop=\"http:\/\/schema.org\/image\" title=\"FOTO 2 ALCALDE DE SAN FELIPE PATRICIO FREIRE CANTO\" alt=\"Alcalde de San Felipe, Patricio Freire Canto.\" style=\"width: 316px; height: 207px;\" \/> <\/a> <div class=\"tiled-gallery-caption\" itemprop=\"caption description\"> Alcalde de San Felipe, Patricio Freire Canto. <\/div> <\/div> <\/div> <!-- close group --> <div class=\"gallery-group images-1\" style=\"width: 320px; height: 211px;\" data-original-width=\"320\" data-original-height=\"211\" > <div class=\"tiled-gallery-item tiled-gallery-item-large\" itemprop=\"associatedMedia\" itemscope itemtype=\"http:\/\/schema.org\/ImageObject\"> <a href=\"https:\/\/eltrabajo.cl\/portal\/vecinos-de-la-troya-definen-que-su-proyecto-de-alcantarillado-se-conecte-a-la-red-de-esval\/foto-3-rodrigo-vargas-constructor-civil-de-la-secpla-de-la-municipalidad-de-san-felipe\/\" border=\"0\" itemprop=\"url\"> <meta itemprop=\"width\" content=\"316\"> <meta itemprop=\"height\" content=\"207\"> <img decoding=\"async\" class=\"\" data-attachment-id=\"66456\" data-orig-file=\"https:\/\/eltrabajo.cl\/portal\/wp-content\/uploads\/2016\/02\/FOTO-3-RODRIGO-VARGAS-CONSTRUCTOR-CIVIL-DE-LA-SECPLA-DE-LA-MUNICIPALIDAD-DE-SAN-FELIPE.jpg\" data-orig-size=\"530,348\" data-comments-opened=\"1\" data-image-meta=\"{&quot;aperture&quot;:&quot;0&quot;,&quot;credit&quot;:&quot;&quot;,&quot;camera&quot;:&quot;&quot;,&quot;caption&quot;:&quot;&quot;,&quot;created_timestamp&quot;:&quot;0&quot;,&quot;copyright&quot;:&quot;Copyright 2012&quot;,&quot;focal_length&quot;:&quot;0&quot;,&quot;iso&quot;:&quot;0&quot;,&quot;shutter_speed&quot;:&quot;0&quot;,&quot;title&quot;:&quot;&quot;,&quot;orientation&quot;:&quot;0&quot;}\" data-image-title=\"FOTO 3 RODRIGO VARGAS CONSTRUCTOR CIVIL DE LA SECPLA DE LA MUNICIPALIDAD DE SAN FELIPE\" data-image-description=\"&lt;p&gt;Rodrigo Vargas, constructor civil de la Secpla de la Municipalidad de San Felipe.&lt;\/p&gt; \" data-medium-file=\"https:\/\/i0.wp.com\/eltrabajo.cl\/portal\/wp-content\/uploads\/2016\/02\/FOTO-3-RODRIGO-VARGAS-CONSTRUCTOR-CIVIL-DE-LA-SECPLA-DE-LA-MUNICIPALIDAD-DE-SAN-FELIPE.jpg?fit=300%2C197&#038;ssl=1\" data-large-file=\"https:\/\/i0.wp.com\/eltrabajo.cl\/portal\/wp-content\/uploads\/2016\/02\/FOTO-3-RODRIGO-VARGAS-CONSTRUCTOR-CIVIL-DE-LA-SECPLA-DE-LA-MUNICIPALIDAD-DE-SAN-FELIPE.jpg?fit=530%2C348&#038;ssl=1\" src=\"https:\/\/i0.wp.com\/eltrabajo.cl\/portal\/wp-content\/uploads\/2016\/02\/FOTO-3-RODRIGO-VARGAS-CONSTRUCTOR-CIVIL-DE-LA-SECPLA-DE-LA-MUNICIPALIDAD-DE-SAN-FELIPE.jpg?w=316&#038;h=207&#038;ssl=1\" srcset=\"https:\/\/i0.wp.com\/eltrabajo.cl\/portal\/wp-content\/uploads\/2016\/02\/FOTO-3-RODRIGO-VARGAS-CONSTRUCTOR-CIVIL-DE-LA-SECPLA-DE-LA-MUNICIPALIDAD-DE-SAN-FELIPE.jpg?w=530&amp;ssl=1 530w, https:\/\/i0.wp.com\/eltrabajo.cl\/portal\/wp-content\/uploads\/2016\/02\/FOTO-3-RODRIGO-VARGAS-CONSTRUCTOR-CIVIL-DE-LA-SECPLA-DE-LA-MUNICIPALIDAD-DE-SAN-FELIPE.jpg?resize=200%2C131&amp;ssl=1 200w, https:\/\/i0.wp.com\/eltrabajo.cl\/portal\/wp-content\/uploads\/2016\/02\/FOTO-3-RODRIGO-VARGAS-CONSTRUCTOR-CIVIL-DE-LA-SECPLA-DE-LA-MUNICIPALIDAD-DE-SAN-FELIPE.jpg?resize=300%2C197&amp;ssl=1 300w, https:\/\/i0.wp.com\/eltrabajo.cl\/portal\/wp-content\/uploads\/2016\/02\/FOTO-3-RODRIGO-VARGAS-CONSTRUCTOR-CIVIL-DE-LA-SECPLA-DE-LA-MUNICIPALIDAD-DE-SAN-FELIPE.jpg?resize=228%2C150&amp;ssl=1 228w, https:\/\/i0.wp.com\/eltrabajo.cl\/portal\/wp-content\/uploads\/2016\/02\/FOTO-3-RODRIGO-VARGAS-CONSTRUCTOR-CIVIL-DE-LA-SECPLA-DE-LA-MUNICIPALIDAD-DE-SAN-FELIPE.jpg?resize=400%2C263&amp;ssl=1 400w\" width=\"316\" height=\"207\" loading=\"lazy\" data-original-width=\"316\" data-original-height=\"207\" itemprop=\"http:\/\/schema.org\/image\" title=\"FOTO 3 RODRIGO VARGAS CONSTRUCTOR CIVIL DE LA SECPLA DE LA MUNICIPALIDAD DE SAN FELIPE\" alt=\"Rodrigo Vargas, constructor civil de la Secpla de la Municipalidad de San Felipe.\" style=\"width: 316px; height: 207px;\" \/> <\/a> <div class=\"tiled-gallery-caption\" itemprop=\"caption description\"> Rodrigo Vargas, constructor civil de la Secpla de la Municipalidad de San Felipe. <\/div> <\/div> <\/div> <!-- close group --> <\/div> <!-- close row --> <\/div>\n<p>&nbsp;<\/p>\n","protected":false},"excerpt":{"rendered":"<p>Adem\u00e1s de reducir los costos que actualmente desembolsan las familias para evacuar las aguas servidas mediante camiones limpia fosas, la red de alcantarillado permitir\u00e1 mantener sin contaminaci\u00f3n las napas subterr\u00e1neas que abastecen&#8230;<\/p>\n","protected":false},"author":482,"featured_media":66454,"comment_status":"open","ping_status":"open","sticky":false,"template":"","format":"standard","meta":{"advanced_seo_description":"","jetpack_seo_html_title":"","jetpack_seo_noindex":false,"_jetpack_memberships_contains_paid_content":false,"footnotes":""},"categories":[15],"tags":[],"class_list":["post-66453","post","type-post","status-publish","format-standard","has-post-thumbnail","hentry","category-comunidad"],"jetpack_featured_media_url":"https:\/\/i0.wp.com\/eltrabajo.cl\/portal\/wp-content\/uploads\/2016\/02\/FOTO-1-HUMBERTO-GONZALEZ-PRESIDENTE-DE-LA-COOPERATIVA-DE-AGUA-POTABLE-RURAL-DE-LA-TROYA.jpg?fit=530%2C350&ssl=1","jetpack_sharing_enabled":true,"jetpack_likes_enabled":true,"jetpack-related-posts":[],"_links":{"self":[{"href":"https:\/\/eltrabajo.cl\/portal\/wp-json\/wp\/v2\/posts\/66453","targetHints":{"allow":["GET"]}}],"collection":[{"href":"https:\/\/eltrabajo.cl\/portal\/wp-json\/wp\/v2\/posts"}],"about":[{"href":"https:\/\/eltrabajo.cl\/portal\/wp-json\/wp\/v2\/types\/post"}],"author":[{"embeddable":true,"href":"https:\/\/eltrabajo.cl\/portal\/wp-json\/wp\/v2\/users\/482"}],"replies":[{"embeddable":true,"href":"https:\/\/eltrabajo.cl\/portal\/wp-json\/wp\/v2\/comments?post=66453"}],"version-history":[{"count":0,"href":"https:\/\/eltrabajo.cl\/portal\/wp-json\/wp\/v2\/posts\/66453\/revisions"}],"wp:featuredmedia":[{"embeddable":true,"href":"https:\/\/eltrabajo.cl\/portal\/wp-json\/wp\/v2\/media\/66454"}],"wp:attachment":[{"href":"https:\/\/eltrabajo.cl\/portal\/wp-json\/wp\/v2\/media?parent=66453"}],"wp:term":[{"taxonomy":"category","embeddable":true,"href":"https:\/\/eltrabajo.cl\/portal\/wp-json\/wp\/v2\/categories?post=66453"},{"taxonomy":"post_tag","embeddable":true,"href":"https:\/\/eltrabajo.cl\/portal\/wp-json\/wp\/v2\/tags?post=66453"}],"curies":[{"name":"wp","href":"https:\/\/api.w.org\/{rel}","templated":true}]}}