{"id":66458,"date":"2016-02-04T09:46:26","date_gmt":"2016-02-04T12:46:26","guid":{"rendered":"http:\/\/www.eltrabajo.cl\/portal\/?p=66458"},"modified":"2016-02-04T09:46:26","modified_gmt":"2016-02-04T12:46:26","slug":"segundo-encuentro-de-muralismo-en-san-felipe","status":"publish","type":"post","link":"https:\/\/eltrabajo.cl\/portal\/segundo-encuentro-de-muralismo-en-san-felipe\/","title":{"rendered":"Segundo encuentro de muralismo en San Felipe"},"content":{"rendered":"<figure id=\"attachment_66459\" aria-describedby=\"caption-attachment-66459\" style=\"width: 300px\" class=\"wp-caption alignleft\"><img data-recalc-dims=\"1\" loading=\"lazy\" decoding=\"async\" class=\"wp-image-66459 size-medium\" src=\"https:\/\/i0.wp.com\/www.eltrabajo.cl\/portal\/wp-content\/uploads\/2016\/02\/FOTO-5-SABINA-CASTRO-300x197.jpg?resize=300%2C197\" alt=\"Sabina Castro, coordinadora de la Oficina Municipal de la Juventud de San Felipe.\" width=\"300\" height=\"197\" srcset=\"https:\/\/i0.wp.com\/eltrabajo.cl\/portal\/wp-content\/uploads\/2016\/02\/FOTO-5-SABINA-CASTRO.jpg?resize=300%2C197&amp;ssl=1 300w, https:\/\/i0.wp.com\/eltrabajo.cl\/portal\/wp-content\/uploads\/2016\/02\/FOTO-5-SABINA-CASTRO.jpg?resize=200%2C131&amp;ssl=1 200w, https:\/\/i0.wp.com\/eltrabajo.cl\/portal\/wp-content\/uploads\/2016\/02\/FOTO-5-SABINA-CASTRO.jpg?resize=228%2C150&amp;ssl=1 228w, https:\/\/i0.wp.com\/eltrabajo.cl\/portal\/wp-content\/uploads\/2016\/02\/FOTO-5-SABINA-CASTRO.jpg?resize=400%2C263&amp;ssl=1 400w, https:\/\/i0.wp.com\/eltrabajo.cl\/portal\/wp-content\/uploads\/2016\/02\/FOTO-5-SABINA-CASTRO.jpg?w=530&amp;ssl=1 530w\" sizes=\"auto, (max-width: 300px) 100vw, 300px\" \/><figcaption id=\"caption-attachment-66459\" class=\"wp-caption-text\">Sabina Castro, coordinadora de la Oficina Municipal de la Juventud de San Felipe.<\/figcaption><\/figure>\n<ul>\n<li><strong>Evento contar\u00e1 con artistas locales y nacionales y uno de sus objetivos es dar a conocer un estilo art\u00edstico que generalmente no es muy aceptado por la comunidad.<\/strong><\/li>\n<\/ul>\n<p>El bandej\u00f3n central de la Alameda Chacabuco, entre las calles Coimas y Salinas, ser\u00e1 el escenario del segundo encuentro de muralismo en San Felipe, este s\u00e1bado 6 de febrero a partir de las 10:30 de la ma\u00f1ana y hasta las 20 horas.<br \/>\nEl evento es organizado por el Centro Cultural Ramona Parra en conjunto con la Oficina de la Juventud de la Municipalidad de San Felipe. Fue precisamente la coordinadora de este organismo municipal, Sabina Castro quien asegur\u00f3 que \u201cya tenemos confirmaci\u00f3n de la participaci\u00f3n de 8 brigadas muralistas entre j\u00f3venes aconcag\u00fcinos, otros que vienen del litoral de la Quinta Regi\u00f3n, tanto de Vi\u00f1a, Valpara\u00edso y Conc\u00f3n y estamos a la espera de poder tener mayor confirmaci\u00f3n de otras participantes de otras regiones\u201d, detall\u00f3.<br \/>\nRespecto del objetivo de este evento cultural, Castro agreg\u00f3 que \u201cbusca informar y masificar este tipo de arte callejero que en realidad a nosotros los j\u00f3venes nos llama mucho la atenci\u00f3n, pero que tambi\u00e9n de forma paralela embellece y da vida a nuestras comunas\u201d, puntualiz\u00f3.<\/p>\n<figure id=\"attachment_66460\" aria-describedby=\"caption-attachment-66460\" style=\"width: 300px\" class=\"wp-caption alignright\"><img data-recalc-dims=\"1\" loading=\"lazy\" decoding=\"async\" class=\"wp-image-66460 size-medium\" src=\"https:\/\/i0.wp.com\/www.eltrabajo.cl\/portal\/wp-content\/uploads\/2016\/02\/FOTO-6-CATALINA-PACHECO-300x197.jpg?resize=300%2C197\" alt=\"Catalina Pacheco presidenta del Centro Cultural Ramona Parra San Felipe.\" width=\"300\" height=\"197\" srcset=\"https:\/\/i0.wp.com\/eltrabajo.cl\/portal\/wp-content\/uploads\/2016\/02\/FOTO-6-CATALINA-PACHECO.jpg?resize=300%2C197&amp;ssl=1 300w, https:\/\/i0.wp.com\/eltrabajo.cl\/portal\/wp-content\/uploads\/2016\/02\/FOTO-6-CATALINA-PACHECO.jpg?resize=200%2C131&amp;ssl=1 200w, https:\/\/i0.wp.com\/eltrabajo.cl\/portal\/wp-content\/uploads\/2016\/02\/FOTO-6-CATALINA-PACHECO.jpg?resize=228%2C150&amp;ssl=1 228w, https:\/\/i0.wp.com\/eltrabajo.cl\/portal\/wp-content\/uploads\/2016\/02\/FOTO-6-CATALINA-PACHECO.jpg?resize=400%2C263&amp;ssl=1 400w, https:\/\/i0.wp.com\/eltrabajo.cl\/portal\/wp-content\/uploads\/2016\/02\/FOTO-6-CATALINA-PACHECO.jpg?w=530&amp;ssl=1 530w\" sizes=\"auto, (max-width: 300px) 100vw, 300px\" \/><figcaption id=\"caption-attachment-66460\" class=\"wp-caption-text\">Catalina Pacheco presidenta del Centro Cultural Ramona Parra San Felipe.<\/figcaption><\/figure>\n<p>De esta manera, Castro hizo extensiva la invitaci\u00f3n a todos los habitantes del Valle de Aconcagua, a participar y sacar provecho de una actividad como \u00e9sta, ya que \u201cse va a desarrollar un foro alrededor de las 4 de la tarde, en el cual se va hablar de la incidencia del muralismo en Latinoam\u00e9rica y c\u00f3mo va desarroll\u00e1ndose este g\u00e9nero art\u00edstico en nuestra esencia, desde nuestras ra\u00edces\u201d, enfatiz\u00f3.<br \/>\nCabe destacar que los murales que se creen el d\u00eda s\u00e1bado, posteriormente van a ser exhibidos en los Centros de Salud Familiar de la Comuna de San Felipe, Cesfam Segismundo Iturra y San Felipe El Real, adem\u00e1s del Centro Comunitario de Salud Familiar, Cecof, con el objetivo de poder masificar la realizaci\u00f3n de un tipo de arte que generalmente no es muy bien visto por la comunidad.<br \/>\nLa presidenta del Centro Cultural Ramona Parra San Felipe, se encarg\u00f3 de describir cu\u00e1l ser\u00e1 la modalidad en la que se efectuar\u00e1n los murales, contando que \u201cel formato de este encuentro va a ser en paneles estructurales de madera, que son de 2.40 m por 2.44 m y la idea es generar una galer\u00eda a cielo abierto en la misma alameda y a la vez que los mismos artistas vayan pintando, la gente vaya participando del encuentro, si se quiere acercar a preguntar, a compartir experiencias de los mismos murales, esa es la idea de este a\u00f1o\u201d, argument\u00f3.<br \/>\nPor \u00faltimo Pacheco agreg\u00f3 que \u201cvamos a contar con la presencia del artista internacional \u2018mono Gonz\u00e1lez\u2019, fundador de la brigada Ramona Parra en Chile y bueno con otros expositores, vamos a contar con dj locales y de afuera tambi\u00e9n y dos m\u00fasicos que van a deleitarnos con m\u00fasica en vivo\u2026la idea es poder empoderarse de esta gama cultural que tiene una presencia gigante ac\u00e1 en la Comuna y el Valle de Aconcagua\u201d, remat\u00f3.<\/p>\n<p>&nbsp;<\/p>\n","protected":false},"excerpt":{"rendered":"<p>Evento contar\u00e1 con artistas locales y nacionales y uno de sus objetivos es dar a conocer un estilo art\u00edstico que generalmente no es muy aceptado por la comunidad. El bandej\u00f3n central de&#8230;<\/p>\n","protected":false},"author":482,"featured_media":66459,"comment_status":"open","ping_status":"open","sticky":false,"template":"","format":"standard","meta":{"advanced_seo_description":"","jetpack_seo_html_title":"","jetpack_seo_noindex":false,"_jetpack_memberships_contains_paid_content":false,"footnotes":""},"categories":[15],"tags":[],"class_list":["post-66458","post","type-post","status-publish","format-standard","has-post-thumbnail","hentry","category-comunidad"],"jetpack_featured_media_url":"https:\/\/i0.wp.com\/eltrabajo.cl\/portal\/wp-content\/uploads\/2016\/02\/FOTO-5-SABINA-CASTRO.jpg?fit=530%2C348&ssl=1","jetpack_sharing_enabled":true,"jetpack_likes_enabled":true,"jetpack-related-posts":[],"_links":{"self":[{"href":"https:\/\/eltrabajo.cl\/portal\/wp-json\/wp\/v2\/posts\/66458","targetHints":{"allow":["GET"]}}],"collection":[{"href":"https:\/\/eltrabajo.cl\/portal\/wp-json\/wp\/v2\/posts"}],"about":[{"href":"https:\/\/eltrabajo.cl\/portal\/wp-json\/wp\/v2\/types\/post"}],"author":[{"embeddable":true,"href":"https:\/\/eltrabajo.cl\/portal\/wp-json\/wp\/v2\/users\/482"}],"replies":[{"embeddable":true,"href":"https:\/\/eltrabajo.cl\/portal\/wp-json\/wp\/v2\/comments?post=66458"}],"version-history":[{"count":0,"href":"https:\/\/eltrabajo.cl\/portal\/wp-json\/wp\/v2\/posts\/66458\/revisions"}],"wp:featuredmedia":[{"embeddable":true,"href":"https:\/\/eltrabajo.cl\/portal\/wp-json\/wp\/v2\/media\/66459"}],"wp:attachment":[{"href":"https:\/\/eltrabajo.cl\/portal\/wp-json\/wp\/v2\/media?parent=66458"}],"wp:term":[{"taxonomy":"category","embeddable":true,"href":"https:\/\/eltrabajo.cl\/portal\/wp-json\/wp\/v2\/categories?post=66458"},{"taxonomy":"post_tag","embeddable":true,"href":"https:\/\/eltrabajo.cl\/portal\/wp-json\/wp\/v2\/tags?post=66458"}],"curies":[{"name":"wp","href":"https:\/\/api.w.org\/{rel}","templated":true}]}}