{"id":66462,"date":"2016-02-04T09:48:27","date_gmt":"2016-02-04T12:48:27","guid":{"rendered":"http:\/\/www.eltrabajo.cl\/portal\/?p=66462"},"modified":"2016-02-04T09:48:27","modified_gmt":"2016-02-04T12:48:27","slug":"sernageomin-atenderan-a-pequenos-mineros-para-optar-a-beneficios-de-rebaja-de-patente-minera","status":"publish","type":"post","link":"https:\/\/eltrabajo.cl\/portal\/sernageomin-atenderan-a-pequenos-mineros-para-optar-a-beneficios-de-rebaja-de-patente-minera\/","title":{"rendered":"Sernageomin atender\u00e1n a peque\u00f1os mineros para optar a beneficios de rebaja de patente minera"},"content":{"rendered":"<figure id=\"attachment_66463\" aria-describedby=\"caption-attachment-66463\" style=\"width: 300px\" class=\"wp-caption alignleft\"><img data-recalc-dims=\"1\" loading=\"lazy\" decoding=\"async\" class=\"wp-image-66463 size-medium\" src=\"https:\/\/i0.wp.com\/www.eltrabajo.cl\/portal\/wp-content\/uploads\/2016\/02\/Reunion-Gobernacion-y-Sernageomin-300x198.jpg?resize=300%2C198\" alt=\"En reuni\u00f3n el director regional de la instituci\u00f3n minera, H\u00e9ctor Soto y el gobernador de San Felipe, Eduardo Le\u00f3n.\" width=\"300\" height=\"198\" srcset=\"https:\/\/i0.wp.com\/eltrabajo.cl\/portal\/wp-content\/uploads\/2016\/02\/Reunion-Gobernacion-y-Sernageomin.jpg?resize=300%2C198&amp;ssl=1 300w, https:\/\/i0.wp.com\/eltrabajo.cl\/portal\/wp-content\/uploads\/2016\/02\/Reunion-Gobernacion-y-Sernageomin.jpg?resize=200%2C132&amp;ssl=1 200w, https:\/\/i0.wp.com\/eltrabajo.cl\/portal\/wp-content\/uploads\/2016\/02\/Reunion-Gobernacion-y-Sernageomin.jpg?resize=227%2C150&amp;ssl=1 227w, https:\/\/i0.wp.com\/eltrabajo.cl\/portal\/wp-content\/uploads\/2016\/02\/Reunion-Gobernacion-y-Sernageomin.jpg?resize=400%2C264&amp;ssl=1 400w, https:\/\/i0.wp.com\/eltrabajo.cl\/portal\/wp-content\/uploads\/2016\/02\/Reunion-Gobernacion-y-Sernageomin.jpg?w=530&amp;ssl=1 530w\" sizes=\"auto, (max-width: 300px) 100vw, 300px\" \/><figcaption id=\"caption-attachment-66463\" class=\"wp-caption-text\">En reuni\u00f3n el director regional de la instituci\u00f3n minera, H\u00e9ctor Soto y el gobernador de San Felipe, Eduardo Le\u00f3n.<\/figcaption><\/figure>\n<ul>\n<li><strong>Actividad se desarrollar\u00e1 hoy jueves 4 de febrero en dependencias de la asociaci\u00f3n minera de San Felipe y est\u00e1 enmarcado en el trabajo colaborativo que la Gobernaci\u00f3n y Sernageomin han suscrito para este 2016, con atenciones en el edificio consistorial.<\/strong><\/li>\n<\/ul>\n<p>Una atenci\u00f3n especial realizar\u00e1 el personal de la Direcci\u00f3n Regional de Sernageomin hoy jueves 4 de febrero en las dependencias de la asociaci\u00f3n minera de San Felipe, que tendr\u00e1 como objeto seguir revisando y recibiendo solicitudes de los peque\u00f1os mineros para optar al beneficio de rebaja de patente minera en virtud de la Ley 19.719, que se traduce en una patente que ampara la o las pertenencias en explotaci\u00f3n, cuya superficie no supere las 100 hect\u00e1reas.<br \/>\nAnte esto, el Director Regional de la instituci\u00f3n minera, H\u00e9ctor Soto, manifest\u00f3 que \u201ceste trabajo es consecuencia del trabajo que hemos establecido con la Gobernaci\u00f3n, con la intenci\u00f3n de acercar el servicio de Sernageomin a terreno, de manera tal de facilitar consultas y entrega de documentaci\u00f3n de mineros no s\u00f3lo de esta asociaci\u00f3n, sino que tambi\u00e9n a los de Catemu y Putaendo\u201d, destac\u00f3.<br \/>\nEn tanto, el gobernador Eduardo Le\u00f3n se\u00f1al\u00f3 que estas atenciones est\u00e1n enmarcadas en el trabajo coordinado que desarrollar\u00e1n durante este 2016. \u201cHemos retomado el trabajo en la Gobernaci\u00f3n, lo que significa e implica una descentralizaci\u00f3n efectiva de los servicios p\u00fablicos, recordemos que la oficina regional de Sernageomin est\u00e1 en Quilpu\u00e9, por lo que este a\u00f1o se atender\u00e1 a los usuarios en nuestro edificio. Este servicio permitir\u00e1 resolver dudas de peque\u00f1os mineros pero tambi\u00e9n a quienes sea necesario\u201d, dijo la m\u00e1xima autoridad provincial.<br \/>\nPor este motivo, las autoridades han convocado a peque\u00f1os mineros de la provincia de San Felipe, especialmente de las asociaciones mineras de Catemu, Putaendo y San Felipe.<\/p>\n<p><strong>BENEFICIO DE PATENTE MINERA<\/strong><br \/>\nEl beneficio consagrado en esta ley, consiste en una rebaja directa al pago de la patente anual (marzo) tal como lo indica el siguiente ejemplo:<br \/>\nMonto a pagar sin beneficio por 100 hect\u00e1reas: $447.776.- Monto a pagar con beneficio por 100 hect\u00e1reas: $448.<\/p>\n<p><strong>C\u00d3MO ACCEDER AL BENEFICIO<\/strong><br \/>\nLos requisitos b\u00e1sicos para acceder al beneficio son:- Ser titular o arrendatario de una concesi\u00f3n minera de explotaci\u00f3n constituida. &#8211; En el caso de ser arrendatario, se debe presentar contrato de arriendo, no superar 100 hect\u00e1reas por Rut. &#8211; Presentar Certificado de Dominio Vigente de la Concesi\u00f3n Minera entregado por el Conservador de Minas en un plazo que no supere los 90 d\u00edas de emisi\u00f3n. &#8211; Acreditar producci\u00f3n m\u00ednima de explotaci\u00f3n en Faena Minera (ejemplo: contar con copia de boleta o factura de venta emitida a nombre del titular y\/o arrendatario con una antig\u00fcedad no mayor a un a\u00f1o; Copia de Padr\u00f3n de Enami, arriendo de maquinarias). &#8211; Copia de Resoluci\u00f3n de Proyecto de Explotaci\u00f3n. &#8211; Completar Formulario tipo de Declaraci\u00f3n Jurada Simple entregada por Sernageomin. &#8211; Presentar fotocopia de C\u00e9dula de Identidad.<br \/>\nPara verificar la condici\u00f3n de la pertenencia minera, se deber\u00e1 presentar, seg\u00fan corresponda, la documentaci\u00f3n que acredite si se trata de un titular o arrendatario de la concesi\u00f3n minera, sea \u00e9ste persona natural, sociedad legal minera o cooperativa.<\/p>\n","protected":false},"excerpt":{"rendered":"<p>Actividad se desarrollar\u00e1 hoy jueves 4 de febrero en dependencias de la asociaci\u00f3n minera de San Felipe y est\u00e1 enmarcado en el trabajo colaborativo que la Gobernaci\u00f3n y Sernageomin han suscrito para&#8230;<\/p>\n","protected":false},"author":482,"featured_media":66463,"comment_status":"open","ping_status":"open","sticky":false,"template":"","format":"standard","meta":{"advanced_seo_description":"","jetpack_seo_html_title":"","jetpack_seo_noindex":false,"_jetpack_memberships_contains_paid_content":false,"footnotes":""},"categories":[1],"tags":[],"class_list":["post-66462","post","type-post","status-publish","format-standard","has-post-thumbnail","hentry","category-cronica"],"jetpack_featured_media_url":"https:\/\/i0.wp.com\/eltrabajo.cl\/portal\/wp-content\/uploads\/2016\/02\/Reunion-Gobernacion-y-Sernageomin.jpg?fit=530%2C350&ssl=1","jetpack_sharing_enabled":true,"jetpack_likes_enabled":true,"jetpack-related-posts":[],"_links":{"self":[{"href":"https:\/\/eltrabajo.cl\/portal\/wp-json\/wp\/v2\/posts\/66462","targetHints":{"allow":["GET"]}}],"collection":[{"href":"https:\/\/eltrabajo.cl\/portal\/wp-json\/wp\/v2\/posts"}],"about":[{"href":"https:\/\/eltrabajo.cl\/portal\/wp-json\/wp\/v2\/types\/post"}],"author":[{"embeddable":true,"href":"https:\/\/eltrabajo.cl\/portal\/wp-json\/wp\/v2\/users\/482"}],"replies":[{"embeddable":true,"href":"https:\/\/eltrabajo.cl\/portal\/wp-json\/wp\/v2\/comments?post=66462"}],"version-history":[{"count":0,"href":"https:\/\/eltrabajo.cl\/portal\/wp-json\/wp\/v2\/posts\/66462\/revisions"}],"wp:featuredmedia":[{"embeddable":true,"href":"https:\/\/eltrabajo.cl\/portal\/wp-json\/wp\/v2\/media\/66463"}],"wp:attachment":[{"href":"https:\/\/eltrabajo.cl\/portal\/wp-json\/wp\/v2\/media?parent=66462"}],"wp:term":[{"taxonomy":"category","embeddable":true,"href":"https:\/\/eltrabajo.cl\/portal\/wp-json\/wp\/v2\/categories?post=66462"},{"taxonomy":"post_tag","embeddable":true,"href":"https:\/\/eltrabajo.cl\/portal\/wp-json\/wp\/v2\/tags?post=66462"}],"curies":[{"name":"wp","href":"https:\/\/api.w.org\/{rel}","templated":true}]}}