{"id":66465,"date":"2016-02-04T09:50:20","date_gmt":"2016-02-04T12:50:20","guid":{"rendered":"http:\/\/www.eltrabajo.cl\/portal\/?p=66465"},"modified":"2016-02-04T09:50:20","modified_gmt":"2016-02-04T12:50:20","slug":"reclama-que-vecinos-convirtieron-su-parcela-en-un-basural","status":"publish","type":"post","link":"https:\/\/eltrabajo.cl\/portal\/reclama-que-vecinos-convirtieron-su-parcela-en-un-basural\/","title":{"rendered":"Reclama que vecinos convirtieron su parcela en un basural"},"content":{"rendered":"<figure id=\"attachment_66466\" aria-describedby=\"caption-attachment-66466\" style=\"width: 300px\" class=\"wp-caption alignleft\"><img data-recalc-dims=\"1\" loading=\"lazy\" decoding=\"async\" class=\"wp-image-66466 size-medium\" src=\"https:\/\/i0.wp.com\/www.eltrabajo.cl\/portal\/wp-content\/uploads\/2016\/02\/Basura1-300x198.jpg?resize=300%2C198\" alt=\"MONTA\u00d1AS DE BASURA.- Don Hugo nos muestra c\u00f3mo han dejado inescrupulosos la entrada a su parcela, esto viene ocurriendo desde hace varios a\u00f1os.\" width=\"300\" height=\"198\" srcset=\"https:\/\/i0.wp.com\/eltrabajo.cl\/portal\/wp-content\/uploads\/2016\/02\/Basura1.jpg?resize=300%2C198&amp;ssl=1 300w, https:\/\/i0.wp.com\/eltrabajo.cl\/portal\/wp-content\/uploads\/2016\/02\/Basura1.jpg?resize=200%2C132&amp;ssl=1 200w, https:\/\/i0.wp.com\/eltrabajo.cl\/portal\/wp-content\/uploads\/2016\/02\/Basura1.jpg?resize=228%2C150&amp;ssl=1 228w, https:\/\/i0.wp.com\/eltrabajo.cl\/portal\/wp-content\/uploads\/2016\/02\/Basura1.jpg?resize=400%2C263&amp;ssl=1 400w, https:\/\/i0.wp.com\/eltrabajo.cl\/portal\/wp-content\/uploads\/2016\/02\/Basura1.jpg?w=530&amp;ssl=1 530w\" sizes=\"auto, (max-width: 300px) 100vw, 300px\" \/><figcaption id=\"caption-attachment-66466\" class=\"wp-caption-text\">MONTA\u00d1AS DE BASURA.- Don Hugo nos muestra c\u00f3mo han dejado inescrupulosos la entrada a su parcela, esto viene ocurriendo desde hace varios a\u00f1os.<\/figcaption><\/figure>\n<p>Recientemente don Hugo Alegr\u00eda, de 90 a\u00f1os, vecino de San Felipe centro, denunci\u00f3 en Diario El Trabajo que en una parcela de su propiedad, ubicada en La Parras\u00eda sector las posas, decenas de personas la han convertido en un basural declarado.<br \/>\n\u00abYa mi situaci\u00f3n es insoportable, son perros y gatos muertos; escombros de construcciones; vidrios y forros de llantas viejas; madera y sillones da\u00f1ados, he solicitado a las autoridades que me ayuden, que pongan alguna se\u00f1al\u00e9tica en este sector, pero de nada sirven mis reclamos, por eso hoy vuelo a pedir ayuda al Municipio\u00bb, dijo don Hugo.<\/p>\n<figure id=\"attachment_66467\" aria-describedby=\"caption-attachment-66467\" style=\"width: 300px\" class=\"wp-caption alignright\"><img data-recalc-dims=\"1\" loading=\"lazy\" decoding=\"async\" class=\"wp-image-66467 size-medium\" src=\"https:\/\/i0.wp.com\/www.eltrabajo.cl\/portal\/wp-content\/uploads\/2016\/02\/Basura2-300x198.jpg?resize=300%2C198\" alt=\"HAY QUE LIMPIAR.- De toda clase de escombros le vienen a tirar a su parcela algunos \u2018malos vecinos\u2019.\" width=\"300\" height=\"198\" srcset=\"https:\/\/i0.wp.com\/eltrabajo.cl\/portal\/wp-content\/uploads\/2016\/02\/Basura2.jpg?resize=300%2C198&amp;ssl=1 300w, https:\/\/i0.wp.com\/eltrabajo.cl\/portal\/wp-content\/uploads\/2016\/02\/Basura2.jpg?resize=200%2C132&amp;ssl=1 200w, https:\/\/i0.wp.com\/eltrabajo.cl\/portal\/wp-content\/uploads\/2016\/02\/Basura2.jpg?resize=228%2C150&amp;ssl=1 228w, https:\/\/i0.wp.com\/eltrabajo.cl\/portal\/wp-content\/uploads\/2016\/02\/Basura2.jpg?resize=400%2C263&amp;ssl=1 400w, https:\/\/i0.wp.com\/eltrabajo.cl\/portal\/wp-content\/uploads\/2016\/02\/Basura2.jpg?w=530&amp;ssl=1 530w\" sizes=\"auto, (max-width: 300px) 100vw, 300px\" \/><figcaption id=\"caption-attachment-66467\" class=\"wp-caption-text\">HAY QUE LIMPIAR.- De toda clase de escombros le vienen a tirar a su parcela algunos \u2018malos vecinos\u2019.<\/figcaption><\/figure>\n<p><strong>MUCHA BASURA<\/strong><br \/>\nDiario El Trabajo visit\u00f3 el lugar con el propio don Hugo, efectivamente es mucha la cantidad de escombros la que hay a la entrada de su parcela, misma que recientemente fue dividida en dos partes, pues la nueva autopista pasa en medio de su propiedad, lo cual de momento no es el problema.<br \/>\n\u00abYo tengo sospecha de algunos vecinos, no puedo se\u00f1alar puntualmente sus nombres, porque lo que busco es solucionar mis problemas, no crearme otros nuevos, lo que estoy pidiendo es que por favor ya no me dejen m\u00e1s perros abandonados en la parcela, ni gatos ni perros muertos\u00bb, agreg\u00f3 Alegr\u00eda.<br \/>\n<strong>Roberto Gonz\u00e1lez Short<\/strong><br \/>\n<strong>rgonzalez@eltrabajo.cl<\/strong><\/p>\n","protected":false},"excerpt":{"rendered":"<p>Recientemente don Hugo Alegr\u00eda, de 90 a\u00f1os, vecino de San Felipe centro, denunci\u00f3 en Diario El Trabajo que en una parcela de su propiedad, ubicada en La Parras\u00eda sector las posas, decenas&#8230;<\/p>\n","protected":false},"author":482,"featured_media":66466,"comment_status":"open","ping_status":"open","sticky":false,"template":"","format":"standard","meta":{"advanced_seo_description":"","jetpack_seo_html_title":"","jetpack_seo_noindex":false,"_jetpack_memberships_contains_paid_content":false,"footnotes":""},"categories":[15],"tags":[],"class_list":["post-66465","post","type-post","status-publish","format-standard","has-post-thumbnail","hentry","category-comunidad"],"jetpack_featured_media_url":"https:\/\/i0.wp.com\/eltrabajo.cl\/portal\/wp-content\/uploads\/2016\/02\/Basura1.jpg?fit=530%2C349&ssl=1","jetpack_sharing_enabled":true,"jetpack_likes_enabled":true,"jetpack-related-posts":[],"_links":{"self":[{"href":"https:\/\/eltrabajo.cl\/portal\/wp-json\/wp\/v2\/posts\/66465","targetHints":{"allow":["GET"]}}],"collection":[{"href":"https:\/\/eltrabajo.cl\/portal\/wp-json\/wp\/v2\/posts"}],"about":[{"href":"https:\/\/eltrabajo.cl\/portal\/wp-json\/wp\/v2\/types\/post"}],"author":[{"embeddable":true,"href":"https:\/\/eltrabajo.cl\/portal\/wp-json\/wp\/v2\/users\/482"}],"replies":[{"embeddable":true,"href":"https:\/\/eltrabajo.cl\/portal\/wp-json\/wp\/v2\/comments?post=66465"}],"version-history":[{"count":0,"href":"https:\/\/eltrabajo.cl\/portal\/wp-json\/wp\/v2\/posts\/66465\/revisions"}],"wp:featuredmedia":[{"embeddable":true,"href":"https:\/\/eltrabajo.cl\/portal\/wp-json\/wp\/v2\/media\/66466"}],"wp:attachment":[{"href":"https:\/\/eltrabajo.cl\/portal\/wp-json\/wp\/v2\/media?parent=66465"}],"wp:term":[{"taxonomy":"category","embeddable":true,"href":"https:\/\/eltrabajo.cl\/portal\/wp-json\/wp\/v2\/categories?post=66465"},{"taxonomy":"post_tag","embeddable":true,"href":"https:\/\/eltrabajo.cl\/portal\/wp-json\/wp\/v2\/tags?post=66465"}],"curies":[{"name":"wp","href":"https:\/\/api.w.org\/{rel}","templated":true}]}}