{"id":66472,"date":"2016-02-04T09:54:24","date_gmt":"2016-02-04T12:54:24","guid":{"rendered":"http:\/\/www.eltrabajo.cl\/portal\/?p=66472"},"modified":"2016-02-04T17:22:23","modified_gmt":"2016-02-04T20:22:23","slug":"el-bicho-inicia-su-estadia-en-la-carcel-con-dos-anos-tras-las-rejas","status":"publish","type":"post","link":"https:\/\/eltrabajo.cl\/portal\/el-bicho-inicia-su-estadia-en-la-carcel-con-dos-anos-tras-las-rejas\/","title":{"rendered":"\u2018El Bicho\u2019 inicia su estad\u00eda en la c\u00e1rcel con dos a\u00f1os tras las rejas"},"content":{"rendered":"<figure id=\"attachment_66473\" aria-describedby=\"caption-attachment-66473\" style=\"width: 300px\" class=\"wp-caption alignleft\"><img data-recalc-dims=\"1\" loading=\"lazy\" decoding=\"async\" class=\"wp-image-66473 size-medium\" src=\"https:\/\/i0.wp.com\/www.eltrabajo.cl\/portal\/wp-content\/uploads\/2016\/02\/SEBASTIAN-MELLA-300x198.jpg?resize=300%2C198\" alt=\"Sebasti\u00e1n Mella Mu\u00f1oz alias \u2018El Bicho\u2019 fue condenado a dos a\u00f1oas de c\u00e1rcel por un delito cometido en el a\u00f1o 2013 en San Felipe, tras ser capturado por Carabineros portando un arma de fuego.\" width=\"300\" height=\"198\" srcset=\"https:\/\/i0.wp.com\/eltrabajo.cl\/portal\/wp-content\/uploads\/2016\/02\/SEBASTIAN-MELLA.jpg?resize=300%2C198&amp;ssl=1 300w, https:\/\/i0.wp.com\/eltrabajo.cl\/portal\/wp-content\/uploads\/2016\/02\/SEBASTIAN-MELLA.jpg?resize=200%2C132&amp;ssl=1 200w, https:\/\/i0.wp.com\/eltrabajo.cl\/portal\/wp-content\/uploads\/2016\/02\/SEBASTIAN-MELLA.jpg?resize=228%2C150&amp;ssl=1 228w, https:\/\/i0.wp.com\/eltrabajo.cl\/portal\/wp-content\/uploads\/2016\/02\/SEBASTIAN-MELLA.jpg?resize=400%2C263&amp;ssl=1 400w, https:\/\/i0.wp.com\/eltrabajo.cl\/portal\/wp-content\/uploads\/2016\/02\/SEBASTIAN-MELLA.jpg?w=530&amp;ssl=1 530w\" sizes=\"auto, (max-width: 300px) 100vw, 300px\" \/><figcaption id=\"caption-attachment-66473\" class=\"wp-caption-text\">Sebasti\u00e1n Mella Mu\u00f1oz alias \u2018El Bicho\u2019 fue condenado a dos a\u00f1oas de c\u00e1rcel por un delito cometido en el a\u00f1o 2013 en San Felipe, tras ser capturado por Carabineros portando un arma de fuego.<\/figcaption><\/figure>\n<ul>\n<li><strong>Sebasti\u00e1n Mella Mu\u00f1oz escal\u00f3 a m\u00e1s de 15 metros de altura en el Colegio Alem\u00e1n de San Felipe escapando de Carabineros luego de ser acusado de un robo con violencia. La causa a\u00fan se mantiene en investigaci\u00f3n por la Fiscal\u00eda, vislumbrando un aumento significativo por este delito, arriesgando penas desde los 5 a\u00f1os y un d\u00eda.<\/strong><\/li>\n<\/ul>\n<p>A una pena de dos a\u00f1os de c\u00e1rcel, m\u00e1s una multa de una Unidad Tributaria Mensual, fue condenado por el Tribunal Oral en Lo Penal de San Felipe, Sebasti\u00e1n Alexis Mella Mu\u00f1oz alias \u2018El Bicho\u2019 por los delitos de Porte ilegal de arma de fuego y Hurto de hallazgo, de un tel\u00e9fono celular ocurrido en Calle Freire de esta comuna.<br \/>\nTras el juicio oral, el fiscal Julio Palacios Bobadilla acus\u00f3 los hechos protagonizados por el actual condenado, correspondiente al d\u00eda 18 de noviembre de 2013, cuando un joven v\u00edctima transitaba por Calle Freire esquina Traslavi\u00f1a en San Felipe en horas de la noche. En dicha intersecci\u00f3n se percat\u00f3 que dos personas lo segu\u00edan con actitudes sospechosas, por lo que aceler\u00f3 el paso hasta iniciar una carrera con el temor de ser asaltado, ya que los sujetos comenzaron a perseguirlo.<br \/>\nNo obstante durante el trayecto, producto de la velocidad del trote, la v\u00edctima pierde su tel\u00e9fono celular al caer al pavimento, cuya especie fue recogido por los dos antisociales, desistiendo continuar la persecuci\u00f3n.<br \/>\nEn tanto la v\u00edctima durante el camino se aproxim\u00f3 hasta una patrulla de Carabineros relat\u00e1ndole lo sucedido, inici\u00e1ndose las diligencias tendientes a la captura de estos sujetos, quienes fueron observados escapando en un microb\u00fas que los trasladar\u00eda hasta la comuna de Putaendo.<\/p>\n<figure id=\"attachment_66474\" aria-describedby=\"caption-attachment-66474\" style=\"width: 300px\" class=\"wp-caption alignright\"><img data-recalc-dims=\"1\" loading=\"lazy\" decoding=\"async\" class=\"wp-image-66474 size-medium\" src=\"https:\/\/i0.wp.com\/www.eltrabajo.cl\/portal\/wp-content\/uploads\/2016\/02\/SEBAS-MELLA-copia-300x197.jpg?resize=300%2C197\" alt=\"En septiembre del 2015, el actual condenado fue capturado desde m\u00e1s de 15 metros de altura en el Colegio Alem\u00e1n de San Felipe, escapando de Carabineros tras aparentemente haber cometido un robo con violencia en Villa Departamental.\" width=\"300\" height=\"197\" srcset=\"https:\/\/i0.wp.com\/eltrabajo.cl\/portal\/wp-content\/uploads\/2016\/02\/SEBAS-MELLA-copia.jpg?resize=300%2C197&amp;ssl=1 300w, https:\/\/i0.wp.com\/eltrabajo.cl\/portal\/wp-content\/uploads\/2016\/02\/SEBAS-MELLA-copia.jpg?resize=200%2C131&amp;ssl=1 200w, https:\/\/i0.wp.com\/eltrabajo.cl\/portal\/wp-content\/uploads\/2016\/02\/SEBAS-MELLA-copia.jpg?resize=228%2C150&amp;ssl=1 228w, https:\/\/i0.wp.com\/eltrabajo.cl\/portal\/wp-content\/uploads\/2016\/02\/SEBAS-MELLA-copia.jpg?resize=400%2C263&amp;ssl=1 400w, https:\/\/i0.wp.com\/eltrabajo.cl\/portal\/wp-content\/uploads\/2016\/02\/SEBAS-MELLA-copia.jpg?w=530&amp;ssl=1 530w\" sizes=\"auto, (max-width: 300px) 100vw, 300px\" \/><figcaption id=\"caption-attachment-66474\" class=\"wp-caption-text\">En septiembre del 2015, el actual condenado fue capturado desde m\u00e1s de 15 metros de altura en el Colegio Alem\u00e1n de San Felipe, escapando de Carabineros tras aparentemente haber cometido un robo con violencia en Villa Departamental.<\/figcaption><\/figure>\n<p>Los efectivos policiales al interceptar el veh\u00edculo de locomoci\u00f3n colectiva, encontraron a dos pasajeros que coincid\u00edan con las caracter\u00edsticas se\u00f1aladas por el afectado. Uno de ellos identificado como Mella Mu\u00f1oz, quien manten\u00eda en su poder el tel\u00e9fono celular de propiedad de la v\u00edctima, adem\u00e1s de una escopeta hechiza al interior de una mochila, por lo cual result\u00f3 detenido y condenado.<\/p>\n<p><strong>ROBO CON VIOLENCIA<\/strong><br \/>\nSebasti\u00e1n Mella \u2018El Bicho\u2019, ser\u00e1 recordado al de haber sido capturado a m\u00e1s de 15 metros de altura en dependencias del Colegio Alem\u00e1n de San Felipe, cuando escapaba de Carabineros luego de ser acusado de asaltar y herir con un cuchillo a un repartidor de gas en la villa Departamental de esta comuna el pasado mes de septiembre del 2015.<br \/>\nSeg\u00fan las acusaciones que se mantienen en proceso de investigaci\u00f3n por parte de la Fiscal\u00eda y que en una pr\u00f3xima fecha ser\u00e1n materia de debate en juicio, Sebasti\u00e1n Mella habr\u00eda interceptado a un trabajador que se encontraba en pleno proceso de repartici\u00f3n de gas licuado junto a otro compa\u00f1ero de labores, cuando estacion\u00f3 su camioneta en calle Costanera de San Felipe a eso de las 15:00 horas.<br \/>\nSeg\u00fan el testimonio de las v\u00edctimas, Mella Mu\u00f1oz a punta de cuchillo intimid\u00f3 al trabajador mientras le sustrajo su billetera, inici\u00e1ndose un forcejeo entre ambos donde la v\u00edctima result\u00f3 con una herida en el t\u00f3rax producto de una estocada propinada por el delincuente, quien al escapar no logr\u00f3 obtener los $20.000 que portaba el repartidor.<br \/>\nSin embargo este antisocial tom\u00f3 un palo y destruy\u00f3 el parabrisas de la camioneta para luego darse a la fuga. Desde ah\u00ed el afectado solicit\u00f3 el auxilio de Carabineros acusando a su agresor a quien conoce con el apodo de \u2018El Bicho\u2019. Aquel d\u00eda los operativos policiales se desplegaron intensamente, luego que este sujeto escapara hasta la ribera del r\u00edo Aconcagua cruzando su cauce hasta llegar a la ruta 60 CH, ingresando clandestinamente hasta el interior del Colegio Alem\u00e1n; al llegar, escal\u00f3 hasta la techumbre del gimnasio para impedir ser capturado por el gran contingente de Carabineros que concurri\u00f3 hasta ese establecimiento educacional.<\/p>\n<p><strong>CLAMOR DE MADRE<\/strong><br \/>\nPese a las maniobras policiales desplegadas en el lugar, fue la propia madre del antisocial quien debi\u00f3 intervenir para convencerlo de que descendiera desde las alturas, luego que \u2018El Bicho\u2019 se autoinfiriera heridas en su cuerpo. Minutos m\u00e1s tarde fue arrestado por Carabineros para ser derivado hasta el Juzgado de Garant\u00eda de San Felipe, quedando desde ese d\u00eda hasta la fecha bajo la cautelar de prisi\u00f3n preventiva, cuya causa podr\u00eda ser condenada desde los cinco a\u00f1os y un d\u00eda de c\u00e1rcel.<br \/>\nNo obstante por el juicio recientemente concluido, el Fiscal Julio Palacios se mostr\u00f3 conforme con la sentencia emitida por el Tribunal Oral en Lo Penal de San Felipe \u201caunque persegu\u00edamos una pena m\u00e1s elevada, estamos conformes con la condena en contra de esta persona. En cuanto a los otros hechos respecto al robo con violencia la Fiscal\u00eda se encuentra a\u00fan en per\u00edodo de investigaci\u00f3n hasta llegar a un nuevo juicio\u201d, afirm\u00f3 el representante del Ministerio P\u00fablico de San Felipe.<br \/>\n<strong>Pablo Salinas Sald\u00edas<\/strong><\/p>\n","protected":false},"excerpt":{"rendered":"<p>Sebasti\u00e1n Mella Mu\u00f1oz escal\u00f3 a m\u00e1s de 15 metros de altura en el Colegio Alem\u00e1n de San Felipe escapando de Carabineros luego de ser acusado de un robo con violencia. La causa&#8230;<\/p>\n","protected":false},"author":482,"featured_media":66473,"comment_status":"open","ping_status":"open","sticky":false,"template":"","format":"standard","meta":{"advanced_seo_description":"","jetpack_seo_html_title":"","jetpack_seo_noindex":false,"_jetpack_memberships_contains_paid_content":false,"footnotes":""},"categories":[21],"tags":[],"class_list":["post-66472","post","type-post","status-publish","format-standard","has-post-thumbnail","hentry","category-policial"],"jetpack_featured_media_url":"https:\/\/i0.wp.com\/eltrabajo.cl\/portal\/wp-content\/uploads\/2016\/02\/SEBASTIAN-MELLA.jpg?fit=530%2C349&ssl=1","jetpack_sharing_enabled":true,"jetpack_likes_enabled":true,"jetpack-related-posts":[],"_links":{"self":[{"href":"https:\/\/eltrabajo.cl\/portal\/wp-json\/wp\/v2\/posts\/66472","targetHints":{"allow":["GET"]}}],"collection":[{"href":"https:\/\/eltrabajo.cl\/portal\/wp-json\/wp\/v2\/posts"}],"about":[{"href":"https:\/\/eltrabajo.cl\/portal\/wp-json\/wp\/v2\/types\/post"}],"author":[{"embeddable":true,"href":"https:\/\/eltrabajo.cl\/portal\/wp-json\/wp\/v2\/users\/482"}],"replies":[{"embeddable":true,"href":"https:\/\/eltrabajo.cl\/portal\/wp-json\/wp\/v2\/comments?post=66472"}],"version-history":[{"count":0,"href":"https:\/\/eltrabajo.cl\/portal\/wp-json\/wp\/v2\/posts\/66472\/revisions"}],"wp:featuredmedia":[{"embeddable":true,"href":"https:\/\/eltrabajo.cl\/portal\/wp-json\/wp\/v2\/media\/66473"}],"wp:attachment":[{"href":"https:\/\/eltrabajo.cl\/portal\/wp-json\/wp\/v2\/media?parent=66472"}],"wp:term":[{"taxonomy":"category","embeddable":true,"href":"https:\/\/eltrabajo.cl\/portal\/wp-json\/wp\/v2\/categories?post=66472"},{"taxonomy":"post_tag","embeddable":true,"href":"https:\/\/eltrabajo.cl\/portal\/wp-json\/wp\/v2\/tags?post=66472"}],"curies":[{"name":"wp","href":"https:\/\/api.w.org\/{rel}","templated":true}]}}