{"id":66483,"date":"2016-02-05T09:46:49","date_gmt":"2016-02-05T12:46:49","guid":{"rendered":"http:\/\/www.eltrabajo.cl\/portal\/?p=66483"},"modified":"2016-02-05T09:46:49","modified_gmt":"2016-02-05T12:46:49","slug":"con-diversas-actividades-este-fin-de-semana-se-realizara-la-fiesta-huasa-de-san-esteban","status":"publish","type":"post","link":"https:\/\/eltrabajo.cl\/portal\/con-diversas-actividades-este-fin-de-semana-se-realizara-la-fiesta-huasa-de-san-esteban\/","title":{"rendered":"Con diversas actividades este fin de semana se realizar\u00e1 la Fiesta Huasa de San Esteban"},"content":{"rendered":"<figure id=\"attachment_66484\" aria-describedby=\"caption-attachment-66484\" style=\"width: 300px\" class=\"wp-caption alignleft\"><img data-recalc-dims=\"1\" loading=\"lazy\" decoding=\"async\" class=\"wp-image-66484 size-medium\" src=\"https:\/\/i0.wp.com\/www.eltrabajo.cl\/portal\/wp-content\/uploads\/2016\/02\/candidatas2016-300x198.jpg?resize=300%2C198\" alt=\"En esta actividad se llevar\u00e1 a cabo un festival folcl\u00f3rico y habr\u00e1 elecci\u00f3n de reina 2016.\" width=\"300\" height=\"198\" srcset=\"https:\/\/i0.wp.com\/eltrabajo.cl\/portal\/wp-content\/uploads\/2016\/02\/candidatas2016.jpg?resize=300%2C198&amp;ssl=1 300w, https:\/\/i0.wp.com\/eltrabajo.cl\/portal\/wp-content\/uploads\/2016\/02\/candidatas2016.jpg?resize=200%2C132&amp;ssl=1 200w, https:\/\/i0.wp.com\/eltrabajo.cl\/portal\/wp-content\/uploads\/2016\/02\/candidatas2016.jpg?resize=227%2C150&amp;ssl=1 227w, https:\/\/i0.wp.com\/eltrabajo.cl\/portal\/wp-content\/uploads\/2016\/02\/candidatas2016.jpg?resize=400%2C264&amp;ssl=1 400w, https:\/\/i0.wp.com\/eltrabajo.cl\/portal\/wp-content\/uploads\/2016\/02\/candidatas2016.jpg?w=530&amp;ssl=1 530w\" sizes=\"auto, (max-width: 300px) 100vw, 300px\" \/><figcaption id=\"caption-attachment-66484\" class=\"wp-caption-text\">En esta actividad se llevar\u00e1 a cabo un festival folcl\u00f3rico y habr\u00e1 elecci\u00f3n de reina 2016.<\/figcaption><\/figure>\n<p><strong>SAN ESTEBAN<\/strong>.- Este fin de semana en el Parque la Ermita se desarrollar\u00e1 la Trig\u00e9simo Novena versi\u00f3n de la Fiesta Huasa de San Esteban, actividad que al igual que el a\u00f1o anterior tendr\u00e1 tambi\u00e9n elecci\u00f3n de reina.<br \/>\nLa actividad es organizada por el Cuerpo de Bomberos de San esteban y cuenta con el apoyo de la municipalidad de la comuna.<br \/>\nEl alcalde Ren\u00e9 Mardones inform\u00f3 que la actividad se inicia viernes 05 de febrero a contar de las 20:30 horas con la presentaci\u00f3n de las candidatas a reina, todas hermosas jovencitas pertenecientes a diferentes sectores de la comuna.<br \/>\nAsimismo se presentar\u00e1 al \u2018Hortequero\u2019 como s\u00edmbolo oficial de la Fiesta Huasa y que ser\u00e1 entregado a los ganadores del festival folcl\u00f3rico donde participar\u00e1n siete canciones<br \/>\n\u201cQuiero hacer una salvedad, ya que esta es la \u00fanica fiesta de la trilla que tiene candidatas a reina y un festival de la canci\u00f3n folcl\u00f3rico en toda la zona de Aconcagua\u201d, destac\u00f3 Mardones.<br \/>\nEl s\u00e1bado 06 las actividades comienzan a las 15.30 horas con la trilla, pruebas ecuestres, competencia huasa y trilla, conjuntos de cueca y folclor; presentaci\u00f3n del grupo Pira\u00f1a Cuatro y coronaci\u00f3n de la reina de la trilla. El cierre de las actividades est\u00e1 programado a las 05.00 de la madrugada del domingo.<br \/>\nPara finalizar esta fiesta de la trilla, las actividades del domingo 07 comenzaran a las 12.00 hora con la ceremonia oficial y la presentaci\u00f3n del Grupo Franco Chilena, en la tarde de esa d\u00eda habr\u00e1 diferentes grupos amenizando la jornada que extender\u00e1 hasta las 24.00.<br \/>\n\u201cTenemos una nutrida parrilla de presentaciones de nuestro folclor, costumbres corraleras y criollas de nuestra querida comuna. Con esto damos cuenta de que somos la mejor trilla del Valle de Aconcagua y no solo lo digo yo sino que tambi\u00e9n la gente lo dice. Hago un llamado a la comunidad andina para que venga a visitar la mejor trilla del valle\u201d, expres\u00f3 el alcalde.<br \/>\nConsultado el alcalde respecto a que la Fiesta Huasa coincidi\u00f3 en la misma fecha con la Trilla a Yegua Suelta de Calle Larga, lament\u00f3 la decisi\u00f3n que tom\u00f3 su par Nelson Venegas, \u201cya que \u00e9l aduce que tuvo problemas con Sernatur, pero ten\u00eda plazo hasta el 15 de febrero para hacer su actividad, la quiso hacer en igual fecha que la nuestra y est\u00e1 en su derecho ya que el administra su comuna, pero nosotros entregamos todos los documentos antes que ellos, creo que es su problema\u201d, fustig\u00f3.<br \/>\nMardones sostuvo que hay mucha gente que le gusta participar de ambos eventos criollos y que ahora deber\u00e1 decidirse por uno, \u201cpero San Esteban es la comuna que tiene m\u00e1s poblaci\u00f3n en la provincia y por ende vamos a tener m\u00e1s gente. San Esteban es m\u00e1s grande en territorio y en poblaci\u00f3n, por lo tanto no creo que tengamos problemas y la parrilla art\u00edstica que tenemos es superior a la de ellos\u201d, resalt\u00f3.<br \/>\nPor su parte, el Superintendente de Bomberos de San Esteban, Jorge Tapia Tobar, indic\u00f3 que para ellos es muy importante recibir aportes extras y que se generan por el cobro de las entradas y que todo lo recaudado se invierte en tener mejores equipos para combatir cualquier siniestro, \u00abpor lo tanto realizo un llamado a la comunidad a participar de esta fiesta costumbrista, que ya es una tradici\u00f3n en la comuna de San Esteban, en esta oportunidad tendremos diferentes animadores para cada d\u00eda de la fiesta\u00bb.<br \/>\nPuntualiz\u00f3 que los recursos obtenidos por esta fiesta huasa van dirigidos a la implementaci\u00f3n de seguridad, \u201cpor lo cual cada vez que ingresa un nuevo bombero debemos tener una implementaci\u00f3n b\u00e1sica y es eso lo que debemos tener durante el a\u00f1o para que puedan ingresar m\u00e1s bomberos a nuestra compa\u00f1\u00eda\u201d<br \/>\n\u201cHay que tener en cuenta que no podemos asistir a una emergencia con implementos b\u00e1sicos, debemos hacerlos con los implementos que esta requiere. Eso significa la diferencia entre la vida y la muerte, ya que debemos enfrentar las emergencias con los elementos de seguridad que esta requiere, ya sea para un rescate o alg\u00fan tipo de incendio\u201d, explic\u00f3 el superintendente.<br \/>\nLa entrada el d\u00eda viernes ser\u00e1 gratuita, mientras que s\u00e1bado y domingo ser\u00e1 de $ 1.500 adultos y $ 500 ni\u00f1os, pero para el show bailable se cobrar\u00e1 $ 2.500.<\/p>\n","protected":false},"excerpt":{"rendered":"<p>SAN ESTEBAN.- Este fin de semana en el Parque la Ermita se desarrollar\u00e1 la Trig\u00e9simo Novena versi\u00f3n de la Fiesta Huasa de San Esteban, actividad que al igual que el a\u00f1o anterior&#8230;<\/p>\n","protected":false},"author":482,"featured_media":66484,"comment_status":"open","ping_status":"open","sticky":false,"template":"","format":"standard","meta":{"advanced_seo_description":"","jetpack_seo_html_title":"","jetpack_seo_noindex":false,"_jetpack_memberships_contains_paid_content":false,"footnotes":""},"categories":[15],"tags":[],"class_list":["post-66483","post","type-post","status-publish","format-standard","has-post-thumbnail","hentry","category-comunidad"],"jetpack_featured_media_url":"https:\/\/i0.wp.com\/eltrabajo.cl\/portal\/wp-content\/uploads\/2016\/02\/candidatas2016.jpg?fit=530%2C350&ssl=1","jetpack_sharing_enabled":true,"jetpack_likes_enabled":true,"jetpack-related-posts":[],"_links":{"self":[{"href":"https:\/\/eltrabajo.cl\/portal\/wp-json\/wp\/v2\/posts\/66483","targetHints":{"allow":["GET"]}}],"collection":[{"href":"https:\/\/eltrabajo.cl\/portal\/wp-json\/wp\/v2\/posts"}],"about":[{"href":"https:\/\/eltrabajo.cl\/portal\/wp-json\/wp\/v2\/types\/post"}],"author":[{"embeddable":true,"href":"https:\/\/eltrabajo.cl\/portal\/wp-json\/wp\/v2\/users\/482"}],"replies":[{"embeddable":true,"href":"https:\/\/eltrabajo.cl\/portal\/wp-json\/wp\/v2\/comments?post=66483"}],"version-history":[{"count":0,"href":"https:\/\/eltrabajo.cl\/portal\/wp-json\/wp\/v2\/posts\/66483\/revisions"}],"wp:featuredmedia":[{"embeddable":true,"href":"https:\/\/eltrabajo.cl\/portal\/wp-json\/wp\/v2\/media\/66484"}],"wp:attachment":[{"href":"https:\/\/eltrabajo.cl\/portal\/wp-json\/wp\/v2\/media?parent=66483"}],"wp:term":[{"taxonomy":"category","embeddable":true,"href":"https:\/\/eltrabajo.cl\/portal\/wp-json\/wp\/v2\/categories?post=66483"},{"taxonomy":"post_tag","embeddable":true,"href":"https:\/\/eltrabajo.cl\/portal\/wp-json\/wp\/v2\/tags?post=66483"}],"curies":[{"name":"wp","href":"https:\/\/api.w.org\/{rel}","templated":true}]}}