{"id":66490,"date":"2016-02-05T09:53:47","date_gmt":"2016-02-05T12:53:47","guid":{"rendered":"http:\/\/www.eltrabajo.cl\/portal\/?p=66490"},"modified":"2016-02-05T09:53:47","modified_gmt":"2016-02-05T12:53:47","slug":"andina-informa-a-la-comunidad-modificaciones-al-proyecto-traspaso","status":"publish","type":"post","link":"https:\/\/eltrabajo.cl\/portal\/andina-informa-a-la-comunidad-modificaciones-al-proyecto-traspaso\/","title":{"rendered":"Andina informa a la comunidad modificaciones al Proyecto Traspaso"},"content":{"rendered":"<figure id=\"attachment_66491\" aria-describedby=\"caption-attachment-66491\" style=\"width: 300px\" class=\"wp-caption alignleft\"><img data-recalc-dims=\"1\" loading=\"lazy\" decoding=\"async\" class=\"wp-image-66491 size-medium\" src=\"https:\/\/i0.wp.com\/www.eltrabajo.cl\/portal\/wp-content\/uploads\/2016\/02\/CODELCO-Misael-Canales-300x198.jpg?resize=300%2C198\" alt=\"Misael Canales, presidente de la junta de vecinos de R\u00edo Blanco.\" width=\"300\" height=\"198\" srcset=\"https:\/\/i0.wp.com\/eltrabajo.cl\/portal\/wp-content\/uploads\/2016\/02\/CODELCO-Misael-Canales.jpg?resize=300%2C198&amp;ssl=1 300w, https:\/\/i0.wp.com\/eltrabajo.cl\/portal\/wp-content\/uploads\/2016\/02\/CODELCO-Misael-Canales.jpg?resize=200%2C132&amp;ssl=1 200w, https:\/\/i0.wp.com\/eltrabajo.cl\/portal\/wp-content\/uploads\/2016\/02\/CODELCO-Misael-Canales.jpg?resize=227%2C150&amp;ssl=1 227w, https:\/\/i0.wp.com\/eltrabajo.cl\/portal\/wp-content\/uploads\/2016\/02\/CODELCO-Misael-Canales.jpg?resize=400%2C264&amp;ssl=1 400w, https:\/\/i0.wp.com\/eltrabajo.cl\/portal\/wp-content\/uploads\/2016\/02\/CODELCO-Misael-Canales.jpg?w=530&amp;ssl=1 530w\" sizes=\"auto, (max-width: 300px) 100vw, 300px\" \/><figcaption id=\"caption-attachment-66491\" class=\"wp-caption-text\">Misael Canales, presidente de la junta de vecinos de R\u00edo Blanco.<\/figcaption><\/figure>\n<ul>\n<li><strong>A trav\u00e9s de reuniones informativas, se inici\u00f3 el proceso de consulta ciudadana a las mejoras planteadas al Proyecto Traspaso Mina-Planta, aprobado ambientalmente en 2011. La iniciativa busca asegurar la continuidad de la Divisi\u00f3n Andina sin aumentar la producci\u00f3n actual.<\/strong><\/li>\n<\/ul>\n<p><strong>LOS ANDES.<\/strong>&#8211; Cumpliendo con la normativa ambiental, Divisi\u00f3n Andina particip\u00f3 en las reuniones de consulta ciudadana convocadas por el Servicio de Evaluaci\u00f3n Ambiental (SEA) para compartir con la comunidad las mejoras planteadas por la empresa a su proyecto Traspaso Mina-Planta, que fue aprobado el a\u00f1o 2011 y que actualmente est\u00e1 en construcci\u00f3n.<br \/>\nLos encuentros se desarrollaron esta semana en Los Andes y Las Vizcachas y contaron con la asistencia de dirigentes vecinales, organizaciones ambientales, representantes de los regantes de la primera secci\u00f3n del r\u00edo Aconcagua, trabajadores de la divisi\u00f3n y vecinos en general.<br \/>\nAlberto Acu\u00f1a, director regional del Servicio de Evaluaci\u00f3n Ambiental, sostuvo que \u201cla idea es aportar a la declaraci\u00f3n ambiental con participaci\u00f3n ciudadana a este complemento y mejoras del proyecto que ya se encuentra aprobado\u201d.<br \/>\nEn tanto, Patricio Riquelme, presidente del agua potable rural R\u00edo Blanco, sostuvo que \u201cesta instancia es buena para la comunidad, sobre todo como representantes del agua potable rural que consumen las m\u00e1s de 300 familias de la localidad de R\u00edo Blanco. Qued\u00f3 m\u00e1s claro lo que se va hacer, muy buena la entrega de informaci\u00f3n\u201d.<br \/>\nPor su parte, Misael Canales, presidente de la junta de vecinos de R\u00edo Blanco, indic\u00f3 que \u201cme parece bien que Codelco junto a las comunidades est\u00e9n tratando estos temas. Existe desinformaci\u00f3n de la gente que cree que se trata del proyecto 244 y no tiene nada que ver. Hoy estamos en otro tema, se trata de otro proyecto. Nosotros estamos a 5 kil\u00f3metros de la Divisi\u00f3n y junto a ellos tenemos monitoreos conjuntos al r\u00edo y coordinamos capacitaciones para hablar de igual a igual con sus profesionales\u201d.<br \/>\nEl director de Sustentabilidad de la Divisi\u00f3n Andina, Humberto Rivas, destac\u00f3 la importancia de este proceso de participaci\u00f3n ciudadana. \u201cComo Divisi\u00f3n estamos satisfechos de haber participado en esta instancia contemplada en nuestra legislaci\u00f3n ambiental, la que nos han permitido compartir con nuestros vecinos los alcances y caracter\u00edsticas de las mejoras que estamos incorporando a este proyecto. Como empresa siempre estamos disponibles para atender y responder todas las consultas e inquietudes de nuestros vecinos, regantes y grupos ambientales externos respecto de nuestras operaciones\u201d, recalc\u00f3 Rivas.<br \/>\nLas personas pueden hacer llegar sus consultas sobre las modificaciones al proyecto hasta el pr\u00f3ximo 19 de enero al Sistema de Evaluaci\u00f3n Ambiental de Valpara\u00edso.<\/p>\n<p><strong>Modificaciones al proyecto Traspaso<\/strong><br \/>\nLas obras de modificaci\u00f3n ingresadas a trav\u00e9s de una DIA, permiten mantener la continuidad operacional de Andina, sin aumentar la producci\u00f3n ni la vida \u00fatil de la empresa.<br \/>\nLas principales obras son: nuevas plantas de agua potable y de tratamiento de aguas servidas, mejoras en t\u00faneles y sistemas de ventilaci\u00f3n en las obras subterr\u00e1neas, muros contra avalanchas y mejoramiento de las instalaciones de faenas de las empresas contratistas.<\/p>\n","protected":false},"excerpt":{"rendered":"<p>A trav\u00e9s de reuniones informativas, se inici\u00f3 el proceso de consulta ciudadana a las mejoras planteadas al Proyecto Traspaso Mina-Planta, aprobado ambientalmente en 2011. La iniciativa busca asegurar la continuidad de la&#8230;<\/p>\n","protected":false},"author":482,"featured_media":66491,"comment_status":"open","ping_status":"open","sticky":false,"template":"","format":"standard","meta":{"advanced_seo_description":"","jetpack_seo_html_title":"","jetpack_seo_noindex":false,"_jetpack_memberships_contains_paid_content":false,"footnotes":""},"categories":[1],"tags":[],"class_list":["post-66490","post","type-post","status-publish","format-standard","has-post-thumbnail","hentry","category-cronica"],"jetpack_featured_media_url":"https:\/\/i0.wp.com\/eltrabajo.cl\/portal\/wp-content\/uploads\/2016\/02\/CODELCO-Misael-Canales.jpg?fit=530%2C350&ssl=1","jetpack_sharing_enabled":true,"jetpack_likes_enabled":true,"jetpack-related-posts":[],"_links":{"self":[{"href":"https:\/\/eltrabajo.cl\/portal\/wp-json\/wp\/v2\/posts\/66490","targetHints":{"allow":["GET"]}}],"collection":[{"href":"https:\/\/eltrabajo.cl\/portal\/wp-json\/wp\/v2\/posts"}],"about":[{"href":"https:\/\/eltrabajo.cl\/portal\/wp-json\/wp\/v2\/types\/post"}],"author":[{"embeddable":true,"href":"https:\/\/eltrabajo.cl\/portal\/wp-json\/wp\/v2\/users\/482"}],"replies":[{"embeddable":true,"href":"https:\/\/eltrabajo.cl\/portal\/wp-json\/wp\/v2\/comments?post=66490"}],"version-history":[{"count":0,"href":"https:\/\/eltrabajo.cl\/portal\/wp-json\/wp\/v2\/posts\/66490\/revisions"}],"wp:featuredmedia":[{"embeddable":true,"href":"https:\/\/eltrabajo.cl\/portal\/wp-json\/wp\/v2\/media\/66491"}],"wp:attachment":[{"href":"https:\/\/eltrabajo.cl\/portal\/wp-json\/wp\/v2\/media?parent=66490"}],"wp:term":[{"taxonomy":"category","embeddable":true,"href":"https:\/\/eltrabajo.cl\/portal\/wp-json\/wp\/v2\/categories?post=66490"},{"taxonomy":"post_tag","embeddable":true,"href":"https:\/\/eltrabajo.cl\/portal\/wp-json\/wp\/v2\/tags?post=66490"}],"curies":[{"name":"wp","href":"https:\/\/api.w.org\/{rel}","templated":true}]}}