{"id":66496,"date":"2016-02-05T09:56:16","date_gmt":"2016-02-05T12:56:16","guid":{"rendered":"http:\/\/www.eltrabajo.cl\/portal\/?p=66496"},"modified":"2016-02-05T09:56:16","modified_gmt":"2016-02-05T12:56:16","slug":"certifican-a-mas-de-un-centenar-de-sanfelipenos-que-participaron-de-programa-mas-capaz","status":"publish","type":"post","link":"https:\/\/eltrabajo.cl\/portal\/certifican-a-mas-de-un-centenar-de-sanfelipenos-que-participaron-de-programa-mas-capaz\/","title":{"rendered":"Certifican a m\u00e1s de un centenar de sanfelipe\u00f1os que participaron de programa M\u00e1s Capaz"},"content":{"rendered":"<figure id=\"attachment_66497\" aria-describedby=\"caption-attachment-66497\" style=\"width: 300px\" class=\"wp-caption alignleft\"><img data-recalc-dims=\"1\" loading=\"lazy\" decoding=\"async\" class=\"wp-image-66497 size-medium\" src=\"https:\/\/i0.wp.com\/www.eltrabajo.cl\/portal\/wp-content\/uploads\/2016\/02\/Certificacion-Mas-Capaz-300x199.jpg?resize=300%2C199\" alt=\"Fueron 119 sanfelipe\u00f1os los que recibieron sus certificados que acreditan su egreso del programa M\u00e1s Capaz.\" width=\"300\" height=\"199\" srcset=\"https:\/\/i0.wp.com\/eltrabajo.cl\/portal\/wp-content\/uploads\/2016\/02\/Certificacion-Mas-Capaz.jpg?resize=300%2C199&amp;ssl=1 300w, https:\/\/i0.wp.com\/eltrabajo.cl\/portal\/wp-content\/uploads\/2016\/02\/Certificacion-Mas-Capaz.jpg?resize=200%2C133&amp;ssl=1 200w, https:\/\/i0.wp.com\/eltrabajo.cl\/portal\/wp-content\/uploads\/2016\/02\/Certificacion-Mas-Capaz.jpg?resize=226%2C150&amp;ssl=1 226w, https:\/\/i0.wp.com\/eltrabajo.cl\/portal\/wp-content\/uploads\/2016\/02\/Certificacion-Mas-Capaz.jpg?resize=400%2C265&amp;ssl=1 400w, https:\/\/i0.wp.com\/eltrabajo.cl\/portal\/wp-content\/uploads\/2016\/02\/Certificacion-Mas-Capaz.jpg?w=528&amp;ssl=1 528w\" sizes=\"auto, (max-width: 300px) 100vw, 300px\" \/><figcaption id=\"caption-attachment-66497\" class=\"wp-caption-text\">Fueron 119 sanfelipe\u00f1os los que recibieron sus certificados que acreditan su egreso del programa M\u00e1s Capaz.<\/figcaption><\/figure>\n<ul>\n<li><strong>Operadores de Gr\u00faa Horquilla, Maestros de Cocina, Guardias de Seguridad, entre otros oficios, ingresan al mercado laboral gracias a la medida presidencial que promueve la capacitaci\u00f3n de j\u00f3venes y mujeres.<\/strong><\/li>\n<\/ul>\n<p>Un Teatro Municipal repleto fue testigo de un momento culmine en la vida de m\u00e1s de cien habitantes de la comuna de San Felipe. Frente a familiares, amigos y autoridades de la zona ellos recibieron sus certificados que los acreditan como conocedores en una serie de oficios de alta empleabilidad, que cursaron durante tres meses en el marco del Programa de Formaci\u00f3n Laboral M\u00e1s Capaz de Sence. Los cursos correspondieron a Operador de Gr\u00faa Horquilla, Maestro de Cocina, Guardias de Seguridad, Actividades Auxiliares Administrativas, Gesti\u00f3n de Emprendimiento, y Servicio de Atenci\u00f3n a Clientes, ejecutados por los organismos t\u00e9cnicos Mypecap, Este Limitada, Cec, Universidad de Aconcagua, Agrofergo y Asiva, respectivamente.<br \/>\nAs\u00ed, 119 personas adquirieron conocimientos en estos \u00e1mbitos, obteniendo mejores herramientas para incorporarse exitosamente al mercado del trabajo. Un aspecto que destac\u00f3 el Gobernador Provincial de San felipe, Eduardo Le\u00f3n, que puso en relevancia el aporte social de M\u00e1s Capaz.<br \/>\n\u201cHay que recordar que el M\u00e1s Capaz es un compromiso presidencial. Durante el 2015 vivimos el piloto y capacitamos a m\u00e1s de cien personas y sus familias. Estamos satisfechos esperamos continuar este compromiso de empleo digno y de calidad\u201d, puntualiz\u00f3 la m\u00e1xima autoridad de la provincia.<br \/>\nLa seremi del Trabajo y Previsi\u00f3n Social, Karen Medina, recalc\u00f3 que con estas significativas ceremonias se cumple lo comprometido por el gobierno de la Presidenta Michelle Bachelet, de entregar mayores oportunidades a j\u00f3venes y mujeres.<br \/>\n\u201cCumplimos tambi\u00e9n con la agenda de trabajo de calidad en la regi\u00f3n por mejorar las condiciones laborales de nuestros trabajadores. Este es un tremendo desaf\u00edo para garantizar que estos dos grupos puedan insertarse en el mercado laboral, que encabezan el promedio de cesant\u00eda, y es por esa raz\u00f3n que debemos apuntar a ellos\u201d, indic\u00f3 la autoridad.<br \/>\nDurante su intervenci\u00f3n en el acto, el director regional de Sence, Esteban Vega, agradeci\u00f3 a las familias de los ahora egresados por el apoyo brindado para el \u00e9xito del proceso, relevando el rol de los funcionarios p\u00fablicos involucrados en este desaf\u00edo.<br \/>\n\u201cEl hito de hoy da cuenta de los que hemos sido capaces durante el 2015, como Sence, como Ministerio del Trabajo, como Gobierno, concretando esta pol\u00edtica p\u00fablica de alto impacto que, sin duda, va a trascender. Tengo mucha satisfacci\u00f3n porque varias de las personas que se capacitaron en el M\u00e1s Capaz est\u00e1n insertas en trabajos estables, lo que era el objetivo para nosotros\u201d, agreg\u00f3 Vega.<br \/>\nFinalmente el alcalde de San Felipe, Patricio Freire, se\u00f1al\u00f3 su disposici\u00f3n a seguir apoyando a M\u00e1s Capaz, reconociendo que ha aportado directamente a la comunidad local. \u201cEstamos muy agradecidos desde que empez\u00f3 el programa. Sence ha capacitado a gran cantidad de vecinos de la ciudad de San Felipe y hoy d\u00eda tenemos gente capacitada y emprendedores que necesitan de esto\u201d, indic\u00f3 el edil.<br \/>\nLa inversi\u00f3n que represent\u00f3 la ejecuci\u00f3n de estos 6 cursos de capacitaci\u00f3n en la comuna de San Felipe.<\/p>\n","protected":false},"excerpt":{"rendered":"<p>Operadores de Gr\u00faa Horquilla, Maestros de Cocina, Guardias de Seguridad, entre otros oficios, ingresan al mercado laboral gracias a la medida presidencial que promueve la capacitaci\u00f3n de j\u00f3venes y mujeres. Un Teatro&#8230;<\/p>\n","protected":false},"author":482,"featured_media":66497,"comment_status":"open","ping_status":"open","sticky":false,"template":"","format":"standard","meta":{"advanced_seo_description":"","jetpack_seo_html_title":"","jetpack_seo_noindex":false,"_jetpack_memberships_contains_paid_content":false,"footnotes":""},"categories":[1],"tags":[],"class_list":["post-66496","post","type-post","status-publish","format-standard","has-post-thumbnail","hentry","category-cronica"],"jetpack_featured_media_url":"https:\/\/i0.wp.com\/eltrabajo.cl\/portal\/wp-content\/uploads\/2016\/02\/Certificacion-Mas-Capaz.jpg?fit=528%2C350&ssl=1","jetpack_sharing_enabled":true,"jetpack_likes_enabled":true,"jetpack-related-posts":[],"_links":{"self":[{"href":"https:\/\/eltrabajo.cl\/portal\/wp-json\/wp\/v2\/posts\/66496","targetHints":{"allow":["GET"]}}],"collection":[{"href":"https:\/\/eltrabajo.cl\/portal\/wp-json\/wp\/v2\/posts"}],"about":[{"href":"https:\/\/eltrabajo.cl\/portal\/wp-json\/wp\/v2\/types\/post"}],"author":[{"embeddable":true,"href":"https:\/\/eltrabajo.cl\/portal\/wp-json\/wp\/v2\/users\/482"}],"replies":[{"embeddable":true,"href":"https:\/\/eltrabajo.cl\/portal\/wp-json\/wp\/v2\/comments?post=66496"}],"version-history":[{"count":0,"href":"https:\/\/eltrabajo.cl\/portal\/wp-json\/wp\/v2\/posts\/66496\/revisions"}],"wp:featuredmedia":[{"embeddable":true,"href":"https:\/\/eltrabajo.cl\/portal\/wp-json\/wp\/v2\/media\/66497"}],"wp:attachment":[{"href":"https:\/\/eltrabajo.cl\/portal\/wp-json\/wp\/v2\/media?parent=66496"}],"wp:term":[{"taxonomy":"category","embeddable":true,"href":"https:\/\/eltrabajo.cl\/portal\/wp-json\/wp\/v2\/categories?post=66496"},{"taxonomy":"post_tag","embeddable":true,"href":"https:\/\/eltrabajo.cl\/portal\/wp-json\/wp\/v2\/tags?post=66496"}],"curies":[{"name":"wp","href":"https:\/\/api.w.org\/{rel}","templated":true}]}}