{"id":66499,"date":"2016-02-05T09:58:36","date_gmt":"2016-02-05T12:58:36","guid":{"rendered":"http:\/\/www.eltrabajo.cl\/portal\/?p=66499"},"modified":"2016-02-05T10:13:16","modified_gmt":"2016-02-05T13:13:16","slug":"autoridad-asegura-que-comite-habitacional-futura-casa-no-presenta-retrasos-ni-fallas-estructurales-en-la-construccion-de-las-viviendas","status":"publish","type":"post","link":"https:\/\/eltrabajo.cl\/portal\/autoridad-asegura-que-comite-habitacional-futura-casa-no-presenta-retrasos-ni-fallas-estructurales-en-la-construccion-de-las-viviendas\/","title":{"rendered":"Autoridad asegura que Comit\u00e9 Habitacional Futura Casa no presenta retrasos ni fallas estructurales en la construcci\u00f3n de las viviendas"},"content":{"rendered":"<figure id=\"attachment_66500\" aria-describedby=\"caption-attachment-66500\" style=\"width: 300px\" class=\"wp-caption alignleft\"><img data-recalc-dims=\"1\" loading=\"lazy\" decoding=\"async\" class=\"wp-image-66500 size-medium\" src=\"https:\/\/i0.wp.com\/www.eltrabajo.cl\/portal\/wp-content\/uploads\/2016\/02\/FOTO-1-MIGUEL-TORRES-PRESIDENTE-DEL-COMITE-HABITACIONAL-FUTURA-CASA-300x197.jpg?resize=300%2C197\" alt=\"Miguel Torres, presidente del Comit\u00e9 Habitacional Futura Casa.\" width=\"300\" height=\"197\" srcset=\"https:\/\/i0.wp.com\/eltrabajo.cl\/portal\/wp-content\/uploads\/2016\/02\/FOTO-1-MIGUEL-TORRES-PRESIDENTE-DEL-COMITE-HABITACIONAL-FUTURA-CASA.jpg?resize=300%2C197&amp;ssl=1 300w, https:\/\/i0.wp.com\/eltrabajo.cl\/portal\/wp-content\/uploads\/2016\/02\/FOTO-1-MIGUEL-TORRES-PRESIDENTE-DEL-COMITE-HABITACIONAL-FUTURA-CASA.jpg?resize=200%2C131&amp;ssl=1 200w, https:\/\/i0.wp.com\/eltrabajo.cl\/portal\/wp-content\/uploads\/2016\/02\/FOTO-1-MIGUEL-TORRES-PRESIDENTE-DEL-COMITE-HABITACIONAL-FUTURA-CASA.jpg?resize=228%2C150&amp;ssl=1 228w, https:\/\/i0.wp.com\/eltrabajo.cl\/portal\/wp-content\/uploads\/2016\/02\/FOTO-1-MIGUEL-TORRES-PRESIDENTE-DEL-COMITE-HABITACIONAL-FUTURA-CASA.jpg?resize=400%2C263&amp;ssl=1 400w, https:\/\/i0.wp.com\/eltrabajo.cl\/portal\/wp-content\/uploads\/2016\/02\/FOTO-1-MIGUEL-TORRES-PRESIDENTE-DEL-COMITE-HABITACIONAL-FUTURA-CASA.jpg?w=530&amp;ssl=1 530w\" sizes=\"auto, (max-width: 300px) 100vw, 300px\" \/><figcaption id=\"caption-attachment-66500\" class=\"wp-caption-text\">Miguel Torres, presidente del Comit\u00e9 Habitacional Futura Casa.<\/figcaption><\/figure>\n<ul>\n<li><strong>Son 92 familias que se encuentran expectantes respecto del desarrollo de la obra, la cual, en alg\u00fan momento fue cuestionada por un dirigente del comit\u00e9 quien ahora asegura estar m\u00e1s tranquilo tras ver la forma en que avanzan los trabajos.<\/strong><\/li>\n<\/ul>\n<p>El Servicio de Vivienda y Urbanismo, Serviu, y la Oficina de la Vivienda y EGIS Municipal San Felipe, salieron al paso de las declaraciones que emitiera el Presidente del Comit\u00e9 Habitacional Futura Casa, Miguel Torres, respecto de un eventual atraso y algunos detalles en la construcci\u00f3n de las viviendas que se est\u00e1n edificando en el sector Enc\u00f3n, obra que est\u00e1 siendo desarrollada por la Constructora Santa Adriana y que tiene un costo cercano a los 2 mil millones de pesos.<br \/>\nEn su momento, el dirigente se\u00f1al\u00f3 que exist\u00eda cierta preocupaci\u00f3n dentro del Comit\u00e9 debido a algunas paredes que estaban en mal estado, pero que finalmente habr\u00edan sido derribadas. Torres asegur\u00f3 que \u201cyo fui a ver con mis propios ojos porque yo no quiero que nos den una casa que cuando la entreguen se lluevan, que nos digan las casas \u2018Copeva\u2019, porque todos saben lo que han sufrido estas familias, pero afortunadamente estoy m\u00e1s tranquilo porque esos detalles ya se est\u00e1n arreglando\u201d, sostuvo.<\/p>\n<figure id=\"attachment_66501\" aria-describedby=\"caption-attachment-66501\" style=\"width: 300px\" class=\"wp-caption alignright\"><img data-recalc-dims=\"1\" loading=\"lazy\" decoding=\"async\" class=\"wp-image-66501 size-medium\" src=\"https:\/\/i0.wp.com\/www.eltrabajo.cl\/portal\/wp-content\/uploads\/2016\/02\/FOTO-2-FELIPE-GODOY-300x197.jpg?resize=300%2C197\" alt=\"Felipe Godoy coordinador de la Oficina de la Vivienda y Egis municipal San Felipe.\" width=\"300\" height=\"197\" srcset=\"https:\/\/i0.wp.com\/eltrabajo.cl\/portal\/wp-content\/uploads\/2016\/02\/FOTO-2-FELIPE-GODOY.jpg?resize=300%2C197&amp;ssl=1 300w, https:\/\/i0.wp.com\/eltrabajo.cl\/portal\/wp-content\/uploads\/2016\/02\/FOTO-2-FELIPE-GODOY.jpg?resize=200%2C131&amp;ssl=1 200w, https:\/\/i0.wp.com\/eltrabajo.cl\/portal\/wp-content\/uploads\/2016\/02\/FOTO-2-FELIPE-GODOY.jpg?resize=228%2C150&amp;ssl=1 228w, https:\/\/i0.wp.com\/eltrabajo.cl\/portal\/wp-content\/uploads\/2016\/02\/FOTO-2-FELIPE-GODOY.jpg?resize=400%2C263&amp;ssl=1 400w, https:\/\/i0.wp.com\/eltrabajo.cl\/portal\/wp-content\/uploads\/2016\/02\/FOTO-2-FELIPE-GODOY.jpg?w=530&amp;ssl=1 530w\" sizes=\"auto, (max-width: 300px) 100vw, 300px\" \/><figcaption id=\"caption-attachment-66501\" class=\"wp-caption-text\">Felipe Godoy coordinador de la Oficina de la Vivienda y Egis municipal San Felipe.<\/figcaption><\/figure>\n<p>Ante este escenario, la delegada de Serviu San Felipe-Los Andes, Geovanna Serey, asegur\u00f3 que las 92 viviendas se encuentran y aclar\u00f3 que \u201clas obras comenzaron en junio y el estado de avance de los trabajos es normal, nosotros estamos supervisando constantemente en terreno, tenemos un hito residente que est\u00e1 siempre ah\u00ed, contratado por Serviu, y vamos revisando, fiscalizando que se vaya cumpliendo la programaci\u00f3n\u201d, explic\u00f3<br \/>\nRespecto de cu\u00e1l es el porcentaje de avance que ha alcanzado el proyecto inmobiliario durante este per\u00edodo, Serey a\u00f1adi\u00f3 que \u201cen este momento tiene un avance normal, tiene un 25 %, est\u00e1 en buenas condiciones, hemos observado peque\u00f1os detalles que son normales dentro de la ejecuci\u00f3n de una obra, los cuales se van consignando en el libro de obras y luego se corrigen\u201d, detall\u00f3.<br \/>\nA su vez, Felipe Godoy, arquitecto y coordinador de la Oficina Municipal de la vivienda y EGIS municipal de San Felipe, ratific\u00f3 que en alg\u00fan instante recibieron las inquietudes que manifestaron los integrantes del comit\u00e9, pero que \u00e9stas se adecuan a una sensaci\u00f3n natural de quien est\u00e1 prepar\u00e1ndose para cumplir con el sue\u00f1o de la casa propia.<br \/>\n\u201cEfectivamente nosotros hablamos con algunos vecinos, que en su ansiedad, propia de un proyecto como este, nos han dado a conocer alg\u00fan problema con lo que ellos observan con el avance de las obras espec\u00edficamente. En alg\u00fan momento tuvimos tambi\u00e9n algunas quejas de ellos respecto de c\u00f3mo se ve\u00edan algunas partidas en la obra, entendiendo que no todos son expertos en construcci\u00f3n y que los trabajos se encuentran en proceso\u201d, destac\u00f3 el profesional.<br \/>\nDe la misma forma, Godoy agreg\u00f3 que \u201ctenemos la confianza absoluta en la supervisi\u00f3n y asistencia t\u00e9cnica del Serviu, todo lo dem\u00e1s es producto de la ansiedad propia de un proyecto de este tipo, la gente ha esperado mucho por sus casas, entonces es claro que cuando ellos obtuvieron sus subsidios esperaban tener sus casa en un par de meses, pero no es as\u00ed\u201d, recalc\u00f3.<br \/>\nEl arquitecto enfatiz\u00f3 que no existe ning\u00fan problema con la Constructora, que las obras est\u00e1n siendo visitadas constantemente por el equipo de t\u00e9cnico de Serviu y asumi\u00f3 que \u201cel \u00fanico retraso que podemos presentar con respecto a lo que se hab\u00eda planificado inicialmente es que, la casa piloto que se iba a entregar a fines de diciembre o enero, se estar\u00eda entregando ahora en marzo, es el \u00fanico retraso que tienen las obras en general, pero el proceso contin\u00faa por los canales normales\u201d, defini\u00f3.<br \/>\nGodoy cont\u00f3 adem\u00e1s que este proyecto es innovador en el Valle de Aconcagua y tiene caracter\u00edsticas bien espec\u00edficas. \u201cEs el m\u00e1s grande que se ha realizado en nuestra zona, que no suene a soberbia, m\u00e1s que en el n\u00famero tiene caracter\u00edsticas que se realizan por primer vez en el Valle\u2026no hay referencias cercanas, son edificios de 3 pisos con departamentos d\u00faplex, en los cuales cada departamento va a tener acceso a un patio, que es lo que se buscaba inicialmente, porque toda la gente quer\u00eda tener una casa por ese factor que hace sentir la propiedad en el suelo, se busc\u00f3 y la constructora Carlos Carrillo desarroll\u00f3 un proyecto muy especial, innovador al que le tenemos mucha fe y que ha tenido bastante aceptaci\u00f3n sobre lo que hemos visto en maquetas virtuales\u201d, narr\u00f3<br \/>\nCabe destacar que la Oficina de la Vivienda y EGIS Municipal funciona como un ente articulador, ya que, presta apoyo a los vecinos en lo referido a viviendas sociales y en este caso, contribuy\u00f3 en la pulcritud de la postulaci\u00f3n del Comit\u00e9 Futura Casa para obtener el subsidio DS 49.<br \/>\n\u201cAyudamos en la organizaci\u00f3n del grupo, muchos de ellos fueron estafados por la EGIS Daniela, y adem\u00e1s otro ten\u00edan un puntaje un poco m\u00e1s alto que les jugaba en contra respecto de la postulaci\u00f3n a nivel regional y el municipio los ayud\u00f3 para que realizaran una mejor postulaci\u00f3n y bueno se logr\u00f3 obtener el subsidio, la Consultora Carrillo ya llevaba un tiempo trabajando en este proyecto y gracias a eso se gan\u00f3 mucho tiempo en ese proceso, nosotros seguimos siendo el apoyo de la gente, donde la gente se acerca a plantear sus dudas y nosotros las canalizamos las dudas y las respuestas de los organismos pertinentes\u201d, reafirm\u00f3 Godoy.<\/p>\n","protected":false},"excerpt":{"rendered":"<p>Son 92 familias que se encuentran expectantes respecto del desarrollo de la obra, la cual, en alg\u00fan momento fue cuestionada por un dirigente del comit\u00e9 quien ahora asegura estar m\u00e1s tranquilo tras&#8230;<\/p>\n","protected":false},"author":482,"featured_media":66500,"comment_status":"open","ping_status":"open","sticky":false,"template":"","format":"standard","meta":{"advanced_seo_description":"","jetpack_seo_html_title":"","jetpack_seo_noindex":false,"_jetpack_memberships_contains_paid_content":false,"footnotes":""},"categories":[1],"tags":[],"class_list":["post-66499","post","type-post","status-publish","format-standard","has-post-thumbnail","hentry","category-cronica"],"jetpack_featured_media_url":"https:\/\/i0.wp.com\/eltrabajo.cl\/portal\/wp-content\/uploads\/2016\/02\/FOTO-1-MIGUEL-TORRES-PRESIDENTE-DEL-COMITE-HABITACIONAL-FUTURA-CASA.jpg?fit=530%2C348&ssl=1","jetpack_sharing_enabled":true,"jetpack_likes_enabled":true,"jetpack-related-posts":[],"_links":{"self":[{"href":"https:\/\/eltrabajo.cl\/portal\/wp-json\/wp\/v2\/posts\/66499","targetHints":{"allow":["GET"]}}],"collection":[{"href":"https:\/\/eltrabajo.cl\/portal\/wp-json\/wp\/v2\/posts"}],"about":[{"href":"https:\/\/eltrabajo.cl\/portal\/wp-json\/wp\/v2\/types\/post"}],"author":[{"embeddable":true,"href":"https:\/\/eltrabajo.cl\/portal\/wp-json\/wp\/v2\/users\/482"}],"replies":[{"embeddable":true,"href":"https:\/\/eltrabajo.cl\/portal\/wp-json\/wp\/v2\/comments?post=66499"}],"version-history":[{"count":0,"href":"https:\/\/eltrabajo.cl\/portal\/wp-json\/wp\/v2\/posts\/66499\/revisions"}],"wp:featuredmedia":[{"embeddable":true,"href":"https:\/\/eltrabajo.cl\/portal\/wp-json\/wp\/v2\/media\/66500"}],"wp:attachment":[{"href":"https:\/\/eltrabajo.cl\/portal\/wp-json\/wp\/v2\/media?parent=66499"}],"wp:term":[{"taxonomy":"category","embeddable":true,"href":"https:\/\/eltrabajo.cl\/portal\/wp-json\/wp\/v2\/categories?post=66499"},{"taxonomy":"post_tag","embeddable":true,"href":"https:\/\/eltrabajo.cl\/portal\/wp-json\/wp\/v2\/tags?post=66499"}],"curies":[{"name":"wp","href":"https:\/\/api.w.org\/{rel}","templated":true}]}}