{"id":66506,"date":"2016-02-05T10:01:22","date_gmt":"2016-02-05T13:01:22","guid":{"rendered":"http:\/\/www.eltrabajo.cl\/portal\/?p=66506"},"modified":"2016-02-05T10:09:37","modified_gmt":"2016-02-05T13:09:37","slug":"serviu-san-felipe-los-andes-llaman-a-participar-de-las-postulaciones-al-subsidio-de-arriendo","status":"publish","type":"post","link":"https:\/\/eltrabajo.cl\/portal\/serviu-san-felipe-los-andes-llaman-a-participar-de-las-postulaciones-al-subsidio-de-arriendo\/","title":{"rendered":"Serviu San Felipe-Los Andes llaman a participar de las postulaciones al Subsidio de Arriendo"},"content":{"rendered":"<figure id=\"attachment_66507\" aria-describedby=\"caption-attachment-66507\" style=\"width: 300px\" class=\"wp-caption alignleft\"><img data-recalc-dims=\"1\" loading=\"lazy\" decoding=\"async\" class=\"wp-image-66507 size-medium\" src=\"https:\/\/i0.wp.com\/www.eltrabajo.cl\/portal\/wp-content\/uploads\/2016\/02\/FOTO-3-GEOVANNA-SEREY-DELEGADA-BI-PROVINCIAL-DE-SERVIU-SAN-FELIPE-LOS-ANDES-300x197.jpg?resize=300%2C197\" alt=\"Geovanna Serey, delegada bi-provincial serviu san felipe-los andes\" width=\"300\" height=\"197\" srcset=\"https:\/\/i0.wp.com\/eltrabajo.cl\/portal\/wp-content\/uploads\/2016\/02\/FOTO-3-GEOVANNA-SEREY-DELEGADA-BI-PROVINCIAL-DE-SERVIU-SAN-FELIPE-LOS-ANDES.jpg?resize=300%2C197&amp;ssl=1 300w, https:\/\/i0.wp.com\/eltrabajo.cl\/portal\/wp-content\/uploads\/2016\/02\/FOTO-3-GEOVANNA-SEREY-DELEGADA-BI-PROVINCIAL-DE-SERVIU-SAN-FELIPE-LOS-ANDES.jpg?resize=200%2C131&amp;ssl=1 200w, https:\/\/i0.wp.com\/eltrabajo.cl\/portal\/wp-content\/uploads\/2016\/02\/FOTO-3-GEOVANNA-SEREY-DELEGADA-BI-PROVINCIAL-DE-SERVIU-SAN-FELIPE-LOS-ANDES.jpg?resize=228%2C150&amp;ssl=1 228w, https:\/\/i0.wp.com\/eltrabajo.cl\/portal\/wp-content\/uploads\/2016\/02\/FOTO-3-GEOVANNA-SEREY-DELEGADA-BI-PROVINCIAL-DE-SERVIU-SAN-FELIPE-LOS-ANDES.jpg?resize=400%2C263&amp;ssl=1 400w, https:\/\/i0.wp.com\/eltrabajo.cl\/portal\/wp-content\/uploads\/2016\/02\/FOTO-3-GEOVANNA-SEREY-DELEGADA-BI-PROVINCIAL-DE-SERVIU-SAN-FELIPE-LOS-ANDES.jpg?w=530&amp;ssl=1 530w\" sizes=\"auto, (max-width: 300px) 100vw, 300px\" \/><figcaption id=\"caption-attachment-66507\" class=\"wp-caption-text\">Geovanna Serey, delegada bi-provincial serviu san felipe-los andes<\/figcaption><\/figure>\n<ul>\n<li><strong>El aporte es de 4 UF mensuales y tiene como objetivo que las familias con menos recursos ahorren para optar a alg\u00fan programa que los encamine hacia la casa propia.<\/strong><\/li>\n<\/ul>\n<p>Desde el 1 de febrero en el Servicio de Vivienda y urbanismo, Serviu, se encuentran abiertas las postulaciones al subsidio de arriendo, el cual est\u00e1 dirigido a las familias que pertenezcan al 70 % m\u00e1s vulnerable de la poblaci\u00f3n, que necesiten una soluci\u00f3n habitacional flexible por un tiempo determinado, y que sean capaces de realizar un desembolso mensual destinado a pagar un arriendo<br \/>\nAs\u00ed lo confirm\u00f3 Geovanna Serey, Delegada Bi-Provincial del Serviu San Felipe-Los Andes, quien asegur\u00f3 que este a\u00f1o el beneficio trae un importante cambio, esgrimiendo que \u201cpara este a\u00f1o cambiaron varias cosas respecto de la postulaci\u00f3n a este beneficio, puesto que, antes ten\u00edamos postulaciones cada cierto tiempo, como son los llamados regulares de los otros programas, esta vez el subsidio de arriendo va a terminar en el mes de noviembre, la recepci\u00f3n de postulaciones ser\u00e1 de atenci\u00f3n continuada de lunes a viernes en horario de oficina de 9 a 13.30 horas\u201d, destac\u00f3.<br \/>\nEn esta oportunidad, la gran particularidad que tendr\u00e1 el beneficio, ser\u00e1 que las postulaciones se realizar\u00e1n dentro del mes en curso y los resultados se otorgar\u00e1n dentro de los primeros 5 d\u00edas del mes entrante y seg\u00fan afirm\u00f3 Serey \u201cva a ser bien din\u00e1mico y r\u00e1pido el conocer los resultados y si la familia no queda en esa postulaci\u00f3n puede volver a intentarlo las veces que sea necesario hasta que pueda obtener su subsidio\u201d, dijo<br \/>\nRespecto de cu\u00e1l es el principal esp\u00edritu de este beneficio, la personera expuso que \u201cla idea es que la familia ahorre una cantidad de dinero mensualmente en su libreta de ahorro para la vivienda y proyectarse as\u00ed para la postulaci\u00f3n de un programa regular y obtener su vivienda definitiva con el transcurso de los a\u00f1os.<br \/>\nEl aporte consiste en la entrega de 4 Unidades de Fomento, UF mensuales, con un valor m\u00e1ximo del costo del arriendo de 220 mil pesos para esta zona y que permite ahorrar cerca de 12\u00ba mil pesos mensuales\u201d.<br \/>\nLos requisitos para poder postular a este programa tambi\u00e9n surgieron un par de modificaciones, como por ejemplo, el hecho de que ya no existe l\u00edmite de edad para postular, exigencia que anteriormente estipulaba no ser mayor de 35 a\u00f1os, ahora ya no tiene edad definida y todos pueden postular.<br \/>\n\u201cEs importante se\u00f1alar que los postulantes deben contar con un grupo familiar, no pueden ser personas solas, deben ser mayores de 18 a\u00f1os, adem\u00e1s deben tener un ingreso mensual m\u00ednimo de 180 mil pesos, respaldado en sistema con liquidaciones de sueldo, cotizaciones de AFP, pensiones de cualquier tipo o boletas electr\u00f3nicas con el informe del Servicio de Impuestos Internos, SII, y finalmente un ahorro previo que se les exige de 3 UF, unos 80 mil pesos en su libreta de ahorro\u201d, describi\u00f3 Serey.<br \/>\nEs importante recordar que todos estos antecedentes deben estar respaldados por el nuevo sistema de Registro Social de Hogares, que cumple la funci\u00f3n que antiguamente desempe\u00f1aba la Ficha de Protecci\u00f3n Social, FPS. En ese contexto, el informe debe corroborar que la familia postulante pertenece al 70 % de familias m\u00e1s vulnerables de la poblaci\u00f3n y de acuerdo a esto Serey relat\u00f3 que \u201cel Ministerio de Vivienda va a considerar los mismos puntajes de las personas que ten\u00edan FPS hasta Diciembre de 2015, las personas que no ten\u00edan ficha, se van a encuestar y van a quedar categorizadas en un tramo. Nosotros vamos a pedir al Ministerio de Desarrollo Social, que se homologue desde tramo a puntaje, por lo tanto vamos a tener siempre una referencia que ser\u00e1n los 13.480 puntos\u201d, concluy\u00f3.<\/p>\n","protected":false},"excerpt":{"rendered":"<p>El aporte es de 4 UF mensuales y tiene como objetivo que las familias con menos recursos ahorren para optar a alg\u00fan programa que los encamine hacia la casa propia. Desde el&#8230;<\/p>\n","protected":false},"author":482,"featured_media":66507,"comment_status":"open","ping_status":"open","sticky":false,"template":"","format":"standard","meta":{"advanced_seo_description":"","jetpack_seo_html_title":"","jetpack_seo_noindex":false,"_jetpack_memberships_contains_paid_content":false,"footnotes":""},"categories":[15],"tags":[],"class_list":["post-66506","post","type-post","status-publish","format-standard","has-post-thumbnail","hentry","category-comunidad"],"jetpack_featured_media_url":"https:\/\/i0.wp.com\/eltrabajo.cl\/portal\/wp-content\/uploads\/2016\/02\/FOTO-3-GEOVANNA-SEREY-DELEGADA-BI-PROVINCIAL-DE-SERVIU-SAN-FELIPE-LOS-ANDES.jpg?fit=530%2C348&ssl=1","jetpack_sharing_enabled":true,"jetpack_likes_enabled":true,"jetpack-related-posts":[],"_links":{"self":[{"href":"https:\/\/eltrabajo.cl\/portal\/wp-json\/wp\/v2\/posts\/66506","targetHints":{"allow":["GET"]}}],"collection":[{"href":"https:\/\/eltrabajo.cl\/portal\/wp-json\/wp\/v2\/posts"}],"about":[{"href":"https:\/\/eltrabajo.cl\/portal\/wp-json\/wp\/v2\/types\/post"}],"author":[{"embeddable":true,"href":"https:\/\/eltrabajo.cl\/portal\/wp-json\/wp\/v2\/users\/482"}],"replies":[{"embeddable":true,"href":"https:\/\/eltrabajo.cl\/portal\/wp-json\/wp\/v2\/comments?post=66506"}],"version-history":[{"count":0,"href":"https:\/\/eltrabajo.cl\/portal\/wp-json\/wp\/v2\/posts\/66506\/revisions"}],"wp:featuredmedia":[{"embeddable":true,"href":"https:\/\/eltrabajo.cl\/portal\/wp-json\/wp\/v2\/media\/66507"}],"wp:attachment":[{"href":"https:\/\/eltrabajo.cl\/portal\/wp-json\/wp\/v2\/media?parent=66506"}],"wp:term":[{"taxonomy":"category","embeddable":true,"href":"https:\/\/eltrabajo.cl\/portal\/wp-json\/wp\/v2\/categories?post=66506"},{"taxonomy":"post_tag","embeddable":true,"href":"https:\/\/eltrabajo.cl\/portal\/wp-json\/wp\/v2\/tags?post=66506"}],"curies":[{"name":"wp","href":"https:\/\/api.w.org\/{rel}","templated":true}]}}