{"id":66509,"date":"2016-02-05T10:02:35","date_gmt":"2016-02-05T13:02:35","guid":{"rendered":"http:\/\/www.eltrabajo.cl\/portal\/?p=66509"},"modified":"2016-02-05T10:02:35","modified_gmt":"2016-02-05T13:02:35","slug":"nueva-forma-de-marcar-entrara-en-vigencia-manana-sabado","status":"publish","type":"post","link":"https:\/\/eltrabajo.cl\/portal\/nueva-forma-de-marcar-entrara-en-vigencia-manana-sabado\/","title":{"rendered":"Nueva forma de marcar entrar\u00e1 en vigencia ma\u00f1ana s\u00e1bado"},"content":{"rendered":"<figure id=\"attachment_66510\" aria-describedby=\"caption-attachment-66510\" style=\"width: 300px\" class=\"wp-caption alignleft\"><img data-recalc-dims=\"1\" loading=\"lazy\" decoding=\"async\" class=\"wp-image-66510 size-medium\" src=\"https:\/\/i0.wp.com\/www.eltrabajo.cl\/portal\/wp-content\/uploads\/2016\/02\/Portabilidad-gobierno-300x197.jpg?resize=300%2C197\" alt=\"Desde este s\u00e1bado 6 de febrero comenzar\u00e1 a regir la nueva forma de marcar, que es uno de los pasos para alcanzar la portabilidad total en el pa\u00eds. \" width=\"300\" height=\"197\" srcset=\"https:\/\/i0.wp.com\/eltrabajo.cl\/portal\/wp-content\/uploads\/2016\/02\/Portabilidad-gobierno.jpg?resize=300%2C197&amp;ssl=1 300w, https:\/\/i0.wp.com\/eltrabajo.cl\/portal\/wp-content\/uploads\/2016\/02\/Portabilidad-gobierno.jpg?resize=200%2C131&amp;ssl=1 200w, https:\/\/i0.wp.com\/eltrabajo.cl\/portal\/wp-content\/uploads\/2016\/02\/Portabilidad-gobierno.jpg?resize=228%2C150&amp;ssl=1 228w, https:\/\/i0.wp.com\/eltrabajo.cl\/portal\/wp-content\/uploads\/2016\/02\/Portabilidad-gobierno.jpg?resize=400%2C263&amp;ssl=1 400w, https:\/\/i0.wp.com\/eltrabajo.cl\/portal\/wp-content\/uploads\/2016\/02\/Portabilidad-gobierno.jpg?w=530&amp;ssl=1 530w\" sizes=\"auto, (max-width: 300px) 100vw, 300px\" \/><figcaption id=\"caption-attachment-66510\" class=\"wp-caption-text\">Desde este s\u00e1bado 6 de febrero comenzar\u00e1 a regir la nueva forma de marcar, que es uno de los pasos para alcanzar la portabilidad total en el pa\u00eds.<\/figcaption><\/figure>\n<ul>\n<li><strong>Instancia se realiza como el paso previo para la portabilidad total. Adem\u00e1s, la Subtel cre\u00f3 una aplicaci\u00f3n que simplifica el proceso.<\/strong><\/li>\n<\/ul>\n<p>Como el paso previo a la portabilidad total, ma\u00f1ana s\u00e1bado en nuestro pa\u00eds se cambiar\u00e1 la forma de marcar desde los tel\u00e9fonos m\u00f3viles, hacia m\u00f3viles y hacia n\u00fameros fijos. A partir de esta fecha la marcaci\u00f3n en las redes de los concesionarios de servicio p\u00fablico telef\u00f3nico y servicio p\u00fablico de voz sobre Internet, ser\u00e1 siempre de 9 d\u00edgitos, independientemente de la red de destino de la llamada.<br \/>\nLa numeraci\u00f3n m\u00f3vil pasar\u00e1 a ser de 9 d\u00edgitos, ya que se le agregar\u00e1 el \u20189\u2019 al inicio. Actualmente los celulares tienen ocho d\u00edgitos, por ejemplo: 6209XXXX, pero desde el 6 de febrero, ser\u00e1 as\u00ed: 9 62 09 XX XX<br \/>\nEn tanto, a los n\u00fameros fijos se les eliminar\u00e1 el \u20180\u2019 como muestra el siguiente ejemplo. Actualmente: 22421XXXX, y desde el 6 de febrero: 022421XXXX<br \/>\nEs por esto, que el gobernador Eduardo Le\u00f3n hizo el llamado a la comunidad a estar informados sobre este cambio que se iniciar\u00e1 este s\u00e1bado. \u201cEl Ministerio de Transporte est\u00e1 homologando el n\u00famero telef\u00f3nico para avanzar a una portabilidad total. La idea es que cada uno sea due\u00f1o de su n\u00famero y la gente pueda cambiarse de compa\u00f1\u00eda y regi\u00f3n sin la necesidad de cambiarlo\u201d, destac\u00f3 la m\u00e1xima autoridad provincial.<br \/>\nAsimismo, destac\u00f3 que \u201caquellos que utilicen whatsapp, registrado con el +569, no deben hacer el cambio. Nosotros los invitamos a informarse para que no existan dudas con respecto a la realizaci\u00f3n de llamadas\u201d.<br \/>\nLuego de este paso, y a contar del lunes 05 de Septiembre de 2016, la Portabilidad Completa estar\u00e1 comercialmente disponible en todo el pa\u00eds, lo que significa que se podr\u00e1 elegir portar un n\u00famero fijo a m\u00f3vil, y de m\u00f3vil a fijo.<br \/>\nEste proceso junto al de Portabilidad Geogr\u00e1fica iniciado en septiembre de este a\u00f1o, y que permite portar los n\u00fameros telef\u00f3nico fijos hacia cualquier lugar de Chile continental e insular completan unos de los sistemas l\u00edder en el mundo en cuanto a portabilidad telef\u00f3nica.<\/p>\n<p><strong>APLICACI\u00d3N<\/strong><br \/>\nPara simplificar el proceso de actualizaci\u00f3n de las agendas telef\u00f3nicas de los usuarios, la Subsecretaria de Telecomunicaciones present\u00f3 la aplicaci\u00f3n gratuita \u2018Nueva Forma de Marcar\u2019.<br \/>\nSeg\u00fan los datos de uso de esta aplicaci\u00f3n, m\u00e1s de 120 mil personas han descargado la herramienta y 80 mil la han usado para actualizar su agenda telef\u00f3nica. Estos usuarios han actualizado 6.371.211 n\u00fameros desde sus agendas, al 28 de enero de 2016, a las 14:00 horas.<br \/>\nEn cuanto a los sistemas operativos, la aplicaci\u00f3n ha sido descargada 32 mil veces para sistema iOS y 87 mil en Android. Los datos demuestran que esta herramienta gratuita est\u00e1 siendo \u00fatil para los usuarios de Telefon\u00eda M\u00f3vil, y se encuentra disponible en las tiendas de Android y IOS.<\/p>\n","protected":false},"excerpt":{"rendered":"<p>Instancia se realiza como el paso previo para la portabilidad total. Adem\u00e1s, la Subtel cre\u00f3 una aplicaci\u00f3n que simplifica el proceso. Como el paso previo a la portabilidad total, ma\u00f1ana s\u00e1bado en&#8230;<\/p>\n","protected":false},"author":482,"featured_media":66510,"comment_status":"open","ping_status":"open","sticky":false,"template":"","format":"standard","meta":{"advanced_seo_description":"","jetpack_seo_html_title":"","jetpack_seo_noindex":false,"_jetpack_memberships_contains_paid_content":false,"footnotes":""},"categories":[1],"tags":[],"class_list":["post-66509","post","type-post","status-publish","format-standard","has-post-thumbnail","hentry","category-cronica"],"jetpack_featured_media_url":"https:\/\/i0.wp.com\/eltrabajo.cl\/portal\/wp-content\/uploads\/2016\/02\/Portabilidad-gobierno.jpg?fit=530%2C348&ssl=1","jetpack_sharing_enabled":true,"jetpack_likes_enabled":true,"jetpack-related-posts":[],"_links":{"self":[{"href":"https:\/\/eltrabajo.cl\/portal\/wp-json\/wp\/v2\/posts\/66509","targetHints":{"allow":["GET"]}}],"collection":[{"href":"https:\/\/eltrabajo.cl\/portal\/wp-json\/wp\/v2\/posts"}],"about":[{"href":"https:\/\/eltrabajo.cl\/portal\/wp-json\/wp\/v2\/types\/post"}],"author":[{"embeddable":true,"href":"https:\/\/eltrabajo.cl\/portal\/wp-json\/wp\/v2\/users\/482"}],"replies":[{"embeddable":true,"href":"https:\/\/eltrabajo.cl\/portal\/wp-json\/wp\/v2\/comments?post=66509"}],"version-history":[{"count":0,"href":"https:\/\/eltrabajo.cl\/portal\/wp-json\/wp\/v2\/posts\/66509\/revisions"}],"wp:featuredmedia":[{"embeddable":true,"href":"https:\/\/eltrabajo.cl\/portal\/wp-json\/wp\/v2\/media\/66510"}],"wp:attachment":[{"href":"https:\/\/eltrabajo.cl\/portal\/wp-json\/wp\/v2\/media?parent=66509"}],"wp:term":[{"taxonomy":"category","embeddable":true,"href":"https:\/\/eltrabajo.cl\/portal\/wp-json\/wp\/v2\/categories?post=66509"},{"taxonomy":"post_tag","embeddable":true,"href":"https:\/\/eltrabajo.cl\/portal\/wp-json\/wp\/v2\/tags?post=66509"}],"curies":[{"name":"wp","href":"https:\/\/api.w.org\/{rel}","templated":true}]}}