{"id":66512,"date":"2016-02-05T10:04:55","date_gmt":"2016-02-05T13:04:55","guid":{"rendered":"http:\/\/www.eltrabajo.cl\/portal\/?p=66512"},"modified":"2016-02-05T10:14:11","modified_gmt":"2016-02-05T13:14:11","slug":"capturan-al-gallina-tras-permanecer-dos-anos-profugo-de-la-justicia","status":"publish","type":"post","link":"https:\/\/eltrabajo.cl\/portal\/capturan-al-gallina-tras-permanecer-dos-anos-profugo-de-la-justicia\/","title":{"rendered":"Capturan al \u2018Gallina\u2019 tras permanecer dos a\u00f1os pr\u00f3fugo de la justicia"},"content":{"rendered":"<figure id=\"attachment_66514\" aria-describedby=\"caption-attachment-66514\" style=\"width: 300px\" class=\"wp-caption alignleft\"><img data-recalc-dims=\"1\" loading=\"lazy\" decoding=\"async\" class=\"wp-image-66514 size-medium\" src=\"https:\/\/i0.wp.com\/www.eltrabajo.cl\/portal\/wp-content\/uploads\/2016\/02\/John-Alexander-Salinas-Pulido-300x197.jpg?resize=300%2C197\" alt=\"El imputado John Alexander Salinas Pulido de 23 a\u00f1os de edad conocido por su apodo como parte del clan de los \u2018Gallina\u2019.\" width=\"300\" height=\"197\" srcset=\"https:\/\/i0.wp.com\/eltrabajo.cl\/portal\/wp-content\/uploads\/2016\/02\/John-Alexander-Salinas-Pulido.jpg?resize=300%2C197&amp;ssl=1 300w, https:\/\/i0.wp.com\/eltrabajo.cl\/portal\/wp-content\/uploads\/2016\/02\/John-Alexander-Salinas-Pulido.jpg?resize=200%2C131&amp;ssl=1 200w, https:\/\/i0.wp.com\/eltrabajo.cl\/portal\/wp-content\/uploads\/2016\/02\/John-Alexander-Salinas-Pulido.jpg?resize=228%2C150&amp;ssl=1 228w, https:\/\/i0.wp.com\/eltrabajo.cl\/portal\/wp-content\/uploads\/2016\/02\/John-Alexander-Salinas-Pulido.jpg?resize=400%2C263&amp;ssl=1 400w, https:\/\/i0.wp.com\/eltrabajo.cl\/portal\/wp-content\/uploads\/2016\/02\/John-Alexander-Salinas-Pulido.jpg?w=530&amp;ssl=1 530w\" sizes=\"auto, (max-width: 300px) 100vw, 300px\" \/><figcaption id=\"caption-attachment-66514\" class=\"wp-caption-text\">El imputado John Alexander Salinas Pulido de 23 a\u00f1os de edad conocido por su apodo como parte del clan de los \u2018Gallina\u2019.<\/figcaption><\/figure>\n<ul>\n<li><strong>El imputado fue capturado en Villa La Escuadra de San Felipe, cuando escapaba de los efectivos policiales que lo redujeron hasta trasladarlo al Tribunal de Garant\u00eda, recuperando nuevamente su libertad a la espera de un juicio simplificado.<\/strong><\/li>\n<\/ul>\n<p>Patrullajes preventivos por la comuna de San Felipe permitieron la captura de un antisocial fugitivo apodado \u2018El Gallina\u2019, quien era requerido por la justicia por cuatro delitos que se le imputan. El sujeto fue apresado en Avenida Santa Teresa de esta comuna para ser trasladado hasta el Tribunal de Garant\u00eda, en donde recuper\u00f3 su libertad a la espera de juicio.<br \/>\nSeg\u00fan Carabineros, el procedimiento policial se efectu\u00f3 cerca del mediod\u00eda del pasado mi\u00e9rcoles, mientras una patrulla de la instituci\u00f3n uniformada efectuaba labores preventivas en resguardo de la ciudadan\u00eda. En esos momentos observaron al imputado en las afueras de un domicilio en Villa La Escuadra, lugar donde los efectivos policiales fueron tras su captura luego que el sujeto pr\u00f3ximo a cumplir 23 a\u00f1os de edad, escap\u00f3 por las inmediaciones de esta poblaci\u00f3n sanfelipe\u00f1a.<\/p>\n<figure id=\"attachment_66513\" aria-describedby=\"caption-attachment-66513\" style=\"width: 300px\" class=\"wp-caption alignright\"><img data-recalc-dims=\"1\" loading=\"lazy\" decoding=\"async\" class=\"wp-image-66513 size-medium\" src=\"https:\/\/i0.wp.com\/www.eltrabajo.cl\/portal\/wp-content\/uploads\/2016\/02\/GALLINA-1-300x197.jpg?resize=300%2C197\" alt=\"En horas de la ma\u00f1ana de ayer jueves, el imputado Salinas Pulido fue trasladado por Carabineros hasta las dependencias del Juzgado de Garant\u00eda de San Felipe tras permanecer pr\u00f3fugo de la justicia.\" width=\"300\" height=\"197\" srcset=\"https:\/\/i0.wp.com\/eltrabajo.cl\/portal\/wp-content\/uploads\/2016\/02\/GALLINA-1.jpg?resize=300%2C197&amp;ssl=1 300w, https:\/\/i0.wp.com\/eltrabajo.cl\/portal\/wp-content\/uploads\/2016\/02\/GALLINA-1.jpg?resize=200%2C131&amp;ssl=1 200w, https:\/\/i0.wp.com\/eltrabajo.cl\/portal\/wp-content\/uploads\/2016\/02\/GALLINA-1.jpg?resize=228%2C150&amp;ssl=1 228w, https:\/\/i0.wp.com\/eltrabajo.cl\/portal\/wp-content\/uploads\/2016\/02\/GALLINA-1.jpg?resize=400%2C263&amp;ssl=1 400w, https:\/\/i0.wp.com\/eltrabajo.cl\/portal\/wp-content\/uploads\/2016\/02\/GALLINA-1.jpg?w=530&amp;ssl=1 530w\" sizes=\"auto, (max-width: 300px) 100vw, 300px\" \/><figcaption id=\"caption-attachment-66513\" class=\"wp-caption-text\">En horas de la ma\u00f1ana de ayer jueves, el imputado Salinas Pulido fue trasladado por Carabineros hasta las dependencias del Juzgado de Garant\u00eda de San Felipe tras permanecer pr\u00f3fugo de la justicia.<\/figcaption><\/figure>\n<p>No obstante, al consultar el prontuario del requerido identificado como John Alexander Salinas Pulido, \u00e9ste manten\u00eda vigente cuatro \u00f3rdenes de detenci\u00f3n pendiente del Tribunal de Garant\u00eda de San Felipe por los delitos de Robo en lugar no habitado; Hurto simple; Receptaci\u00f3n y Amenazas simples contra personas, cuyos oficios judiciales fueron emitidos desde el a\u00f1o 2014 tras no comparecer a los actos de los procedimientos en dependencias del centro de justicia mencionado.<br \/>\nEl Capit\u00e1n de Carabineros Osvaldo Villarroel, enfatiz\u00f3 que \u201ceste sujeto intent\u00f3 huir hacia el interior de la poblaci\u00f3n donde fue observado, eludiendo el control policial hasta ser reducido y detenido por el personal de servicio, por mantener \u00f3rdenes de detenci\u00f3n pendientes que datan desde el a\u00f1o 2014, encontr\u00e1ndose pr\u00f3fugo hasta el momento\u201d.<br \/>\nDurante el mediod\u00eda de ayer jueves, Salinas Pulido fue conducido por Carabineros hasta el Juzgado de Garant\u00eda de San Felipe para enfrentar a la justicia tras su ausencia a las citaciones requeridas. El Fiscal Eduardo Fajardo De La Cuba, explic\u00f3 que el imputado estaba siendo requerido por una revocaci\u00f3n de beneficios que se agravaron en sus condiciones por causas cometidas cuando el acusado era menor y mayor de edad, quedando citado para la realizaci\u00f3n de juicio simplificado en una pr\u00f3xima fecha, pese a que el detenido estar\u00eda en situaci\u00f3n de calle sumido aparentemente en la drogadicci\u00f3n.<br \/>\n<strong>Pablo Salinas Sald\u00edas<\/strong><\/p>\n","protected":false},"excerpt":{"rendered":"<p>El imputado fue capturado en Villa La Escuadra de San Felipe, cuando escapaba de los efectivos policiales que lo redujeron hasta trasladarlo al Tribunal de Garant\u00eda, recuperando nuevamente su libertad a la&#8230;<\/p>\n","protected":false},"author":482,"featured_media":66514,"comment_status":"open","ping_status":"open","sticky":false,"template":"","format":"standard","meta":{"advanced_seo_description":"","jetpack_seo_html_title":"","jetpack_seo_noindex":false,"_jetpack_memberships_contains_paid_content":false,"footnotes":""},"categories":[21],"tags":[],"class_list":["post-66512","post","type-post","status-publish","format-standard","has-post-thumbnail","hentry","category-policial"],"jetpack_featured_media_url":"https:\/\/i0.wp.com\/eltrabajo.cl\/portal\/wp-content\/uploads\/2016\/02\/John-Alexander-Salinas-Pulido.jpg?fit=530%2C348&ssl=1","jetpack_sharing_enabled":true,"jetpack_likes_enabled":true,"jetpack-related-posts":[],"_links":{"self":[{"href":"https:\/\/eltrabajo.cl\/portal\/wp-json\/wp\/v2\/posts\/66512","targetHints":{"allow":["GET"]}}],"collection":[{"href":"https:\/\/eltrabajo.cl\/portal\/wp-json\/wp\/v2\/posts"}],"about":[{"href":"https:\/\/eltrabajo.cl\/portal\/wp-json\/wp\/v2\/types\/post"}],"author":[{"embeddable":true,"href":"https:\/\/eltrabajo.cl\/portal\/wp-json\/wp\/v2\/users\/482"}],"replies":[{"embeddable":true,"href":"https:\/\/eltrabajo.cl\/portal\/wp-json\/wp\/v2\/comments?post=66512"}],"version-history":[{"count":0,"href":"https:\/\/eltrabajo.cl\/portal\/wp-json\/wp\/v2\/posts\/66512\/revisions"}],"wp:featuredmedia":[{"embeddable":true,"href":"https:\/\/eltrabajo.cl\/portal\/wp-json\/wp\/v2\/media\/66514"}],"wp:attachment":[{"href":"https:\/\/eltrabajo.cl\/portal\/wp-json\/wp\/v2\/media?parent=66512"}],"wp:term":[{"taxonomy":"category","embeddable":true,"href":"https:\/\/eltrabajo.cl\/portal\/wp-json\/wp\/v2\/categories?post=66512"},{"taxonomy":"post_tag","embeddable":true,"href":"https:\/\/eltrabajo.cl\/portal\/wp-json\/wp\/v2\/tags?post=66512"}],"curies":[{"name":"wp","href":"https:\/\/api.w.org\/{rel}","templated":true}]}}