{"id":66524,"date":"2016-02-08T09:36:05","date_gmt":"2016-02-08T12:36:05","guid":{"rendered":"http:\/\/www.eltrabajo.cl\/portal\/?p=66524"},"modified":"2016-02-08T09:36:05","modified_gmt":"2016-02-08T12:36:05","slug":"%ef%bb%bf%ef%bb%bfmas-de-600-ninos-han-asistido-a-centros-para-hijos-de-temporeros-en-san-felipe","status":"publish","type":"post","link":"https:\/\/eltrabajo.cl\/portal\/%ef%bb%bf%ef%bb%bfmas-de-600-ninos-han-asistido-a-centros-para-hijos-de-temporeros-en-san-felipe\/","title":{"rendered":"\ufeff\ufeffM\u00e1s de 600 ni\u00f1os han asistido a centros para hijos de temporeros en San Felipe"},"content":{"rendered":"<figure id=\"attachment_66525\" aria-describedby=\"caption-attachment-66525\" style=\"width: 300px\" class=\"wp-caption alignleft\"><img data-recalc-dims=\"1\" loading=\"lazy\" decoding=\"async\" class=\"wp-image-66525 size-medium\" src=\"https:\/\/i0.wp.com\/www.eltrabajo.cl\/portal\/wp-content\/uploads\/2016\/02\/Escuela-Bernardo-OHiggins-300x198.jpg?resize=300%2C198\" alt=\"Este viernes, diversas autoridades visitaron la escuela O\u2019Higgins para concer c\u00f3mo han disfrutado el verano los ni\u00f1os que han participado del Programa Centros para Ni\u00f1os y Ni\u00f1as con Cuidadores Principales Temporeras (os) 2016.\" width=\"300\" height=\"198\" srcset=\"https:\/\/i0.wp.com\/eltrabajo.cl\/portal\/wp-content\/uploads\/2016\/02\/Escuela-Bernardo-OHiggins.jpg?resize=300%2C198&amp;ssl=1 300w, https:\/\/i0.wp.com\/eltrabajo.cl\/portal\/wp-content\/uploads\/2016\/02\/Escuela-Bernardo-OHiggins.jpg?resize=200%2C132&amp;ssl=1 200w, https:\/\/i0.wp.com\/eltrabajo.cl\/portal\/wp-content\/uploads\/2016\/02\/Escuela-Bernardo-OHiggins.jpg?resize=228%2C150&amp;ssl=1 228w, https:\/\/i0.wp.com\/eltrabajo.cl\/portal\/wp-content\/uploads\/2016\/02\/Escuela-Bernardo-OHiggins.jpg?resize=400%2C263&amp;ssl=1 400w, https:\/\/i0.wp.com\/eltrabajo.cl\/portal\/wp-content\/uploads\/2016\/02\/Escuela-Bernardo-OHiggins.jpg?w=530&amp;ssl=1 530w\" sizes=\"auto, (max-width: 300px) 100vw, 300px\" \/><figcaption id=\"caption-attachment-66525\" class=\"wp-caption-text\">Este viernes, diversas autoridades visitaron la escuela O\u2019Higgins para concer c\u00f3mo han disfrutado el verano los ni\u00f1os que han participado del Programa Centros para Ni\u00f1os y Ni\u00f1as con Cuidadores Principales Temporeras (os) 2016.<\/figcaption><\/figure>\n<p><em><\/em>Con una demostraci\u00f3n de destrezas futbol\u00edsticas y de baile, decenas de ni\u00f1os y ni\u00f1as de la comuna de San Felipe recibieron a autoridades comunales, provinciales y regionales, la ma\u00f1ana de este viernes, para conocer c\u00f3mo pasan el verano en la Escuela O\u2019Higgins.<br \/>\nAs\u00ed como ellos, un total de 620 ni\u00f1os de toda la Provincia de San Felipe son parte del Programa Centros para Ni\u00f1os y Ni\u00f1as con Cuidadores Principales Temporeras (os) 2016 (ex Cahmt), a cargo de los Ministerios de Desarrollo Social y Deporte, la Junta Nacional de Auxilio Escolar y Becas (Junaeb) y los municipios.<br \/>\n\u201cPara nosotros es muy significativo (los centros) porque permiten que muchas personas tengan la posibilidad de acceder a una remuneraci\u00f3n durante esta \u00e9poca del a\u00f1o, pero adem\u00e1s de dejar a sus ni\u00f1os en un lugar seguro como este\u201d, explic\u00f3 el Secretario Regional Ministerial de Desarrollo Social de Valpara\u00edso, Abel Gallardo, en el marco de esta visita.<br \/>\nEl objetivo de este programa es contribuir a la implementaci\u00f3n del Sistema de Protecci\u00f3n Social a nivel comunal en las regiones donde se realicen labores productivas de temporada, proveyendo recursos financieros para perfeccionar la oferta local de prestaciones espec\u00edficas dirigidas al cuidado infantil, mientras sus cuidadores principales, realizan labores de temporada y no cuentan con una alternativa de cuidado.<br \/>\nLos centros acogen a ni\u00f1os y ni\u00f1as entre 6 y 12 a\u00f1os, entre las 09:00 de la ma\u00f1ana y las 05:00 de la tarde. En la Regi\u00f3n de Valpara\u00edso para la actual temporada estival fueron habilitados 23 centros, ubicados en cinco provincias, atendiendo casi mil 500 usuarios.<\/p>\n","protected":false},"excerpt":{"rendered":"<p>Con una demostraci\u00f3n de destrezas futbol\u00edsticas y de baile, decenas de ni\u00f1os y ni\u00f1as de la comuna de San Felipe recibieron a autoridades comunales, provinciales y regionales, la ma\u00f1ana de este viernes,&#8230;<\/p>\n","protected":false},"author":482,"featured_media":66525,"comment_status":"open","ping_status":"open","sticky":false,"template":"","format":"standard","meta":{"advanced_seo_description":"","jetpack_seo_html_title":"","jetpack_seo_noindex":false,"_jetpack_memberships_contains_paid_content":false,"footnotes":""},"categories":[15],"tags":[],"class_list":["post-66524","post","type-post","status-publish","format-standard","has-post-thumbnail","hentry","category-comunidad"],"jetpack_featured_media_url":"https:\/\/i0.wp.com\/eltrabajo.cl\/portal\/wp-content\/uploads\/2016\/02\/Escuela-Bernardo-OHiggins.jpg?fit=530%2C349&ssl=1","jetpack_sharing_enabled":true,"jetpack_likes_enabled":true,"jetpack-related-posts":[],"_links":{"self":[{"href":"https:\/\/eltrabajo.cl\/portal\/wp-json\/wp\/v2\/posts\/66524","targetHints":{"allow":["GET"]}}],"collection":[{"href":"https:\/\/eltrabajo.cl\/portal\/wp-json\/wp\/v2\/posts"}],"about":[{"href":"https:\/\/eltrabajo.cl\/portal\/wp-json\/wp\/v2\/types\/post"}],"author":[{"embeddable":true,"href":"https:\/\/eltrabajo.cl\/portal\/wp-json\/wp\/v2\/users\/482"}],"replies":[{"embeddable":true,"href":"https:\/\/eltrabajo.cl\/portal\/wp-json\/wp\/v2\/comments?post=66524"}],"version-history":[{"count":0,"href":"https:\/\/eltrabajo.cl\/portal\/wp-json\/wp\/v2\/posts\/66524\/revisions"}],"wp:featuredmedia":[{"embeddable":true,"href":"https:\/\/eltrabajo.cl\/portal\/wp-json\/wp\/v2\/media\/66525"}],"wp:attachment":[{"href":"https:\/\/eltrabajo.cl\/portal\/wp-json\/wp\/v2\/media?parent=66524"}],"wp:term":[{"taxonomy":"category","embeddable":true,"href":"https:\/\/eltrabajo.cl\/portal\/wp-json\/wp\/v2\/categories?post=66524"},{"taxonomy":"post_tag","embeddable":true,"href":"https:\/\/eltrabajo.cl\/portal\/wp-json\/wp\/v2\/tags?post=66524"}],"curies":[{"name":"wp","href":"https:\/\/api.w.org\/{rel}","templated":true}]}}