{"id":66527,"date":"2016-02-08T09:38:15","date_gmt":"2016-02-08T12:38:15","guid":{"rendered":"http:\/\/www.eltrabajo.cl\/portal\/?p=66527"},"modified":"2016-02-08T09:38:15","modified_gmt":"2016-02-08T12:38:15","slug":"ninos-llayllainos-disfrutan-sus-vacaciones-en-las-escuelas-de-verano","status":"publish","type":"post","link":"https:\/\/eltrabajo.cl\/portal\/ninos-llayllainos-disfrutan-sus-vacaciones-en-las-escuelas-de-verano\/","title":{"rendered":"Ni\u00f1os llaylla\u00ednos disfrutan sus vacaciones en las escuelas de verano"},"content":{"rendered":"<figure id=\"attachment_66528\" aria-describedby=\"caption-attachment-66528\" style=\"width: 300px\" class=\"wp-caption alignleft\"><img data-recalc-dims=\"1\" loading=\"lazy\" decoding=\"async\" class=\"wp-image-66528 size-medium\" src=\"https:\/\/i0.wp.com\/www.eltrabajo.cl\/portal\/wp-content\/uploads\/2016\/02\/FOTO-GRUPAL-LAS-PALMAS-300x197.jpg?resize=300%2C197\" alt=\"Dentro de las actividades que tienen los ni\u00f1os, tambi\u00e9n pueden disfrutar de las piscinas que los establecimientos tienen a su disposici\u00f3n para enfrentar el intenso calor.\" width=\"300\" height=\"197\" srcset=\"https:\/\/i0.wp.com\/eltrabajo.cl\/portal\/wp-content\/uploads\/2016\/02\/FOTO-GRUPAL-LAS-PALMAS.jpg?resize=300%2C197&amp;ssl=1 300w, https:\/\/i0.wp.com\/eltrabajo.cl\/portal\/wp-content\/uploads\/2016\/02\/FOTO-GRUPAL-LAS-PALMAS.jpg?resize=200%2C131&amp;ssl=1 200w, https:\/\/i0.wp.com\/eltrabajo.cl\/portal\/wp-content\/uploads\/2016\/02\/FOTO-GRUPAL-LAS-PALMAS.jpg?resize=228%2C150&amp;ssl=1 228w, https:\/\/i0.wp.com\/eltrabajo.cl\/portal\/wp-content\/uploads\/2016\/02\/FOTO-GRUPAL-LAS-PALMAS.jpg?resize=400%2C263&amp;ssl=1 400w, https:\/\/i0.wp.com\/eltrabajo.cl\/portal\/wp-content\/uploads\/2016\/02\/FOTO-GRUPAL-LAS-PALMAS.jpg?w=530&amp;ssl=1 530w\" sizes=\"auto, (max-width: 300px) 100vw, 300px\" \/><figcaption id=\"caption-attachment-66528\" class=\"wp-caption-text\">Dentro de las actividades que tienen los ni\u00f1os, tambi\u00e9n pueden disfrutar de las piscinas que los establecimientos tienen a su disposici\u00f3n para enfrentar el intenso calor.<\/figcaption><\/figure>\n<p><strong>LLAY LLAY<\/strong>.- En las escuelas Las palmas y H\u00e9roes de Iquique funcionan los centros habilitados por el municipio que atienden a hijos de madres temporeras de la comuna. La encargada de la Oficina de la Mujer Elvira Ahumada, quien detalla \u201cel desarrollo de la temporada se realiza con normalidad y se cumple con el calendario establecido, el cu\u00e1l finalizar\u00e1 el d\u00eda 19 de febrero\u201d.<\/p>\n<figure id=\"attachment_66529\" aria-describedby=\"caption-attachment-66529\" style=\"width: 300px\" class=\"wp-caption alignright\"><img data-recalc-dims=\"1\" loading=\"lazy\" decoding=\"async\" class=\"wp-image-66529 size-medium\" src=\"https:\/\/i0.wp.com\/www.eltrabajo.cl\/portal\/wp-content\/uploads\/2016\/02\/PISCINA-300x198.jpg?resize=300%2C198\" alt=\"La escuela de verano de Las Palmas atienden a m\u00e1s de 50 ni\u00f1os, quedando a\u00fan cupos disponibles.\" width=\"300\" height=\"198\" srcset=\"https:\/\/i0.wp.com\/eltrabajo.cl\/portal\/wp-content\/uploads\/2016\/02\/PISCINA.jpg?resize=300%2C198&amp;ssl=1 300w, https:\/\/i0.wp.com\/eltrabajo.cl\/portal\/wp-content\/uploads\/2016\/02\/PISCINA.jpg?resize=200%2C132&amp;ssl=1 200w, https:\/\/i0.wp.com\/eltrabajo.cl\/portal\/wp-content\/uploads\/2016\/02\/PISCINA.jpg?resize=227%2C150&amp;ssl=1 227w, https:\/\/i0.wp.com\/eltrabajo.cl\/portal\/wp-content\/uploads\/2016\/02\/PISCINA.jpg?resize=400%2C264&amp;ssl=1 400w, https:\/\/i0.wp.com\/eltrabajo.cl\/portal\/wp-content\/uploads\/2016\/02\/PISCINA.jpg?w=530&amp;ssl=1 530w\" sizes=\"auto, (max-width: 300px) 100vw, 300px\" \/><figcaption id=\"caption-attachment-66529\" class=\"wp-caption-text\">La escuela de verano de Las Palmas atienden a m\u00e1s de 50 ni\u00f1os, quedando a\u00fan cupos disponibles.<\/figcaption><\/figure>\n<p>La jornada se inicia a las 9:00 de la ma\u00f1ana, toman desayuno, pasan hacer manualidades o dibujos, hacen deporte, almuerzan, tienen talleres en greda y artesan\u00eda, toman once y vuelven a sus respectivos domicilios.<br \/>\nShayra Segel Rubio, directora del centro la escuela de verano de Las Palmas indica que a la fecha atienden a 52 ni\u00f1os y ni\u00f1as, quedando algunos cupos disponibles.<br \/>\nEn la escuela H\u00e9roes de Iquique donde funciona el otro centro de verano la jornada es similar, all\u00ed la encargada es Ren\u00e9 Bellenger. La Municipalidad de Llay Llay tiene un programa de atenci\u00f3n que incluye actividades recreativas en la piscina y encuentros deportivos en el Estadio. Los ni\u00f1os son afectuosos, educados y muy participativos.<br \/>\n<strong>Marianela Quevedo<\/strong><\/p>\n","protected":false},"excerpt":{"rendered":"<p>LLAY LLAY.- En las escuelas Las palmas y H\u00e9roes de Iquique funcionan los centros habilitados por el municipio que atienden a hijos de madres temporeras de la comuna. La encargada de la&#8230;<\/p>\n","protected":false},"author":482,"featured_media":66528,"comment_status":"open","ping_status":"open","sticky":false,"template":"","format":"standard","meta":{"advanced_seo_description":"","jetpack_seo_html_title":"","jetpack_seo_noindex":false,"_jetpack_memberships_contains_paid_content":false,"footnotes":""},"categories":[1],"tags":[],"class_list":["post-66527","post","type-post","status-publish","format-standard","has-post-thumbnail","hentry","category-cronica"],"jetpack_featured_media_url":"https:\/\/i0.wp.com\/eltrabajo.cl\/portal\/wp-content\/uploads\/2016\/02\/FOTO-GRUPAL-LAS-PALMAS.jpg?fit=530%2C348&ssl=1","jetpack_sharing_enabled":true,"jetpack_likes_enabled":true,"jetpack-related-posts":[],"_links":{"self":[{"href":"https:\/\/eltrabajo.cl\/portal\/wp-json\/wp\/v2\/posts\/66527","targetHints":{"allow":["GET"]}}],"collection":[{"href":"https:\/\/eltrabajo.cl\/portal\/wp-json\/wp\/v2\/posts"}],"about":[{"href":"https:\/\/eltrabajo.cl\/portal\/wp-json\/wp\/v2\/types\/post"}],"author":[{"embeddable":true,"href":"https:\/\/eltrabajo.cl\/portal\/wp-json\/wp\/v2\/users\/482"}],"replies":[{"embeddable":true,"href":"https:\/\/eltrabajo.cl\/portal\/wp-json\/wp\/v2\/comments?post=66527"}],"version-history":[{"count":0,"href":"https:\/\/eltrabajo.cl\/portal\/wp-json\/wp\/v2\/posts\/66527\/revisions"}],"wp:featuredmedia":[{"embeddable":true,"href":"https:\/\/eltrabajo.cl\/portal\/wp-json\/wp\/v2\/media\/66528"}],"wp:attachment":[{"href":"https:\/\/eltrabajo.cl\/portal\/wp-json\/wp\/v2\/media?parent=66527"}],"wp:term":[{"taxonomy":"category","embeddable":true,"href":"https:\/\/eltrabajo.cl\/portal\/wp-json\/wp\/v2\/categories?post=66527"},{"taxonomy":"post_tag","embeddable":true,"href":"https:\/\/eltrabajo.cl\/portal\/wp-json\/wp\/v2\/tags?post=66527"}],"curies":[{"name":"wp","href":"https:\/\/api.w.org\/{rel}","templated":true}]}}