{"id":66531,"date":"2016-02-08T09:40:00","date_gmt":"2016-02-08T12:40:00","guid":{"rendered":"http:\/\/www.eltrabajo.cl\/portal\/?p=66531"},"modified":"2016-02-08T09:40:00","modified_gmt":"2016-02-08T12:40:00","slug":"este-viernes-comienza-a-desarrollarse-el-carnaval-de-la-chaya-de-putaendo","status":"publish","type":"post","link":"https:\/\/eltrabajo.cl\/portal\/este-viernes-comienza-a-desarrollarse-el-carnaval-de-la-chaya-de-putaendo\/","title":{"rendered":"Este viernes comienza a desarrollarse el Carnaval de la Chaya de Putaendo"},"content":{"rendered":"<figure id=\"attachment_66532\" aria-describedby=\"caption-attachment-66532\" style=\"width: 300px\" class=\"wp-caption alignleft\"><img data-recalc-dims=\"1\" loading=\"lazy\" decoding=\"async\" class=\"wp-image-66532 size-medium\" src=\"https:\/\/i0.wp.com\/www.eltrabajo.cl\/portal\/wp-content\/uploads\/2016\/02\/FOTO-2-Calendario-artistico-del-carnaval-putaendino-300x198.jpg?resize=300%2C198\" alt=\"Calendario art\u00edstico del carnaval putaendino.\" width=\"300\" height=\"198\" srcset=\"https:\/\/i0.wp.com\/eltrabajo.cl\/portal\/wp-content\/uploads\/2016\/02\/FOTO-2-Calendario-artistico-del-carnaval-putaendino.jpg?resize=300%2C198&amp;ssl=1 300w, https:\/\/i0.wp.com\/eltrabajo.cl\/portal\/wp-content\/uploads\/2016\/02\/FOTO-2-Calendario-artistico-del-carnaval-putaendino.jpg?resize=200%2C132&amp;ssl=1 200w, https:\/\/i0.wp.com\/eltrabajo.cl\/portal\/wp-content\/uploads\/2016\/02\/FOTO-2-Calendario-artistico-del-carnaval-putaendino.jpg?resize=228%2C150&amp;ssl=1 228w, https:\/\/i0.wp.com\/eltrabajo.cl\/portal\/wp-content\/uploads\/2016\/02\/FOTO-2-Calendario-artistico-del-carnaval-putaendino.jpg?resize=400%2C263&amp;ssl=1 400w, https:\/\/i0.wp.com\/eltrabajo.cl\/portal\/wp-content\/uploads\/2016\/02\/FOTO-2-Calendario-artistico-del-carnaval-putaendino.jpg?w=530&amp;ssl=1 530w\" sizes=\"auto, (max-width: 300px) 100vw, 300px\" \/><figcaption id=\"caption-attachment-66532\" class=\"wp-caption-text\">Calendario art\u00edstico del carnaval putaendino.<\/figcaption><\/figure>\n<ul>\n<li><strong>Artistas de la talla de Chico Trujillo; Los V\u00e1squez; Los Tres; Gepe y La Banda Conmoci\u00f3n, animar\u00e1n las nueve noches que program\u00f3 la municipalidad de la comuna.<\/strong><\/li>\n<\/ul>\n<p>A partir de este viernes comenzar\u00e1 a desarrollarse uno de los carnavales veraniegos de Aconcagua m\u00e1s destacados en lo que a calidad art\u00edstica se refiere: la fiesta de la Chaya de Putaendo, evento que se prolongar\u00e1 por nueve d\u00edas, entre el 12 y 20 de febrero, y que promete reunir una importante cantidad de p\u00fablico en cada una de sus jornadas.<br \/>\nAs\u00ed lo confirm\u00f3 Christopher Mercado, encargado comunicacional y productor general del evento musical, quien asegur\u00f3 que con el transcurso de los a\u00f1os, el evento se ha posicionado como uno de los m\u00e1s importantes a nivel nacional, destacando que \u201chemos realizado este carnaval durante todo el per\u00edodo del alcalde Guillermo Reyes, hemos ido in creciendo a\u00f1o a a\u00f1o y en esta oportunidad tenemos una parrilla que ha sido catalogada por la gente como la mejor chaya del Valle Aconcagua y por qu\u00e9 no decir el mejor espect\u00e1culo gratuito m\u00e1s largo m\u00e1s largo de Chiles que se desarrollar\u00e1 por nueve d\u00edas en la comuna\u201d, puntualiz\u00f3.<\/p>\n<figure id=\"attachment_66533\" aria-describedby=\"caption-attachment-66533\" style=\"width: 200px\" class=\"wp-caption alignright\"><img data-recalc-dims=\"1\" loading=\"lazy\" decoding=\"async\" class=\"wp-image-66533 size-thumbnail\" src=\"https:\/\/i0.wp.com\/www.eltrabajo.cl\/portal\/wp-content\/uploads\/2016\/02\/FOTO-1-CHRISTOPHER-MERCADO-200x132.jpg?resize=200%2C132\" alt=\"Christopher Mercado productor general de la Chaya de Putaendo.\" width=\"200\" height=\"132\" srcset=\"https:\/\/i0.wp.com\/eltrabajo.cl\/portal\/wp-content\/uploads\/2016\/02\/FOTO-1-CHRISTOPHER-MERCADO.jpg?resize=200%2C132&amp;ssl=1 200w, https:\/\/i0.wp.com\/eltrabajo.cl\/portal\/wp-content\/uploads\/2016\/02\/FOTO-1-CHRISTOPHER-MERCADO.jpg?resize=300%2C198&amp;ssl=1 300w, https:\/\/i0.wp.com\/eltrabajo.cl\/portal\/wp-content\/uploads\/2016\/02\/FOTO-1-CHRISTOPHER-MERCADO.jpg?resize=227%2C150&amp;ssl=1 227w, https:\/\/i0.wp.com\/eltrabajo.cl\/portal\/wp-content\/uploads\/2016\/02\/FOTO-1-CHRISTOPHER-MERCADO.jpg?resize=400%2C264&amp;ssl=1 400w, https:\/\/i0.wp.com\/eltrabajo.cl\/portal\/wp-content\/uploads\/2016\/02\/FOTO-1-CHRISTOPHER-MERCADO.jpg?w=530&amp;ssl=1 530w\" sizes=\"auto, (max-width: 200px) 100vw, 200px\" \/><figcaption id=\"caption-attachment-66533\" class=\"wp-caption-text\">Christopher Mercado productor general de la Chaya de Putaendo.<\/figcaption><\/figure>\n<p>Respecto de las expectativas que tiene el municipio putaendino con la convocatoria de p\u00fablico, Mercado afirm\u00f3 que \u201cnuestro pueblo es peque\u00f1o, sabemos que nuestra plaza alberga en su m\u00e1xima capacidad unas 6 mil personas, as\u00ed que esperamos que llegue esa cantidad de p\u00fablico, estamos un poco asustados, tenemos grandes grupos que nos pueden hacer colapsar un poco pero para eso tenemos planes de contingencia como por ejemplo trasladar todos los estacionamientos, as\u00ed que la gente de otras comunas que quieran llegar a Putaendo, toda la calle Alejandrina Carvajal va a ser para estacionarse y vamos a tener cuidadores y guardias para resguardar sus veh\u00edculos\u201d, sostuvo.<br \/>\nEn relaci\u00f3n con la jornada que eventualmente pudiera congregar mayor cantidad de p\u00fablico, el profesional agreg\u00f3 que \u201cyo creo que la noche inaugural va a ser muy entretenida porque vamos a partir con un pasacalles y la Banda Conmoci\u00f3n y la noche del s\u00e1bado 13, donde viene Chico Trujillo que tambi\u00e9n va a generar mucha expectativa, porque ellos nunca han ido a Putaendo, igual que Los V\u00e1squez, el mi\u00e9rcoles 17 o por consiguiente la noche que estar\u00e1n Los Tres o Gepe que nos provoca mucha expectativa con el p\u00fablico juvenil ya que nunca se han presentado en el Valle de Aconcagua\u201d, destac\u00f3.<br \/>\nCabe destacar, que tal como ocurri\u00f3 en San Felipe, la Municipalidad de Putaendo ha dispuesto la prohibici\u00f3n de la venta de espuma durante las noches de carnaval y adem\u00e1s se confirm\u00f3 que Buses Puma trabajar\u00e1 con recorridos hasta San Felipe al momento de finalizar cada jornada.<\/p>\n","protected":false},"excerpt":{"rendered":"<p>Artistas de la talla de Chico Trujillo; Los V\u00e1squez; Los Tres; Gepe y La Banda Conmoci\u00f3n, animar\u00e1n las nueve noches que program\u00f3 la municipalidad de la comuna. A partir de este viernes&#8230;<\/p>\n","protected":false},"author":482,"featured_media":66532,"comment_status":"open","ping_status":"open","sticky":false,"template":"","format":"standard","meta":{"advanced_seo_description":"","jetpack_seo_html_title":"","jetpack_seo_noindex":false,"_jetpack_memberships_contains_paid_content":false,"footnotes":""},"categories":[1],"tags":[],"class_list":["post-66531","post","type-post","status-publish","format-standard","has-post-thumbnail","hentry","category-cronica"],"jetpack_featured_media_url":"https:\/\/i0.wp.com\/eltrabajo.cl\/portal\/wp-content\/uploads\/2016\/02\/FOTO-2-Calendario-artistico-del-carnaval-putaendino.jpg?fit=530%2C349&ssl=1","jetpack_sharing_enabled":true,"jetpack_likes_enabled":true,"jetpack-related-posts":[],"_links":{"self":[{"href":"https:\/\/eltrabajo.cl\/portal\/wp-json\/wp\/v2\/posts\/66531","targetHints":{"allow":["GET"]}}],"collection":[{"href":"https:\/\/eltrabajo.cl\/portal\/wp-json\/wp\/v2\/posts"}],"about":[{"href":"https:\/\/eltrabajo.cl\/portal\/wp-json\/wp\/v2\/types\/post"}],"author":[{"embeddable":true,"href":"https:\/\/eltrabajo.cl\/portal\/wp-json\/wp\/v2\/users\/482"}],"replies":[{"embeddable":true,"href":"https:\/\/eltrabajo.cl\/portal\/wp-json\/wp\/v2\/comments?post=66531"}],"version-history":[{"count":0,"href":"https:\/\/eltrabajo.cl\/portal\/wp-json\/wp\/v2\/posts\/66531\/revisions"}],"wp:featuredmedia":[{"embeddable":true,"href":"https:\/\/eltrabajo.cl\/portal\/wp-json\/wp\/v2\/media\/66532"}],"wp:attachment":[{"href":"https:\/\/eltrabajo.cl\/portal\/wp-json\/wp\/v2\/media?parent=66531"}],"wp:term":[{"taxonomy":"category","embeddable":true,"href":"https:\/\/eltrabajo.cl\/portal\/wp-json\/wp\/v2\/categories?post=66531"},{"taxonomy":"post_tag","embeddable":true,"href":"https:\/\/eltrabajo.cl\/portal\/wp-json\/wp\/v2\/tags?post=66531"}],"curies":[{"name":"wp","href":"https:\/\/api.w.org\/{rel}","templated":true}]}}