{"id":66535,"date":"2016-02-08T09:41:21","date_gmt":"2016-02-08T12:41:21","guid":{"rendered":"http:\/\/www.eltrabajo.cl\/portal\/?p=66535"},"modified":"2016-02-08T09:41:21","modified_gmt":"2016-02-08T12:41:21","slug":"comenzara-licitacion-para-construccion-de-primer-tramo-de-ciclovias-en-san-felipe","status":"publish","type":"post","link":"https:\/\/eltrabajo.cl\/portal\/comenzara-licitacion-para-construccion-de-primer-tramo-de-ciclovias-en-san-felipe\/","title":{"rendered":"Comenzar\u00e1 licitaci\u00f3n para construcci\u00f3n de primer tramo de ciclov\u00edas en San Felipe"},"content":{"rendered":"<figure id=\"attachment_66536\" aria-describedby=\"caption-attachment-66536\" style=\"width: 300px\" class=\"wp-caption alignleft\"><img data-recalc-dims=\"1\" loading=\"lazy\" decoding=\"async\" class=\"wp-image-66536 size-medium\" src=\"https:\/\/i0.wp.com\/www.eltrabajo.cl\/portal\/wp-content\/uploads\/2016\/02\/Ciclovias-300x198.jpg?resize=300%2C198\" alt=\"El alcalde Patricio Freire, junto al gobernador Eduardo Le\u00f3n y el Director Regional Serviu Manuel Le\u00f3n, hicieron una visita en terreno donde se construir\u00e1 las ciclov\u00edas de San Felipe. \" width=\"300\" height=\"198\" srcset=\"https:\/\/i0.wp.com\/eltrabajo.cl\/portal\/wp-content\/uploads\/2016\/02\/Ciclovias.jpg?resize=300%2C198&amp;ssl=1 300w, https:\/\/i0.wp.com\/eltrabajo.cl\/portal\/wp-content\/uploads\/2016\/02\/Ciclovias.jpg?resize=200%2C132&amp;ssl=1 200w, https:\/\/i0.wp.com\/eltrabajo.cl\/portal\/wp-content\/uploads\/2016\/02\/Ciclovias.jpg?resize=227%2C150&amp;ssl=1 227w, https:\/\/i0.wp.com\/eltrabajo.cl\/portal\/wp-content\/uploads\/2016\/02\/Ciclovias.jpg?resize=400%2C264&amp;ssl=1 400w, https:\/\/i0.wp.com\/eltrabajo.cl\/portal\/wp-content\/uploads\/2016\/02\/Ciclovias.jpg?w=530&amp;ssl=1 530w\" sizes=\"auto, (max-width: 300px) 100vw, 300px\" \/><figcaption id=\"caption-attachment-66536\" class=\"wp-caption-text\">El alcalde Patricio Freire, junto al gobernador Eduardo Le\u00f3n y el Director Regional Serviu Manuel Le\u00f3n, hicieron una visita en terreno donde se construir\u00e1 las ciclov\u00edas de San Felipe.<\/figcaption><\/figure>\n<ul>\n<li><strong>Las autoridades recorrieron algunos de los puntos por los que se construir\u00e1 este circuito que tendr\u00e1 9 kil\u00f3metros y que se emplazar\u00e1 en las 4 alamedas.<\/strong><\/li>\n<\/ul>\n<p>En una visita a terreno, el gobernador Eduardo Le\u00f3n junto al director regional de Serviu, Manuel Le\u00f3n y el alcalde de San Felipe, Patricio Freire, revisaron los planos del proyecto de ciclov\u00edas que se construir\u00e1n en la comuna y que estar\u00e1n emplazadas en las 4 alamedas.<br \/>\nSer\u00e1n de 9 kil\u00f3metros en total y responder\u00e1 a uno de los requerimientos de la comunidad, debido al alto n\u00famero de ciclistas que circulan a diario por estos sectores. En la ocasi\u00f3n, el representante de Serviu Le\u00f3n inform\u00f3 que \u201cel d\u00eda 29 de febrero, subiremos la licitaci\u00f3n de ejecuci\u00f3n de la primera etapa de ciclov\u00edas, que contempla las 4 alamedas y, por lo tanto, estimamos que podr\u00edamos estar comenzando su ejecuci\u00f3n en el mes de mayo. El resto de las etapas, est\u00e1n en proceso de gesti\u00f3n de tr\u00e1nsito, que tiene que ver con el mejoramiento de la fluidez del tr\u00e1nsito de veh\u00edculos y ciclistas\u201d, afirm\u00f3.<br \/>\nEn tanto, el Gobernador inform\u00f3 que esta iniciativa est\u00e1 dentro de las 32 ciudades en Chile que contar\u00eda con esta red y que fue parte de los compromisos presidenciales. \u201cNosotros esperamos que con esta licitaci\u00f3n que se inicia en febrero poder realizar la construcci\u00f3n de este circuito. Agradecemos la gesti\u00f3n del Director Regional de Serviu y la disposici\u00f3n del municipio para cumplir con los compromisos que adquiri\u00f3 la Presidenta Bachelet en la comuna\u201d, destac\u00f3 la m\u00e1xima autoridad Provincial.<br \/>\nPor su parte, el jefe comunal se mostr\u00f3 bastante contento con el inicio de este proyecto. \u201cSe est\u00e1n cumpliendo los sue\u00f1os para los sanfelipe\u00f1os. Esperamos toda la vida tener estas ciclov\u00edas y estamos m\u00e1s cerca de concretarlos\u201d manifest\u00f3.<br \/>\nLa segunda etapa contempla el centro de la comuna (Prat, Merced, Salinas y Coimas) y la tercera etapa comprende el eje Tocornal, la intenci\u00f3n de las autoridades es que rutas cicl\u00edsticas no queden inconclusas, por lo que se est\u00e1 determinando un circuito que sea ejecutivo y pr\u00e1ctico, por lo que la \u00faltima etapa las conectar\u00e1 con avenida Cherc\u00e1n Tapia.<\/p>\n","protected":false},"excerpt":{"rendered":"<p>Las autoridades recorrieron algunos de los puntos por los que se construir\u00e1 este circuito que tendr\u00e1 9 kil\u00f3metros y que se emplazar\u00e1 en las 4 alamedas. En una visita a terreno, el&#8230;<\/p>\n","protected":false},"author":482,"featured_media":66536,"comment_status":"open","ping_status":"open","sticky":false,"template":"","format":"standard","meta":{"advanced_seo_description":"","jetpack_seo_html_title":"","jetpack_seo_noindex":false,"_jetpack_memberships_contains_paid_content":false,"footnotes":""},"categories":[1],"tags":[],"class_list":["post-66535","post","type-post","status-publish","format-standard","has-post-thumbnail","hentry","category-cronica"],"jetpack_featured_media_url":"https:\/\/i0.wp.com\/eltrabajo.cl\/portal\/wp-content\/uploads\/2016\/02\/Ciclovias.jpg?fit=530%2C350&ssl=1","jetpack_sharing_enabled":true,"jetpack_likes_enabled":true,"jetpack-related-posts":[],"_links":{"self":[{"href":"https:\/\/eltrabajo.cl\/portal\/wp-json\/wp\/v2\/posts\/66535","targetHints":{"allow":["GET"]}}],"collection":[{"href":"https:\/\/eltrabajo.cl\/portal\/wp-json\/wp\/v2\/posts"}],"about":[{"href":"https:\/\/eltrabajo.cl\/portal\/wp-json\/wp\/v2\/types\/post"}],"author":[{"embeddable":true,"href":"https:\/\/eltrabajo.cl\/portal\/wp-json\/wp\/v2\/users\/482"}],"replies":[{"embeddable":true,"href":"https:\/\/eltrabajo.cl\/portal\/wp-json\/wp\/v2\/comments?post=66535"}],"version-history":[{"count":0,"href":"https:\/\/eltrabajo.cl\/portal\/wp-json\/wp\/v2\/posts\/66535\/revisions"}],"wp:featuredmedia":[{"embeddable":true,"href":"https:\/\/eltrabajo.cl\/portal\/wp-json\/wp\/v2\/media\/66536"}],"wp:attachment":[{"href":"https:\/\/eltrabajo.cl\/portal\/wp-json\/wp\/v2\/media?parent=66535"}],"wp:term":[{"taxonomy":"category","embeddable":true,"href":"https:\/\/eltrabajo.cl\/portal\/wp-json\/wp\/v2\/categories?post=66535"},{"taxonomy":"post_tag","embeddable":true,"href":"https:\/\/eltrabajo.cl\/portal\/wp-json\/wp\/v2\/tags?post=66535"}],"curies":[{"name":"wp","href":"https:\/\/api.w.org\/{rel}","templated":true}]}}