{"id":66538,"date":"2016-02-08T09:42:33","date_gmt":"2016-02-08T12:42:33","guid":{"rendered":"http:\/\/www.eltrabajo.cl\/portal\/?p=66538"},"modified":"2016-02-08T09:42:33","modified_gmt":"2016-02-08T12:42:33","slug":"conmemoran-los-199-anos-del-combate-de-las-coimas","status":"publish","type":"post","link":"https:\/\/eltrabajo.cl\/portal\/conmemoran-los-199-anos-del-combate-de-las-coimas\/","title":{"rendered":"Conmemoran los 199 a\u00f1os del Combate de Las Coimas"},"content":{"rendered":"<figure id=\"attachment_66539\" aria-describedby=\"caption-attachment-66539\" style=\"width: 300px\" class=\"wp-caption alignleft\"><img data-recalc-dims=\"1\" loading=\"lazy\" decoding=\"async\" class=\"wp-image-66539 size-medium\" src=\"https:\/\/i0.wp.com\/www.eltrabajo.cl\/portal\/wp-content\/uploads\/2016\/02\/CONMEMORACION-COMBATE-DE-LAS-COIMAS-4-300x198.jpg?resize=300%2C198\" alt=\"Al terminar la ceremonia, autoridades entregaron una ofrenda floral a los pies del monumento que recuerda el Combate de Las Coimas.\" width=\"300\" height=\"198\" srcset=\"https:\/\/i0.wp.com\/eltrabajo.cl\/portal\/wp-content\/uploads\/2016\/02\/CONMEMORACION-COMBATE-DE-LAS-COIMAS-4.jpg?resize=300%2C198&amp;ssl=1 300w, https:\/\/i0.wp.com\/eltrabajo.cl\/portal\/wp-content\/uploads\/2016\/02\/CONMEMORACION-COMBATE-DE-LAS-COIMAS-4.jpg?resize=200%2C132&amp;ssl=1 200w, https:\/\/i0.wp.com\/eltrabajo.cl\/portal\/wp-content\/uploads\/2016\/02\/CONMEMORACION-COMBATE-DE-LAS-COIMAS-4.jpg?resize=227%2C150&amp;ssl=1 227w, https:\/\/i0.wp.com\/eltrabajo.cl\/portal\/wp-content\/uploads\/2016\/02\/CONMEMORACION-COMBATE-DE-LAS-COIMAS-4.jpg?resize=400%2C264&amp;ssl=1 400w, https:\/\/i0.wp.com\/eltrabajo.cl\/portal\/wp-content\/uploads\/2016\/02\/CONMEMORACION-COMBATE-DE-LAS-COIMAS-4.jpg?w=530&amp;ssl=1 530w\" sizes=\"auto, (max-width: 300px) 100vw, 300px\" \/><figcaption id=\"caption-attachment-66539\" class=\"wp-caption-text\">Al terminar la ceremonia, autoridades entregaron una ofrenda floral a los pies del monumento que recuerda el Combate de Las Coimas.<\/figcaption><\/figure>\n<ul>\n<li><strong>Camino al bicentenario de la gesta del General San Mart\u00edn y su ej\u00e9rcito, la comuna de Putaendo y en especial los habitantes de la localidad de Las Coimas, recordaron el combate librado en ese sector el 7 de febrero de 1817.<\/strong><\/li>\n<\/ul>\n<p><strong>PUTAENDO<\/strong>.- En una solemne ceremonia, distintas autoridades y principalmente vecinos del sector homenajearon los 199 a\u00f1os del Combate de Las Coimas, primer enfrentamiento entre el Ej\u00e9rcito Libertador y las tropas realistas, un 7 de febrero de 1817.<br \/>\nEste acto, que se realiza todos los a\u00f1os en el monumento erigido en el sector Las Coimas, tuvo un significado especial, pues la comuna de Putaendo, bautizada como el Primer Pueblo Libre de Chile, se apresta a conmemorar el a\u00f1o 2017, los 200 a\u00f1os desde que las tropas del General Jos\u00e9 de San Mart\u00edn llegaron hasta nuestra comuna a trav\u00e9s del paso de Los Patos.<br \/>\nEl acto estuvo encabezado por el gobernador Eduardo Le\u00f3n, el Mayor Erwin D\u00edaz del Ej\u00e9rcito de Chile, el alcalde Guillermo Reyes, los concejales Sergio Zamora y Carlos Gallardo, el consejero regional Rolando Stevenson, representantes de Carabineros y Bomberos de Putaendo, dirigentes sociales y una amplia concurrencia de vecinos de la zona.<br \/>\nEn el lugar donde hoy est\u00e1 el monumento que recuerda esta haza\u00f1a, el 7 de febrero de 1817, al divisar a las fuerzas realistas en los cerros de Las Coimas, sin esperar la llegada de refuerzos, Necochea decidi\u00f3 atacar, para lo cual dividi\u00f3 sus fuerzas en tres fracciones de granaderos a caballo, puso a la derecha al capit\u00e1n Manuel Soler y a la izquierda al ayudante \u00c1ngel Pacheco. Mientras mantuvo oculta una de ellas, con las otras dos simul\u00f3 un ataque seguido de una retirada para separar a la infanter\u00eda realista de la caballer\u00eda que lo perseguir\u00eda. Tal como lo esperaba, la caballer\u00eda realista se lanz\u00f3 en persecuci\u00f3n, siendo entonces contraatacada simult\u00e1neamente y desde tres direcciones por los efectivos patriotas, que lograron la victoria en inferioridad num\u00e9rica.<br \/>\nTras la excelente presentaci\u00f3n art\u00edstica del Conjunto Folcl\u00f3rico Los Carmelitos de Rinconada de Silva, el gobernador Eduardo Le\u00f3n, el alcalde Guillermo Reyes y el Mayor Erwin D\u00edaz depositaron una ofrenda floral a los pies del monumento que recuerda el Combate de Las Coimas.<br \/>\n<strong>Patricio Gallardo M.<\/strong><\/p>\n","protected":false},"excerpt":{"rendered":"<p>Camino al bicentenario de la gesta del General San Mart\u00edn y su ej\u00e9rcito, la comuna de Putaendo y en especial los habitantes de la localidad de Las Coimas, recordaron el combate librado&#8230;<\/p>\n","protected":false},"author":482,"featured_media":66539,"comment_status":"open","ping_status":"open","sticky":false,"template":"","format":"standard","meta":{"advanced_seo_description":"","jetpack_seo_html_title":"","jetpack_seo_noindex":false,"_jetpack_memberships_contains_paid_content":false,"footnotes":""},"categories":[15],"tags":[],"class_list":["post-66538","post","type-post","status-publish","format-standard","has-post-thumbnail","hentry","category-comunidad"],"jetpack_featured_media_url":"https:\/\/i0.wp.com\/eltrabajo.cl\/portal\/wp-content\/uploads\/2016\/02\/CONMEMORACION-COMBATE-DE-LAS-COIMAS-4.jpg?fit=530%2C350&ssl=1","jetpack_sharing_enabled":true,"jetpack_likes_enabled":true,"jetpack-related-posts":[],"_links":{"self":[{"href":"https:\/\/eltrabajo.cl\/portal\/wp-json\/wp\/v2\/posts\/66538","targetHints":{"allow":["GET"]}}],"collection":[{"href":"https:\/\/eltrabajo.cl\/portal\/wp-json\/wp\/v2\/posts"}],"about":[{"href":"https:\/\/eltrabajo.cl\/portal\/wp-json\/wp\/v2\/types\/post"}],"author":[{"embeddable":true,"href":"https:\/\/eltrabajo.cl\/portal\/wp-json\/wp\/v2\/users\/482"}],"replies":[{"embeddable":true,"href":"https:\/\/eltrabajo.cl\/portal\/wp-json\/wp\/v2\/comments?post=66538"}],"version-history":[{"count":0,"href":"https:\/\/eltrabajo.cl\/portal\/wp-json\/wp\/v2\/posts\/66538\/revisions"}],"wp:featuredmedia":[{"embeddable":true,"href":"https:\/\/eltrabajo.cl\/portal\/wp-json\/wp\/v2\/media\/66539"}],"wp:attachment":[{"href":"https:\/\/eltrabajo.cl\/portal\/wp-json\/wp\/v2\/media?parent=66538"}],"wp:term":[{"taxonomy":"category","embeddable":true,"href":"https:\/\/eltrabajo.cl\/portal\/wp-json\/wp\/v2\/categories?post=66538"},{"taxonomy":"post_tag","embeddable":true,"href":"https:\/\/eltrabajo.cl\/portal\/wp-json\/wp\/v2\/tags?post=66538"}],"curies":[{"name":"wp","href":"https:\/\/api.w.org\/{rel}","templated":true}]}}