{"id":66541,"date":"2016-02-08T09:46:37","date_gmt":"2016-02-08T12:46:37","guid":{"rendered":"http:\/\/www.eltrabajo.cl\/portal\/?p=66541"},"modified":"2016-02-08T09:46:37","modified_gmt":"2016-02-08T12:46:37","slug":"realizan-exitosa-version-de-la-trilla-a-yeguas-sueltas-de-la-familia-sanchez","status":"publish","type":"post","link":"https:\/\/eltrabajo.cl\/portal\/realizan-exitosa-version-de-la-trilla-a-yeguas-sueltas-de-la-familia-sanchez\/","title":{"rendered":"Realizan exitosa versi\u00f3n de la Trilla a Yeguas Sueltas de la Familia S\u00e1nchez"},"content":{"rendered":"<figure id=\"attachment_66542\" aria-describedby=\"caption-attachment-66542\" style=\"width: 300px\" class=\"wp-caption alignleft\"><img data-recalc-dims=\"1\" loading=\"lazy\" decoding=\"async\" class=\"wp-image-66542 size-medium\" src=\"https:\/\/i0.wp.com\/www.eltrabajo.cl\/portal\/wp-content\/uploads\/2016\/02\/TRILLA-A-YEGUAS-SUELTAS-FAMILIA-SANCHEZ-1-300x198.jpg?resize=300%2C198\" alt=\"Con mucha preparaci\u00f3n, este fin de semana se llev\u00f3 a cabo la exitosa Trilla a Yeguas Sueltas de la Familia S\u00e1nchez.\" width=\"300\" height=\"198\" srcset=\"https:\/\/i0.wp.com\/eltrabajo.cl\/portal\/wp-content\/uploads\/2016\/02\/TRILLA-A-YEGUAS-SUELTAS-FAMILIA-SANCHEZ-1.jpg?resize=300%2C198&amp;ssl=1 300w, https:\/\/i0.wp.com\/eltrabajo.cl\/portal\/wp-content\/uploads\/2016\/02\/TRILLA-A-YEGUAS-SUELTAS-FAMILIA-SANCHEZ-1.jpg?resize=200%2C132&amp;ssl=1 200w, https:\/\/i0.wp.com\/eltrabajo.cl\/portal\/wp-content\/uploads\/2016\/02\/TRILLA-A-YEGUAS-SUELTAS-FAMILIA-SANCHEZ-1.jpg?resize=227%2C150&amp;ssl=1 227w, https:\/\/i0.wp.com\/eltrabajo.cl\/portal\/wp-content\/uploads\/2016\/02\/TRILLA-A-YEGUAS-SUELTAS-FAMILIA-SANCHEZ-1.jpg?resize=400%2C264&amp;ssl=1 400w, https:\/\/i0.wp.com\/eltrabajo.cl\/portal\/wp-content\/uploads\/2016\/02\/TRILLA-A-YEGUAS-SUELTAS-FAMILIA-SANCHEZ-1.jpg?w=530&amp;ssl=1 530w\" sizes=\"auto, (max-width: 300px) 100vw, 300px\" \/><figcaption id=\"caption-attachment-66542\" class=\"wp-caption-text\">Con mucha preparaci\u00f3n, este fin de semana se llev\u00f3 a cabo la exitosa Trilla a Yeguas Sueltas de la Familia S\u00e1nchez.<\/figcaption><\/figure>\n<ul>\n<li><strong>Una emotiva ceremonia, la presentaci\u00f3n de la gran Mirtha Iturra y un amplio marco de p\u00fablico hicieron de esta tradici\u00f3n un gran \u00e9xito.<\/strong><\/li>\n<\/ul>\n<p><strong>PUTAENDO<\/strong>.- Despu\u00e9s de varias semanas de esfuerzo y dedicaci\u00f3n de cada uno de sus integrantes, la Familia S\u00e1nchez de Putaendo nuevamente dio muestras de la mejor Trilla a Yeguas Sueltas del Valle de Aconcagua.<br \/>\nEl s\u00e1bado en horas de la ma\u00f1ana, en una concurrida ceremonia se dio inicio oficialmente a esta gran tradici\u00f3n que Los S\u00e1nchez han mantenido viva durante d\u00e9cadas. El acto cont\u00f3 con la presencia del alcalde Guillermo Reyes, los concejales Sergio Zamora y Carlos Gallardo, dirigentes e invitados.<br \/>\nTras la entonaci\u00f3n del himno nacional, generaciones de esta querida familia putaendina bailaron con maestr\u00eda nuestro baile nacional, arrancando espont\u00e1neos aplausos y el entusiasmo de los asistentes, que se animaron a bailar la cueca en esta gran fiesta del campo chileno.<br \/>\nMomentos emotivos se vivieron cuando la familia rindi\u00f3 homenajes a quienes permanentemente difundieron y colaboraron con la Trilla a Yeguas Sueltas, como el poeta popular Luis Sep\u00falveda Huerta y el profesor e historiador Noel Fuentes Elgueta, cuyo reconocimiento p\u00f3stumo fue recibido por su viuda, la Sra. Loreto Ibaceta Calder\u00f3n, quien se mostr\u00f3 agradecida del cari\u00f1o que la gente de Putaendo a\u00fan guarda hacia su esposo.<br \/>\nLa primera carrera fue corrida en recuerdo de Don Juan S\u00e1nchez, patriarca de la familia y quien durante d\u00e9cadas impuls\u00f3 la Trilla a Yeguas Sueltas, como una manera de mantener vigente esta tradici\u00f3n, que inculc\u00f3 a las generaciones que le siguieron.<br \/>\nA eso del mediod\u00eda ya comenzaban a salir las cazuelas, las humitas, pasteles de choco, carne al jugo, pollo asado y otras delicias que fueron del deleite de las cientos de personas que ya a esa hora repletaban la Ramada de Los S\u00e1nchez en Calle Brasil para disfrutar de un ambiente campestre y apoyar esta antigua tradici\u00f3n.<br \/>\nNuestro medio convers\u00f3 con Jorge S\u00e1nchez Bustamante, quien en emotivas palabras record\u00f3 los inicios de la Trilla de Los S\u00e1nchez, agregando que dedicar esta versi\u00f3n a su padre fue algo muy emocionante, pues adem\u00e1s de recuerda el cari\u00f1o que cada integrante de la familia guarda hacia \u00e9l.<br \/>\nEl p\u00fablico que a esa hora se encontraba almorzando comenz\u00f3 a ponerse de pie para aplaudir el ingreso de la gran folclorista Mirtha Iturra, quien se llev\u00f3 el cari\u00f1o de la gente con sus cuecas y tonadas. Fue tal el entusiasmo que despert\u00f3 que incluso se qued\u00f3 por casi dos horas a pedido de los asistentes, que disfrutaron a concho cada uno de los temas de la reina del folclore y el rodeo.<br \/>\nPor la noche, el Grupo Dulce Condena hizo bailar al p\u00fablico con el ritmo de sus canciones hasta altas horas de la madrugada, demostrando la calidad vocal y musical que los ha caracterizado durante su trayectoria.<br \/>\nEl domingo, los folcloristas Luis \u2018Whisky\u2019 Vargas y el concejal Carlos Gallardo hicieron de las suyas sobre el escenario, poniendo el broche final a esta exitosa Trilla a Yeguas Sueltas, organizada por el Comit\u00e9 Cultural La Trilla y la Familia S\u00e1nchez.<br \/>\n<strong>Patricio Gallardo M.<\/strong><\/p>\n<div class=\"tiled-gallery type-rectangular tiled-gallery-unresized\" data-original-width=\"640\" data-carousel-extra='null' itemscope itemtype=\"http:\/\/schema.org\/ImageGallery\" > <div class=\"gallery-row\" style=\"width: 640px; height: 213px;\" data-original-width=\"640\" data-original-height=\"213\" > <div class=\"gallery-group images-1\" style=\"width: 320px; height: 213px;\" data-original-width=\"320\" data-original-height=\"213\" > <div class=\"tiled-gallery-item tiled-gallery-item-large\" itemprop=\"associatedMedia\" itemscope itemtype=\"http:\/\/schema.org\/ImageObject\"> <a href=\"https:\/\/eltrabajo.cl\/portal\/realizan-exitosa-version-de-la-trilla-a-yeguas-sueltas-de-la-familia-sanchez\/trilla-a-yeguas-sueltas-familia-sanchez-2\/\" border=\"0\" itemprop=\"url\"> <meta itemprop=\"width\" content=\"316\"> <meta itemprop=\"height\" content=\"209\"> <img decoding=\"async\" class=\"\" data-attachment-id=\"66543\" data-orig-file=\"https:\/\/eltrabajo.cl\/portal\/wp-content\/uploads\/2016\/02\/TRILLA-A-YEGUAS-SUELTAS-FAMILIA-SANCHEZ-2.jpg\" data-orig-size=\"530,350\" data-comments-opened=\"1\" data-image-meta=\"{&quot;aperture&quot;:&quot;0&quot;,&quot;credit&quot;:&quot;&quot;,&quot;camera&quot;:&quot;&quot;,&quot;caption&quot;:&quot;&quot;,&quot;created_timestamp&quot;:&quot;0&quot;,&quot;copyright&quot;:&quot;&quot;,&quot;focal_length&quot;:&quot;0&quot;,&quot;iso&quot;:&quot;0&quot;,&quot;shutter_speed&quot;:&quot;0&quot;,&quot;title&quot;:&quot;&quot;,&quot;orientation&quot;:&quot;0&quot;}\" data-image-title=\"TRILLA A YEGUAS SUELTAS FAMILIA SANCHEZ (2)\" data-image-description=\"&lt;p&gt;Tras dar inicio a las celebraciones, representantes de la familia putaendina bailaron con maestr\u00eda un pie de cueca.&lt;\/p&gt; \" data-medium-file=\"https:\/\/i0.wp.com\/eltrabajo.cl\/portal\/wp-content\/uploads\/2016\/02\/TRILLA-A-YEGUAS-SUELTAS-FAMILIA-SANCHEZ-2.jpg?fit=300%2C198&#038;ssl=1\" data-large-file=\"https:\/\/i0.wp.com\/eltrabajo.cl\/portal\/wp-content\/uploads\/2016\/02\/TRILLA-A-YEGUAS-SUELTAS-FAMILIA-SANCHEZ-2.jpg?fit=530%2C350&#038;ssl=1\" src=\"https:\/\/i0.wp.com\/eltrabajo.cl\/portal\/wp-content\/uploads\/2016\/02\/TRILLA-A-YEGUAS-SUELTAS-FAMILIA-SANCHEZ-2.jpg?w=316&#038;h=209&#038;ssl=1\" srcset=\"https:\/\/i0.wp.com\/eltrabajo.cl\/portal\/wp-content\/uploads\/2016\/02\/TRILLA-A-YEGUAS-SUELTAS-FAMILIA-SANCHEZ-2.jpg?w=530&amp;ssl=1 530w, https:\/\/i0.wp.com\/eltrabajo.cl\/portal\/wp-content\/uploads\/2016\/02\/TRILLA-A-YEGUAS-SUELTAS-FAMILIA-SANCHEZ-2.jpg?resize=200%2C132&amp;ssl=1 200w, https:\/\/i0.wp.com\/eltrabajo.cl\/portal\/wp-content\/uploads\/2016\/02\/TRILLA-A-YEGUAS-SUELTAS-FAMILIA-SANCHEZ-2.jpg?resize=300%2C198&amp;ssl=1 300w, https:\/\/i0.wp.com\/eltrabajo.cl\/portal\/wp-content\/uploads\/2016\/02\/TRILLA-A-YEGUAS-SUELTAS-FAMILIA-SANCHEZ-2.jpg?resize=227%2C150&amp;ssl=1 227w, https:\/\/i0.wp.com\/eltrabajo.cl\/portal\/wp-content\/uploads\/2016\/02\/TRILLA-A-YEGUAS-SUELTAS-FAMILIA-SANCHEZ-2.jpg?resize=400%2C264&amp;ssl=1 400w\" width=\"316\" height=\"209\" loading=\"lazy\" data-original-width=\"316\" data-original-height=\"209\" itemprop=\"http:\/\/schema.org\/image\" title=\"TRILLA A YEGUAS SUELTAS FAMILIA SANCHEZ (2)\" alt=\"Tras dar inicio a las celebraciones, representantes de la familia putaendina bailaron con maestr\u00eda un pie de cueca.\" style=\"width: 316px; height: 209px;\" \/> <\/a> <div class=\"tiled-gallery-caption\" itemprop=\"caption description\"> Tras dar inicio a las celebraciones, representantes de la familia putaendina bailaron con maestr\u00eda un pie de cueca. <\/div> <\/div> <\/div> <!-- close group --> <div class=\"gallery-group images-1\" style=\"width: 320px; height: 213px;\" data-original-width=\"320\" data-original-height=\"213\" > <div class=\"tiled-gallery-item tiled-gallery-item-large\" itemprop=\"associatedMedia\" itemscope itemtype=\"http:\/\/schema.org\/ImageObject\"> <a href=\"https:\/\/eltrabajo.cl\/portal\/realizan-exitosa-version-de-la-trilla-a-yeguas-sueltas-de-la-familia-sanchez\/trilla-a-yeguas-sueltas-familia-sanchez-5\/\" border=\"0\" itemprop=\"url\"> <meta itemprop=\"width\" content=\"316\"> <meta itemprop=\"height\" content=\"209\"> <img decoding=\"async\" class=\"\" data-attachment-id=\"66544\" data-orig-file=\"https:\/\/eltrabajo.cl\/portal\/wp-content\/uploads\/2016\/02\/TRILLA-A-YEGUAS-SUELTAS-FAMILIA-SANCHEZ-5.jpg\" data-orig-size=\"530,350\" data-comments-opened=\"1\" data-image-meta=\"{&quot;aperture&quot;:&quot;0&quot;,&quot;credit&quot;:&quot;&quot;,&quot;camera&quot;:&quot;&quot;,&quot;caption&quot;:&quot;&quot;,&quot;created_timestamp&quot;:&quot;0&quot;,&quot;copyright&quot;:&quot;&quot;,&quot;focal_length&quot;:&quot;0&quot;,&quot;iso&quot;:&quot;0&quot;,&quot;shutter_speed&quot;:&quot;0&quot;,&quot;title&quot;:&quot;&quot;,&quot;orientation&quot;:&quot;0&quot;}\" data-image-title=\"TRILLA A YEGUAS SUELTAS FAMILIA SANCHEZ (5)\" data-image-description=\"&lt;p&gt;La folclorista Mirtha Iturra se present\u00f3 por casi dos horas, cautivando al p\u00fablico con su voz.&lt;\/p&gt; \" data-medium-file=\"https:\/\/i0.wp.com\/eltrabajo.cl\/portal\/wp-content\/uploads\/2016\/02\/TRILLA-A-YEGUAS-SUELTAS-FAMILIA-SANCHEZ-5.jpg?fit=300%2C198&#038;ssl=1\" data-large-file=\"https:\/\/i0.wp.com\/eltrabajo.cl\/portal\/wp-content\/uploads\/2016\/02\/TRILLA-A-YEGUAS-SUELTAS-FAMILIA-SANCHEZ-5.jpg?fit=530%2C350&#038;ssl=1\" src=\"https:\/\/i0.wp.com\/eltrabajo.cl\/portal\/wp-content\/uploads\/2016\/02\/TRILLA-A-YEGUAS-SUELTAS-FAMILIA-SANCHEZ-5.jpg?w=316&#038;h=209&#038;ssl=1\" srcset=\"https:\/\/i0.wp.com\/eltrabajo.cl\/portal\/wp-content\/uploads\/2016\/02\/TRILLA-A-YEGUAS-SUELTAS-FAMILIA-SANCHEZ-5.jpg?w=530&amp;ssl=1 530w, https:\/\/i0.wp.com\/eltrabajo.cl\/portal\/wp-content\/uploads\/2016\/02\/TRILLA-A-YEGUAS-SUELTAS-FAMILIA-SANCHEZ-5.jpg?resize=200%2C132&amp;ssl=1 200w, https:\/\/i0.wp.com\/eltrabajo.cl\/portal\/wp-content\/uploads\/2016\/02\/TRILLA-A-YEGUAS-SUELTAS-FAMILIA-SANCHEZ-5.jpg?resize=300%2C198&amp;ssl=1 300w, https:\/\/i0.wp.com\/eltrabajo.cl\/portal\/wp-content\/uploads\/2016\/02\/TRILLA-A-YEGUAS-SUELTAS-FAMILIA-SANCHEZ-5.jpg?resize=227%2C150&amp;ssl=1 227w, https:\/\/i0.wp.com\/eltrabajo.cl\/portal\/wp-content\/uploads\/2016\/02\/TRILLA-A-YEGUAS-SUELTAS-FAMILIA-SANCHEZ-5.jpg?resize=400%2C264&amp;ssl=1 400w\" width=\"316\" height=\"209\" loading=\"lazy\" data-original-width=\"316\" data-original-height=\"209\" itemprop=\"http:\/\/schema.org\/image\" title=\"TRILLA A YEGUAS SUELTAS FAMILIA SANCHEZ (5)\" alt=\"La folclorista Mirtha Iturra se present\u00f3 por casi dos horas, cautivando al p\u00fablico con su voz.\" style=\"width: 316px; height: 209px;\" \/> <\/a> <div class=\"tiled-gallery-caption\" itemprop=\"caption description\"> La folclorista Mirtha Iturra se present\u00f3 por casi dos horas, cautivando al p\u00fablico con su voz. <\/div> <\/div> <\/div> <!-- close group --> <\/div> <!-- close row --> <\/div>\n<p>&nbsp;<\/p>\n","protected":false},"excerpt":{"rendered":"<p>Una emotiva ceremonia, la presentaci\u00f3n de la gran Mirtha Iturra y un amplio marco de p\u00fablico hicieron de esta tradici\u00f3n un gran \u00e9xito. PUTAENDO.- Despu\u00e9s de varias semanas de esfuerzo y dedicaci\u00f3n&#8230;<\/p>\n","protected":false},"author":482,"featured_media":66542,"comment_status":"open","ping_status":"open","sticky":false,"template":"","format":"standard","meta":{"advanced_seo_description":"","jetpack_seo_html_title":"","jetpack_seo_noindex":false,"_jetpack_memberships_contains_paid_content":false,"footnotes":""},"categories":[15],"tags":[],"class_list":["post-66541","post","type-post","status-publish","format-standard","has-post-thumbnail","hentry","category-comunidad"],"jetpack_featured_media_url":"https:\/\/i0.wp.com\/eltrabajo.cl\/portal\/wp-content\/uploads\/2016\/02\/TRILLA-A-YEGUAS-SUELTAS-FAMILIA-SANCHEZ-1.jpg?fit=530%2C350&ssl=1","jetpack_sharing_enabled":true,"jetpack_likes_enabled":true,"jetpack-related-posts":[],"_links":{"self":[{"href":"https:\/\/eltrabajo.cl\/portal\/wp-json\/wp\/v2\/posts\/66541","targetHints":{"allow":["GET"]}}],"collection":[{"href":"https:\/\/eltrabajo.cl\/portal\/wp-json\/wp\/v2\/posts"}],"about":[{"href":"https:\/\/eltrabajo.cl\/portal\/wp-json\/wp\/v2\/types\/post"}],"author":[{"embeddable":true,"href":"https:\/\/eltrabajo.cl\/portal\/wp-json\/wp\/v2\/users\/482"}],"replies":[{"embeddable":true,"href":"https:\/\/eltrabajo.cl\/portal\/wp-json\/wp\/v2\/comments?post=66541"}],"version-history":[{"count":0,"href":"https:\/\/eltrabajo.cl\/portal\/wp-json\/wp\/v2\/posts\/66541\/revisions"}],"wp:featuredmedia":[{"embeddable":true,"href":"https:\/\/eltrabajo.cl\/portal\/wp-json\/wp\/v2\/media\/66542"}],"wp:attachment":[{"href":"https:\/\/eltrabajo.cl\/portal\/wp-json\/wp\/v2\/media?parent=66541"}],"wp:term":[{"taxonomy":"category","embeddable":true,"href":"https:\/\/eltrabajo.cl\/portal\/wp-json\/wp\/v2\/categories?post=66541"},{"taxonomy":"post_tag","embeddable":true,"href":"https:\/\/eltrabajo.cl\/portal\/wp-json\/wp\/v2\/tags?post=66541"}],"curies":[{"name":"wp","href":"https:\/\/api.w.org\/{rel}","templated":true}]}}