{"id":66546,"date":"2016-02-08T09:49:22","date_gmt":"2016-02-08T12:49:22","guid":{"rendered":"http:\/\/www.eltrabajo.cl\/portal\/?p=66546"},"modified":"2016-02-08T09:49:22","modified_gmt":"2016-02-08T12:49:22","slug":"vecinos-de-poblacion-aconcagua-ya-tienen-su-radio-fm-comunitaria","status":"publish","type":"post","link":"https:\/\/eltrabajo.cl\/portal\/vecinos-de-poblacion-aconcagua-ya-tienen-su-radio-fm-comunitaria\/","title":{"rendered":"Vecinos de Poblaci\u00f3n Aconcagua ya tienen su radio FM comunitaria"},"content":{"rendered":"<figure id=\"attachment_66549\" aria-describedby=\"caption-attachment-66549\" style=\"width: 300px\" class=\"wp-caption alignleft\"><img data-recalc-dims=\"1\" loading=\"lazy\" decoding=\"async\" class=\"wp-image-66549 size-medium\" src=\"https:\/\/i0.wp.com\/www.eltrabajo.cl\/portal\/wp-content\/uploads\/2016\/02\/Radio1-300x198.jpg?resize=300%2C198\" alt=\"RADIO COMUNITARIA.- Ya los vecinos de Poblaci\u00f3n Aconcagua cuentan desde este domingo, con la salida al aire de su propia radioemisora comunitaria en FM.\" width=\"300\" height=\"198\" srcset=\"https:\/\/i0.wp.com\/eltrabajo.cl\/portal\/wp-content\/uploads\/2016\/02\/Radio1.jpg?resize=300%2C198&amp;ssl=1 300w, https:\/\/i0.wp.com\/eltrabajo.cl\/portal\/wp-content\/uploads\/2016\/02\/Radio1.jpg?resize=200%2C132&amp;ssl=1 200w, https:\/\/i0.wp.com\/eltrabajo.cl\/portal\/wp-content\/uploads\/2016\/02\/Radio1.jpg?resize=228%2C150&amp;ssl=1 228w, https:\/\/i0.wp.com\/eltrabajo.cl\/portal\/wp-content\/uploads\/2016\/02\/Radio1.jpg?resize=400%2C263&amp;ssl=1 400w, https:\/\/i0.wp.com\/eltrabajo.cl\/portal\/wp-content\/uploads\/2016\/02\/Radio1.jpg?w=530&amp;ssl=1 530w\" sizes=\"auto, (max-width: 300px) 100vw, 300px\" \/><figcaption id=\"caption-attachment-66549\" class=\"wp-caption-text\">RADIO COMUNITARIA.- Ya los vecinos de Poblaci\u00f3n Aconcagua cuentan desde este domingo, con la salida al aire de su propia radioemisora comunitaria en FM.<\/figcaption><\/figure>\n<p>Este domingo a partir de las 18:00 horas sali\u00f3 al aire la Emisora Comunitaria Poblaci\u00f3n Aconcagua en Frecuencia Modulada (FM), una iniciativa de la junta de vecinos de esa poblaci\u00f3n y tambi\u00e9n una propuesta de don Jos\u00e9 Claudio Fern\u00e1ndez, quien es el t\u00e9cnico y creador del aparataje que permite el funcionamiento de esta nueva propuesta radial.<\/p>\n<p><strong>LOS PROTAGONISTAS<\/strong><br \/>\nDiario El Trabajo habl\u00f3 con los protagonistas del proyecto, a fin de conocer de cerca la nueva emisora.<br \/>\n\u00abEsto de poner una radio a funcionar, naci\u00f3 de la necesidad de tener un canal que pudi\u00e9ramos controlar, en donde pudi\u00e9ramos programar m\u00fasica vieja; mensajes de utilidad comunitaria y temas de nuestro inter\u00e9s. Con mi hijo Claudio nos pusimos a trabajar, propusimos tambi\u00e9n la idea a do\u00f1a Leontina Varas, presidenta de la sede vecinal, y en pocos meses logramos obtener los permisos para transmitir\u00bb, coment\u00f3 don Claudio Fern\u00e1ndez.<br \/>\nSon aproximadamente 1.400 vecinos los que tienen acceso a esta emisora, pues el alcance es limitado s\u00f3lo para el sector de Poblaci\u00f3n Aconcagua, seg\u00fan lo establece la ley en estos casos. En sus transmisiones s\u00f3lo temas comunitarios se pueden ventilar, siendo prohibida la transmisi\u00f3n de temas pol\u00edticos fuera del accionar comunitario, religiosos y similares. Poblaci\u00f3n Aconcagua tiene 45 a\u00f1os de existencia.<\/p>\n<p><strong>MUY AGRADECIDOS<\/strong><br \/>\nDiario El Trabajo habl\u00f3 con la presidente de la junta de vecinos, do\u00f1a Leontina Varas L\u00f3pez, \u00abun sue\u00f1o de muchos cumplido, aqu\u00ed casi todos los pobladores somos adultos mayores, lo que nos conlleva a necesitar estar m\u00e1s integrados, ahora tenemos nuestra propia emisora comunitaria, llamaremos para pedir nuestras canciones favoritas, tambi\u00e9n nos servir\u00e1 para las convocatorias a reuniones o eventos dentro de nuestra poblaci\u00f3n. Agradezco a don Claudio y a su hijo, por este provechoso proyecto en beneficio de todos\u00bb, explic\u00f3 do\u00f1a Leontina.<br \/>\nLa frecuencia para sintonizar la Emisora Comunitaria Poblaci\u00f3n Aconcagua es 107.2; el tel\u00e9fono para contactarse con la emisora es 990 09 4721 y est\u00e1 ubicada en Pasaje J.L. Castro de Poblaci\u00f3n Aconcagua. Actualmente esta radio est\u00e1 transmitiendo desde las 7:30 a las 10:30 horas, hasta que reciban permiso para transmitir por m\u00e1s horas al d\u00eda.<br \/>\n<strong>Roberto Gonz\u00e1lez Short<\/strong><br \/>\n<strong>rgonzalez@eltrabajo.cl<\/strong><\/p>\n<div class=\"tiled-gallery type-rectangular tiled-gallery-unresized\" data-original-width=\"640\" data-carousel-extra='null' itemscope itemtype=\"http:\/\/schema.org\/ImageGallery\" > <div class=\"gallery-row\" style=\"width: 640px; height: 284px;\" data-original-width=\"640\" data-original-height=\"284\" > <div class=\"gallery-group images-1\" style=\"width: 428px; height: 284px;\" data-original-width=\"428\" data-original-height=\"284\" > <div class=\"tiled-gallery-item tiled-gallery-item-large\" itemprop=\"associatedMedia\" itemscope itemtype=\"http:\/\/schema.org\/ImageObject\"> <a href=\"https:\/\/eltrabajo.cl\/portal\/vecinos-de-poblacion-aconcagua-ya-tienen-su-radio-fm-comunitaria\/radio2-2\/\" border=\"0\" itemprop=\"url\"> <meta itemprop=\"width\" content=\"424\"> <meta itemprop=\"height\" content=\"280\"> <img decoding=\"async\" class=\"\" data-attachment-id=\"66550\" data-orig-file=\"https:\/\/eltrabajo.cl\/portal\/wp-content\/uploads\/2016\/02\/Radio2.jpg\" data-orig-size=\"530,350\" data-comments-opened=\"1\" data-image-meta=\"{&quot;aperture&quot;:&quot;0&quot;,&quot;credit&quot;:&quot;&quot;,&quot;camera&quot;:&quot;&quot;,&quot;caption&quot;:&quot;&quot;,&quot;created_timestamp&quot;:&quot;0&quot;,&quot;copyright&quot;:&quot;&quot;,&quot;focal_length&quot;:&quot;0&quot;,&quot;iso&quot;:&quot;0&quot;,&quot;shutter_speed&quot;:&quot;0&quot;,&quot;title&quot;:&quot;&quot;,&quot;orientation&quot;:&quot;0&quot;}\" data-image-title=\"Radio2\" data-image-description=\"&lt;p&gt;GENIO Y FIGURA.- Claudio Fern\u00e1ndez (hijo) es uno de los pioneros de esta fabulosa iniciativa en la parte t\u00e9cnica.&lt;\/p&gt; \" data-medium-file=\"https:\/\/i0.wp.com\/eltrabajo.cl\/portal\/wp-content\/uploads\/2016\/02\/Radio2.jpg?fit=300%2C198&#038;ssl=1\" data-large-file=\"https:\/\/i0.wp.com\/eltrabajo.cl\/portal\/wp-content\/uploads\/2016\/02\/Radio2.jpg?fit=530%2C350&#038;ssl=1\" src=\"https:\/\/i0.wp.com\/eltrabajo.cl\/portal\/wp-content\/uploads\/2016\/02\/Radio2.jpg?w=424&#038;h=280&#038;ssl=1\" srcset=\"https:\/\/i0.wp.com\/eltrabajo.cl\/portal\/wp-content\/uploads\/2016\/02\/Radio2.jpg?w=530&amp;ssl=1 530w, https:\/\/i0.wp.com\/eltrabajo.cl\/portal\/wp-content\/uploads\/2016\/02\/Radio2.jpg?resize=200%2C132&amp;ssl=1 200w, https:\/\/i0.wp.com\/eltrabajo.cl\/portal\/wp-content\/uploads\/2016\/02\/Radio2.jpg?resize=300%2C198&amp;ssl=1 300w, https:\/\/i0.wp.com\/eltrabajo.cl\/portal\/wp-content\/uploads\/2016\/02\/Radio2.jpg?resize=227%2C150&amp;ssl=1 227w, https:\/\/i0.wp.com\/eltrabajo.cl\/portal\/wp-content\/uploads\/2016\/02\/Radio2.jpg?resize=400%2C264&amp;ssl=1 400w\" width=\"424\" height=\"280\" loading=\"lazy\" data-original-width=\"424\" data-original-height=\"280\" itemprop=\"http:\/\/schema.org\/image\" title=\"Radio2\" alt=\"GENIO Y FIGURA.- Claudio Fern\u00e1ndez (hijo) es uno de los pioneros de esta fabulosa iniciativa en la parte t\u00e9cnica.\" style=\"width: 424px; height: 280px;\" \/> <\/a> <div class=\"tiled-gallery-caption\" itemprop=\"caption description\"> GENIO Y FIGURA.- Claudio Fern\u00e1ndez (hijo) es uno de los pioneros de esta fabulosa iniciativa en la parte t\u00e9cnica. <\/div> <\/div> <\/div> <!-- close group --> <div class=\"gallery-group images-2\" style=\"width: 212px; height: 284px;\" data-original-width=\"212\" data-original-height=\"284\" > <div class=\"tiled-gallery-item tiled-gallery-item-small\" itemprop=\"associatedMedia\" itemscope itemtype=\"http:\/\/schema.org\/ImageObject\"> <a href=\"https:\/\/eltrabajo.cl\/portal\/vecinos-de-poblacion-aconcagua-ya-tienen-su-radio-fm-comunitaria\/claudio-fernandez-2\/\" border=\"0\" itemprop=\"url\"> <meta itemprop=\"width\" content=\"208\"> <meta itemprop=\"height\" content=\"138\"> <img decoding=\"async\" class=\"\" data-attachment-id=\"66547\" data-orig-file=\"https:\/\/eltrabajo.cl\/portal\/wp-content\/uploads\/2016\/02\/Claudio-Fernandez.jpg\" data-orig-size=\"528,350\" data-comments-opened=\"1\" data-image-meta=\"{&quot;aperture&quot;:&quot;0&quot;,&quot;credit&quot;:&quot;&quot;,&quot;camera&quot;:&quot;&quot;,&quot;caption&quot;:&quot;&quot;,&quot;created_timestamp&quot;:&quot;0&quot;,&quot;copyright&quot;:&quot;&quot;,&quot;focal_length&quot;:&quot;0&quot;,&quot;iso&quot;:&quot;0&quot;,&quot;shutter_speed&quot;:&quot;0&quot;,&quot;title&quot;:&quot;&quot;,&quot;orientation&quot;:&quot;0&quot;}\" data-image-title=\"Claudio Fernandez\" data-image-description=\"&lt;p&gt;Jos\u00e9 Claudio Fern\u00e1ndez, creador de la Emisora Comunitaria Poblaci\u00f3n Aconcagua en Frecuencia Modulada (FM).&lt;\/p&gt; \" data-medium-file=\"https:\/\/i0.wp.com\/eltrabajo.cl\/portal\/wp-content\/uploads\/2016\/02\/Claudio-Fernandez.jpg?fit=300%2C199&#038;ssl=1\" data-large-file=\"https:\/\/i0.wp.com\/eltrabajo.cl\/portal\/wp-content\/uploads\/2016\/02\/Claudio-Fernandez.jpg?fit=528%2C350&#038;ssl=1\" src=\"https:\/\/i0.wp.com\/eltrabajo.cl\/portal\/wp-content\/uploads\/2016\/02\/Claudio-Fernandez.jpg?w=208&#038;h=138&#038;ssl=1\" srcset=\"https:\/\/i0.wp.com\/eltrabajo.cl\/portal\/wp-content\/uploads\/2016\/02\/Claudio-Fernandez.jpg?w=528&amp;ssl=1 528w, https:\/\/i0.wp.com\/eltrabajo.cl\/portal\/wp-content\/uploads\/2016\/02\/Claudio-Fernandez.jpg?resize=200%2C133&amp;ssl=1 200w, https:\/\/i0.wp.com\/eltrabajo.cl\/portal\/wp-content\/uploads\/2016\/02\/Claudio-Fernandez.jpg?resize=300%2C199&amp;ssl=1 300w, https:\/\/i0.wp.com\/eltrabajo.cl\/portal\/wp-content\/uploads\/2016\/02\/Claudio-Fernandez.jpg?resize=226%2C150&amp;ssl=1 226w, https:\/\/i0.wp.com\/eltrabajo.cl\/portal\/wp-content\/uploads\/2016\/02\/Claudio-Fernandez.jpg?resize=400%2C265&amp;ssl=1 400w\" width=\"208\" height=\"138\" loading=\"lazy\" data-original-width=\"208\" data-original-height=\"138\" itemprop=\"http:\/\/schema.org\/image\" title=\"Claudio Fernandez\" alt=\"Jos\u00e9 Claudio Fern\u00e1ndez, creador de la Emisora Comunitaria Poblaci\u00f3n Aconcagua en Frecuencia Modulada (FM).\" style=\"width: 208px; height: 138px;\" \/> <\/a> <div class=\"tiled-gallery-caption\" itemprop=\"caption description\"> Jos\u00e9 Claudio Fern\u00e1ndez, creador de la Emisora Comunitaria Poblaci\u00f3n Aconcagua en Frecuencia Modulada (FM). <\/div> <\/div> <div class=\"tiled-gallery-item tiled-gallery-item-small\" itemprop=\"associatedMedia\" itemscope itemtype=\"http:\/\/schema.org\/ImageObject\"> <a href=\"https:\/\/eltrabajo.cl\/portal\/vecinos-de-poblacion-aconcagua-ya-tienen-su-radio-fm-comunitaria\/leontina-varas\/\" border=\"0\" itemprop=\"url\"> <meta itemprop=\"width\" content=\"208\"> <meta itemprop=\"height\" content=\"138\"> <img decoding=\"async\" class=\"\" data-attachment-id=\"66548\" data-orig-file=\"https:\/\/eltrabajo.cl\/portal\/wp-content\/uploads\/2016\/02\/Leontina-Varas.jpg\" data-orig-size=\"530,350\" data-comments-opened=\"1\" data-image-meta=\"{&quot;aperture&quot;:&quot;0&quot;,&quot;credit&quot;:&quot;&quot;,&quot;camera&quot;:&quot;&quot;,&quot;caption&quot;:&quot;&quot;,&quot;created_timestamp&quot;:&quot;0&quot;,&quot;copyright&quot;:&quot;&quot;,&quot;focal_length&quot;:&quot;0&quot;,&quot;iso&quot;:&quot;0&quot;,&quot;shutter_speed&quot;:&quot;0&quot;,&quot;title&quot;:&quot;&quot;,&quot;orientation&quot;:&quot;0&quot;}\" data-image-title=\"Leontina Varas\" data-image-description=\"&lt;p&gt;Presidente de la junta de vecinos de Poblaci\u00f3n Aconcagua, do\u00f1a Leontina Varas L\u00f3pez.&lt;\/p&gt; \" data-medium-file=\"https:\/\/i0.wp.com\/eltrabajo.cl\/portal\/wp-content\/uploads\/2016\/02\/Leontina-Varas.jpg?fit=300%2C198&#038;ssl=1\" data-large-file=\"https:\/\/i0.wp.com\/eltrabajo.cl\/portal\/wp-content\/uploads\/2016\/02\/Leontina-Varas.jpg?fit=530%2C350&#038;ssl=1\" src=\"https:\/\/i0.wp.com\/eltrabajo.cl\/portal\/wp-content\/uploads\/2016\/02\/Leontina-Varas.jpg?w=208&#038;h=138&#038;ssl=1\" srcset=\"https:\/\/i0.wp.com\/eltrabajo.cl\/portal\/wp-content\/uploads\/2016\/02\/Leontina-Varas.jpg?w=530&amp;ssl=1 530w, https:\/\/i0.wp.com\/eltrabajo.cl\/portal\/wp-content\/uploads\/2016\/02\/Leontina-Varas.jpg?resize=200%2C132&amp;ssl=1 200w, https:\/\/i0.wp.com\/eltrabajo.cl\/portal\/wp-content\/uploads\/2016\/02\/Leontina-Varas.jpg?resize=300%2C198&amp;ssl=1 300w, https:\/\/i0.wp.com\/eltrabajo.cl\/portal\/wp-content\/uploads\/2016\/02\/Leontina-Varas.jpg?resize=227%2C150&amp;ssl=1 227w, https:\/\/i0.wp.com\/eltrabajo.cl\/portal\/wp-content\/uploads\/2016\/02\/Leontina-Varas.jpg?resize=400%2C264&amp;ssl=1 400w\" width=\"208\" height=\"138\" loading=\"lazy\" data-original-width=\"208\" data-original-height=\"138\" itemprop=\"http:\/\/schema.org\/image\" title=\"Leontina Varas\" alt=\"Presidente de la junta de vecinos de Poblaci\u00f3n Aconcagua, do\u00f1a Leontina Varas L\u00f3pez.\" style=\"width: 208px; height: 138px;\" \/> <\/a> <div class=\"tiled-gallery-caption\" itemprop=\"caption description\"> Presidente de la junta de vecinos de Poblaci\u00f3n Aconcagua, do\u00f1a Leontina Varas L\u00f3pez. <\/div> <\/div> <\/div> <!-- close group --> <\/div> <!-- close row --> <\/div>\n","protected":false},"excerpt":{"rendered":"<p>Este domingo a partir de las 18:00 horas sali\u00f3 al aire la Emisora Comunitaria Poblaci\u00f3n Aconcagua en Frecuencia Modulada (FM), una iniciativa de la junta de vecinos de esa poblaci\u00f3n y tambi\u00e9n&#8230;<\/p>\n","protected":false},"author":482,"featured_media":66549,"comment_status":"open","ping_status":"open","sticky":false,"template":"","format":"standard","meta":{"advanced_seo_description":"","jetpack_seo_html_title":"","jetpack_seo_noindex":false,"_jetpack_memberships_contains_paid_content":false,"footnotes":""},"categories":[15],"tags":[],"class_list":["post-66546","post","type-post","status-publish","format-standard","has-post-thumbnail","hentry","category-comunidad"],"jetpack_featured_media_url":"https:\/\/i0.wp.com\/eltrabajo.cl\/portal\/wp-content\/uploads\/2016\/02\/Radio1.jpg?fit=530%2C349&ssl=1","jetpack_sharing_enabled":true,"jetpack_likes_enabled":true,"jetpack-related-posts":[],"_links":{"self":[{"href":"https:\/\/eltrabajo.cl\/portal\/wp-json\/wp\/v2\/posts\/66546","targetHints":{"allow":["GET"]}}],"collection":[{"href":"https:\/\/eltrabajo.cl\/portal\/wp-json\/wp\/v2\/posts"}],"about":[{"href":"https:\/\/eltrabajo.cl\/portal\/wp-json\/wp\/v2\/types\/post"}],"author":[{"embeddable":true,"href":"https:\/\/eltrabajo.cl\/portal\/wp-json\/wp\/v2\/users\/482"}],"replies":[{"embeddable":true,"href":"https:\/\/eltrabajo.cl\/portal\/wp-json\/wp\/v2\/comments?post=66546"}],"version-history":[{"count":0,"href":"https:\/\/eltrabajo.cl\/portal\/wp-json\/wp\/v2\/posts\/66546\/revisions"}],"wp:featuredmedia":[{"embeddable":true,"href":"https:\/\/eltrabajo.cl\/portal\/wp-json\/wp\/v2\/media\/66549"}],"wp:attachment":[{"href":"https:\/\/eltrabajo.cl\/portal\/wp-json\/wp\/v2\/media?parent=66546"}],"wp:term":[{"taxonomy":"category","embeddable":true,"href":"https:\/\/eltrabajo.cl\/portal\/wp-json\/wp\/v2\/categories?post=66546"},{"taxonomy":"post_tag","embeddable":true,"href":"https:\/\/eltrabajo.cl\/portal\/wp-json\/wp\/v2\/tags?post=66546"}],"curies":[{"name":"wp","href":"https:\/\/api.w.org\/{rel}","templated":true}]}}