{"id":66552,"date":"2016-02-08T09:54:19","date_gmt":"2016-02-08T12:54:19","guid":{"rendered":"http:\/\/www.eltrabajo.cl\/portal\/?p=66552"},"modified":"2016-02-08T09:54:19","modified_gmt":"2016-02-08T12:54:19","slug":"lo-capturan-con-pistola-y-cuchillo-amenazando-a-transeuntes","status":"publish","type":"post","link":"https:\/\/eltrabajo.cl\/portal\/lo-capturan-con-pistola-y-cuchillo-amenazando-a-transeuntes\/","title":{"rendered":"Lo capturan con pistola y cuchillo amenazando a transe\u00fantes"},"content":{"rendered":"<figure id=\"attachment_66553\" aria-describedby=\"caption-attachment-66553\" style=\"width: 300px\" class=\"wp-caption alignleft\"><img data-recalc-dims=\"1\" loading=\"lazy\" decoding=\"async\" class=\"wp-image-66553 size-medium\" src=\"https:\/\/i0.wp.com\/www.eltrabajo.cl\/portal\/wp-content\/uploads\/2016\/02\/imputado-arma-de-fuego-300x198.jpg?resize=300%2C198\" alt=\"El imputado ser\u00e1 sometido a control de detenci\u00f3n al mediod\u00eda de hoy lunes en el Juzgado de Garant\u00eda de San Felipe.\" width=\"300\" height=\"198\" srcset=\"https:\/\/i0.wp.com\/eltrabajo.cl\/portal\/wp-content\/uploads\/2016\/02\/imputado-arma-de-fuego.jpg?resize=300%2C198&amp;ssl=1 300w, https:\/\/i0.wp.com\/eltrabajo.cl\/portal\/wp-content\/uploads\/2016\/02\/imputado-arma-de-fuego.jpg?resize=200%2C132&amp;ssl=1 200w, https:\/\/i0.wp.com\/eltrabajo.cl\/portal\/wp-content\/uploads\/2016\/02\/imputado-arma-de-fuego.jpg?resize=228%2C150&amp;ssl=1 228w, https:\/\/i0.wp.com\/eltrabajo.cl\/portal\/wp-content\/uploads\/2016\/02\/imputado-arma-de-fuego.jpg?resize=400%2C263&amp;ssl=1 400w, https:\/\/i0.wp.com\/eltrabajo.cl\/portal\/wp-content\/uploads\/2016\/02\/imputado-arma-de-fuego.jpg?w=530&amp;ssl=1 530w\" sizes=\"auto, (max-width: 300px) 100vw, 300px\" \/><figcaption id=\"caption-attachment-66553\" class=\"wp-caption-text\">El imputado ser\u00e1 sometido a control de detenci\u00f3n al mediod\u00eda de hoy lunes en el Juzgado de Garant\u00eda de San Felipe.<\/figcaption><\/figure>\n<ul>\n<li><strong>Vecinos denunciaron al individuo v\u00eda telef\u00f3nica a Carabineros que lo arrest\u00f3 a los pocos minutos portando los armamentos y cartuchos sin percutir.<\/strong><\/li>\n<\/ul>\n<p>Pasadas las 09:00 horas de la ma\u00f1ana de ayer domingo, Carabineros fue alertado de un sujeto que portaba un arma de fuego y amenazaba con disparar a quien se le cruzara en el camino, seg\u00fan el relato de testigos de la Villa 250 A\u00f1os de San Felipe, que describieron al sujeto de acuerdo a sus vestimentas y en el lugar exacto que transitaba.<\/p>\n<figure id=\"attachment_66554\" aria-describedby=\"caption-attachment-66554\" style=\"width: 300px\" class=\"wp-caption alignright\"><img data-recalc-dims=\"1\" loading=\"lazy\" decoding=\"async\" class=\"wp-image-66554 size-medium\" src=\"https:\/\/i0.wp.com\/www.eltrabajo.cl\/portal\/wp-content\/uploads\/2016\/02\/arma-de-fuego1-300x197.jpg?resize=300%2C197\" alt=\"Carabineros incaut\u00f3 el rev\u00f3lver, los cartuchos sin percutir y el arma blanca como medios de pruebas para la Fiscal\u00eda que acusar\u00e1 los delitos.\" width=\"300\" height=\"197\" srcset=\"https:\/\/i0.wp.com\/eltrabajo.cl\/portal\/wp-content\/uploads\/2016\/02\/arma-de-fuego1.jpg?resize=300%2C197&amp;ssl=1 300w, https:\/\/i0.wp.com\/eltrabajo.cl\/portal\/wp-content\/uploads\/2016\/02\/arma-de-fuego1.jpg?resize=200%2C131&amp;ssl=1 200w, https:\/\/i0.wp.com\/eltrabajo.cl\/portal\/wp-content\/uploads\/2016\/02\/arma-de-fuego1.jpg?resize=228%2C150&amp;ssl=1 228w, https:\/\/i0.wp.com\/eltrabajo.cl\/portal\/wp-content\/uploads\/2016\/02\/arma-de-fuego1.jpg?resize=400%2C263&amp;ssl=1 400w, https:\/\/i0.wp.com\/eltrabajo.cl\/portal\/wp-content\/uploads\/2016\/02\/arma-de-fuego1.jpg?w=530&amp;ssl=1 530w\" sizes=\"auto, (max-width: 300px) 100vw, 300px\" \/><figcaption id=\"caption-attachment-66554\" class=\"wp-caption-text\">Carabineros incaut\u00f3 el rev\u00f3lver, los cartuchos sin percutir y el arma blanca como medios de pruebas para la Fiscal\u00eda que acusar\u00e1 los delitos.<\/figcaption><\/figure>\n<p>Producto del llamado de auxilio, los efectivos policiales se trasladaron hasta el lugar de los hechos donde observaron a un individuo que se asemejaba a las caracter\u00edsticas proporcionadas por los vecinos, intercept\u00e1ndolo para efectuarle un control de identidad en calle Dardignac esquina El Bosque.<br \/>\nAl revisar ente sus vestimentas, Carabineros descubri\u00f3 que portaba un rev\u00f3lver marca Smith calibre 22 junto con siete cartuchos sin percutir, adem\u00e1s de un cuchillo de 33 cent\u00edmetros de largo con empu\u00f1adura de color negro; estos medios de pruebas significaron su detenci\u00f3n por portar estos armamentos il\u00edcitamente.<br \/>\nEl imputado fue individualizado como \u00c1.A.M.P. de 34 a\u00f1os de edad, domiciliado en Villa Industrial de San Felipe, quien ser\u00e1 sometido a control de detenci\u00f3n durante el mediod\u00eda de hoy lunes en el Juzgado de Garant\u00eda de San Felipe.<br \/>\n<strong>Pablo Salinas Sald\u00edas<\/strong><\/p>\n","protected":false},"excerpt":{"rendered":"<p>Vecinos denunciaron al individuo v\u00eda telef\u00f3nica a Carabineros que lo arrest\u00f3 a los pocos minutos portando los armamentos y cartuchos sin percutir. Pasadas las 09:00 horas de la ma\u00f1ana de ayer domingo,&#8230;<\/p>\n","protected":false},"author":482,"featured_media":66553,"comment_status":"open","ping_status":"open","sticky":false,"template":"","format":"standard","meta":{"advanced_seo_description":"","jetpack_seo_html_title":"","jetpack_seo_noindex":false,"_jetpack_memberships_contains_paid_content":false,"footnotes":""},"categories":[21],"tags":[],"class_list":["post-66552","post","type-post","status-publish","format-standard","has-post-thumbnail","hentry","category-policial"],"jetpack_featured_media_url":"https:\/\/i0.wp.com\/eltrabajo.cl\/portal\/wp-content\/uploads\/2016\/02\/imputado-arma-de-fuego.jpg?fit=530%2C349&ssl=1","jetpack_sharing_enabled":true,"jetpack_likes_enabled":true,"jetpack-related-posts":[],"_links":{"self":[{"href":"https:\/\/eltrabajo.cl\/portal\/wp-json\/wp\/v2\/posts\/66552","targetHints":{"allow":["GET"]}}],"collection":[{"href":"https:\/\/eltrabajo.cl\/portal\/wp-json\/wp\/v2\/posts"}],"about":[{"href":"https:\/\/eltrabajo.cl\/portal\/wp-json\/wp\/v2\/types\/post"}],"author":[{"embeddable":true,"href":"https:\/\/eltrabajo.cl\/portal\/wp-json\/wp\/v2\/users\/482"}],"replies":[{"embeddable":true,"href":"https:\/\/eltrabajo.cl\/portal\/wp-json\/wp\/v2\/comments?post=66552"}],"version-history":[{"count":0,"href":"https:\/\/eltrabajo.cl\/portal\/wp-json\/wp\/v2\/posts\/66552\/revisions"}],"wp:featuredmedia":[{"embeddable":true,"href":"https:\/\/eltrabajo.cl\/portal\/wp-json\/wp\/v2\/media\/66553"}],"wp:attachment":[{"href":"https:\/\/eltrabajo.cl\/portal\/wp-json\/wp\/v2\/media?parent=66552"}],"wp:term":[{"taxonomy":"category","embeddable":true,"href":"https:\/\/eltrabajo.cl\/portal\/wp-json\/wp\/v2\/categories?post=66552"},{"taxonomy":"post_tag","embeddable":true,"href":"https:\/\/eltrabajo.cl\/portal\/wp-json\/wp\/v2\/tags?post=66552"}],"curies":[{"name":"wp","href":"https:\/\/api.w.org\/{rel}","templated":true}]}}