{"id":66556,"date":"2016-02-08T09:56:31","date_gmt":"2016-02-08T12:56:31","guid":{"rendered":"http:\/\/www.eltrabajo.cl\/portal\/?p=66556"},"modified":"2016-02-08T09:56:31","modified_gmt":"2016-02-08T12:56:31","slug":"dos-incendios-provocaron-cuantiosos-danos-a-viviendas-de-villa-sor-teresa-y-hermanos-maristas","status":"publish","type":"post","link":"https:\/\/eltrabajo.cl\/portal\/dos-incendios-provocaron-cuantiosos-danos-a-viviendas-de-villa-sor-teresa-y-hermanos-maristas\/","title":{"rendered":"Dos incendios provocaron cuantiosos da\u00f1os a viviendas de Villa Sor Teresa y Hermanos Maristas"},"content":{"rendered":"<figure id=\"attachment_66557\" aria-describedby=\"caption-attachment-66557\" style=\"width: 300px\" class=\"wp-caption alignleft\"><img data-recalc-dims=\"1\" loading=\"lazy\" decoding=\"async\" class=\"wp-image-66557 size-medium\" src=\"https:\/\/i0.wp.com\/www.eltrabajo.cl\/portal\/wp-content\/uploads\/2016\/02\/Incendio-Sor-teresa-1-300x198.jpg?resize=300%2C198\" alt=\"El incendio se habr\u00eda originado en la parte delantera de la casa, es decir, el living comedor y la cocina. \" width=\"300\" height=\"198\" srcset=\"https:\/\/i0.wp.com\/eltrabajo.cl\/portal\/wp-content\/uploads\/2016\/02\/Incendio-Sor-teresa-1.jpg?resize=300%2C198&amp;ssl=1 300w, https:\/\/i0.wp.com\/eltrabajo.cl\/portal\/wp-content\/uploads\/2016\/02\/Incendio-Sor-teresa-1.jpg?resize=200%2C132&amp;ssl=1 200w, https:\/\/i0.wp.com\/eltrabajo.cl\/portal\/wp-content\/uploads\/2016\/02\/Incendio-Sor-teresa-1.jpg?resize=227%2C150&amp;ssl=1 227w, https:\/\/i0.wp.com\/eltrabajo.cl\/portal\/wp-content\/uploads\/2016\/02\/Incendio-Sor-teresa-1.jpg?resize=400%2C264&amp;ssl=1 400w, https:\/\/i0.wp.com\/eltrabajo.cl\/portal\/wp-content\/uploads\/2016\/02\/Incendio-Sor-teresa-1.jpg?w=530&amp;ssl=1 530w\" sizes=\"auto, (max-width: 300px) 100vw, 300px\" \/><figcaption id=\"caption-attachment-66557\" class=\"wp-caption-text\">El incendio se habr\u00eda originado en la parte delantera de la casa, es decir, el living comedor y la cocina.<\/figcaption><\/figure>\n<p><strong>LOS ANDES<\/strong>.- Millonarios da\u00f1os dej\u00f3 como saldo un incendio de proporciones que la tarde de este viernes afect\u00f3 a una vivienda de Villa Sor Teresa en el sector sur de Los Andes.<br \/>\nEl siniestro se declar\u00f3 pasadas las 17:00 horas y afect\u00f3 al inmueble sindicado con el n\u00famero 1321 de Calle Rupanco de esa poblaci\u00f3n.<br \/>\nEl fuego se extendi\u00f3 r\u00e1pidamente por todo el entretecho de la propiedad por lo que se hizo necesaria la presencia de unidades de cuatro compa\u00f1\u00edas de bomberos de Los Andes que tras casi media hora de trabajo pudieron controlar las llamas y evitar su propagaci\u00f3n a casas colindantes.<br \/>\nSin embargo, una vivienda contigua result\u00f3 tambi\u00e9n con da\u00f1os importantes a causa del agua.<br \/>\nEl Segundo Comandante del Cuerpo de Bomberos de Los Andes, Luis Aguilar Guerra, indic\u00f3 que cuando lleg\u00f3 la primera unidad la casa se encontraba completamente envuelta en llamas en su parte delantera, vale decir living comedor y cocina.<\/p>\n<figure id=\"attachment_66558\" aria-describedby=\"caption-attachment-66558\" style=\"width: 300px\" class=\"wp-caption alignright\"><img data-recalc-dims=\"1\" loading=\"lazy\" decoding=\"async\" class=\"wp-image-66558 size-medium\" src=\"https:\/\/i0.wp.com\/www.eltrabajo.cl\/portal\/wp-content\/uploads\/2016\/02\/Incendio-Hermanos-maristas-300x198.jpg?resize=300%2C198\" alt=\"A la emergencia concurrieron unidades de la Primera, Segunda, Tercera y Quinta Compa\u00f1\u00eda de bomberos, quienes lograron extinguir el fuego, evitando su propagaci\u00f3n hacia el primer piso y casas colindantes.\" width=\"300\" height=\"198\" srcset=\"https:\/\/i0.wp.com\/eltrabajo.cl\/portal\/wp-content\/uploads\/2016\/02\/Incendio-Hermanos-maristas.jpg?resize=300%2C198&amp;ssl=1 300w, https:\/\/i0.wp.com\/eltrabajo.cl\/portal\/wp-content\/uploads\/2016\/02\/Incendio-Hermanos-maristas.jpg?resize=200%2C132&amp;ssl=1 200w, https:\/\/i0.wp.com\/eltrabajo.cl\/portal\/wp-content\/uploads\/2016\/02\/Incendio-Hermanos-maristas.jpg?resize=228%2C150&amp;ssl=1 228w, https:\/\/i0.wp.com\/eltrabajo.cl\/portal\/wp-content\/uploads\/2016\/02\/Incendio-Hermanos-maristas.jpg?resize=400%2C263&amp;ssl=1 400w, https:\/\/i0.wp.com\/eltrabajo.cl\/portal\/wp-content\/uploads\/2016\/02\/Incendio-Hermanos-maristas.jpg?w=530&amp;ssl=1 530w\" sizes=\"auto, (max-width: 300px) 100vw, 300px\" \/><figcaption id=\"caption-attachment-66558\" class=\"wp-caption-text\">A la emergencia concurrieron unidades de la Primera, Segunda, Tercera y Quinta Compa\u00f1\u00eda de bomberos, quienes lograron extinguir el fuego, evitando su propagaci\u00f3n hacia el primer piso y casas colindantes.<\/figcaption><\/figure>\n<p>\u201cUna vez que se logr\u00f3 controlar el siniestro se revisaron las dem\u00e1s casas, sufriendo solamente da\u00f1os la casa contigua en la techumbre\u201d, indic\u00f3.<br \/>\nPrecis\u00f3 que la casa donde se inici\u00f3 el fuego sufri\u00f3 da\u00f1os en casi un 90% de su estructura, \u201cpero lo \u00fanico que sabemos en estos momentos es que el fuego parti\u00f3 donde estaba la televisi\u00f3n y por eso el departamento de investigaci\u00f3n de incendio est\u00e1 haciendo los peritajes necesarios para determinar por d\u00f3nde empez\u00f3 el fuego\u201d.<br \/>\nDada la magnitud de la emergencia debieron acudir unidades de tres compa\u00f1\u00edas y aproximadamente sesenta voluntarios, ninguno de los cuales result\u00f3 lesionados, ni tampoco civiles.<\/p>\n<p><strong>INCENDIO EN VILLA \u00a0HERMANOS MARISTAS<\/strong><br \/>\nDurante ese mismo d\u00eda, completamente destruido result\u00f3 el segundo piso de un inmueble de Villa Hermanos Maristas a causa de un incendio.<br \/>\nEl siniestro se declar\u00f3 a eso de las 22:35 horas y afect\u00f3 a la casa N\u00ba 120 de Pasaje Hermano Francisco Bozal que en esos momentos estaba sin moradores, ya que se trata de un inmueble arrendado por su propietario.<br \/>\nCon las primeras llamas los vecinos llamaron a bomberos y otros ingresaron a la propiedad a fin de poder ayudar en el rescate de algunos enseres.<br \/>\nIncluso debieron sacar un veh\u00edculo que se encontraba estacionado en el antejard\u00edn ante la eventualidad que pudiera ser alcanzado por el fuego y explotar el estanque de combustible.<br \/>\nCuando lleg\u00f3 la primera unidad de Bomberos al lugar se encontr\u00f3 con el segundo piso ardiendo completamente, por lo cual se declar\u00f3 la alarma de incendio concurriendo unidades de la Primera, Segunda, Tercera y Quinta Compa\u00f1\u00eda.<br \/>\nTras varios minutos de arduo trabajo el fuego logr\u00f3 ser extinguido, evitando su propagaci\u00f3n hacia el primer piso y casas colindantes.<br \/>\nEl departamento t\u00e9cnico de bomberos ser\u00e1 el encargado de evacuar un informe respecto del origen del fuego.<br \/>\nEl oficial de ronda de Carabineros, Teniente Jes\u00fas Guastavino, confirm\u00f3 que el inmueble estaba sin moradores, \u201cdonde los antiguos residentes ten\u00edan algunas especies en su interior y no hubo personas lesionadas\u201d.<br \/>\nPor su parte, el Segundo Comandante del Cuerpo de Bomberos de Los Andes, Luis Aguilar, precis\u00f3 que a la llegada de las unidades los vecinos ya hab\u00edan podido rescatar todos los enseres que estaban en el primer piso, \u201cas\u00ed que nos enfocamos en extinguir el fuego en las habitaciones del segundo piso\u201d.<\/p>\n","protected":false},"excerpt":{"rendered":"<p>LOS ANDES.- Millonarios da\u00f1os dej\u00f3 como saldo un incendio de proporciones que la tarde de este viernes afect\u00f3 a una vivienda de Villa Sor Teresa en el sector sur de Los Andes&#8230;.<\/p>\n","protected":false},"author":482,"featured_media":66557,"comment_status":"open","ping_status":"open","sticky":false,"template":"","format":"standard","meta":{"advanced_seo_description":"","jetpack_seo_html_title":"","jetpack_seo_noindex":false,"_jetpack_memberships_contains_paid_content":false,"footnotes":""},"categories":[21],"tags":[],"class_list":["post-66556","post","type-post","status-publish","format-standard","has-post-thumbnail","hentry","category-policial"],"jetpack_featured_media_url":"https:\/\/i0.wp.com\/eltrabajo.cl\/portal\/wp-content\/uploads\/2016\/02\/Incendio-Sor-teresa-1.jpg?fit=530%2C350&ssl=1","jetpack_sharing_enabled":true,"jetpack_likes_enabled":true,"jetpack-related-posts":[],"_links":{"self":[{"href":"https:\/\/eltrabajo.cl\/portal\/wp-json\/wp\/v2\/posts\/66556","targetHints":{"allow":["GET"]}}],"collection":[{"href":"https:\/\/eltrabajo.cl\/portal\/wp-json\/wp\/v2\/posts"}],"about":[{"href":"https:\/\/eltrabajo.cl\/portal\/wp-json\/wp\/v2\/types\/post"}],"author":[{"embeddable":true,"href":"https:\/\/eltrabajo.cl\/portal\/wp-json\/wp\/v2\/users\/482"}],"replies":[{"embeddable":true,"href":"https:\/\/eltrabajo.cl\/portal\/wp-json\/wp\/v2\/comments?post=66556"}],"version-history":[{"count":0,"href":"https:\/\/eltrabajo.cl\/portal\/wp-json\/wp\/v2\/posts\/66556\/revisions"}],"wp:featuredmedia":[{"embeddable":true,"href":"https:\/\/eltrabajo.cl\/portal\/wp-json\/wp\/v2\/media\/66557"}],"wp:attachment":[{"href":"https:\/\/eltrabajo.cl\/portal\/wp-json\/wp\/v2\/media?parent=66556"}],"wp:term":[{"taxonomy":"category","embeddable":true,"href":"https:\/\/eltrabajo.cl\/portal\/wp-json\/wp\/v2\/categories?post=66556"},{"taxonomy":"post_tag","embeddable":true,"href":"https:\/\/eltrabajo.cl\/portal\/wp-json\/wp\/v2\/tags?post=66556"}],"curies":[{"name":"wp","href":"https:\/\/api.w.org\/{rel}","templated":true}]}}