{"id":66560,"date":"2016-02-08T09:58:19","date_gmt":"2016-02-08T12:58:19","guid":{"rendered":"http:\/\/www.eltrabajo.cl\/portal\/?p=66560"},"modified":"2016-02-08T09:58:19","modified_gmt":"2016-02-08T12:58:19","slug":"antisociales-roban-piscina-desde-multitienda-y-huyen-en-vehiculo","status":"publish","type":"post","link":"https:\/\/eltrabajo.cl\/portal\/antisociales-roban-piscina-desde-multitienda-y-huyen-en-vehiculo\/","title":{"rendered":"Antisociales roban piscina desde multitienda y huyen en veh\u00edculo"},"content":{"rendered":"<figure id=\"attachment_66561\" aria-describedby=\"caption-attachment-66561\" style=\"width: 300px\" class=\"wp-caption alignleft\"><img data-recalc-dims=\"1\" loading=\"lazy\" decoding=\"async\" class=\"wp-image-66561 size-medium\" src=\"https:\/\/i0.wp.com\/www.eltrabajo.cl\/portal\/wp-content\/uploads\/2016\/02\/imputado-hurto-300x198.jpg?resize=300%2C198\" alt=\"El imputado domiciliado en la Villa 250 a\u00f1os de San Felipe, fue condenado a una pena remitida por el delito de hurto recuperando su libertad tras su formalizaci\u00f3n.\" width=\"300\" height=\"198\" srcset=\"https:\/\/i0.wp.com\/eltrabajo.cl\/portal\/wp-content\/uploads\/2016\/02\/imputado-hurto.jpg?resize=300%2C198&amp;ssl=1 300w, https:\/\/i0.wp.com\/eltrabajo.cl\/portal\/wp-content\/uploads\/2016\/02\/imputado-hurto.jpg?resize=200%2C132&amp;ssl=1 200w, https:\/\/i0.wp.com\/eltrabajo.cl\/portal\/wp-content\/uploads\/2016\/02\/imputado-hurto.jpg?resize=227%2C150&amp;ssl=1 227w, https:\/\/i0.wp.com\/eltrabajo.cl\/portal\/wp-content\/uploads\/2016\/02\/imputado-hurto.jpg?resize=400%2C264&amp;ssl=1 400w, https:\/\/i0.wp.com\/eltrabajo.cl\/portal\/wp-content\/uploads\/2016\/02\/imputado-hurto.jpg?w=530&amp;ssl=1 530w\" sizes=\"auto, (max-width: 300px) 100vw, 300px\" \/><figcaption id=\"caption-attachment-66561\" class=\"wp-caption-text\">El imputado domiciliado en la Villa 250 a\u00f1os de San Felipe, fue condenado a una pena remitida por el delito de hurto recuperando su libertad tras su formalizaci\u00f3n.<\/figcaption><\/figure>\n<ul>\n<li><strong>Los hechos ocurrieron la tarde de este jueves cuando un grupo de individuos ingres\u00f3 hasta la tienda Sodimac de San Felipe, sustrayendo la especie de alto valor comercial.<\/strong><\/li>\n<\/ul>\n<p>A una pena remitida de 61 d\u00edas y el pago de una multa en Unidad Tributaria Mensual, fue condenado por el Juzgado de Garant\u00eda de San Felipe, un sujeto de 21 a\u00f1os de edad quien protagoniz\u00f3 el hurto de una piscina estructural avaluada en $430.000 desde Tienda Sodimac en San Felipe.<br \/>\nEl hecho se registr\u00f3 a eso de las 18:00 horas del pasado jueves cuando un grupo de desconocidos ingres\u00f3 hasta dicha multitienda, ubicada en Avenida Tocornal 2810 de esta comuna, en donde fueron captados por las c\u00e1maras de seguridad portando una piscina estructural de alto valor comercial, traspasando las cajas registradoras sin cancelar el producto.<br \/>\nLos sujetos r\u00e1pidamente se habr\u00edan dirigido hasta un veh\u00edculo estacionado en el mismo recinto comercial, instantes en que un guardia abord\u00f3 a uno de los antisociales, produci\u00e9ndose un violento forcejeo con golpes de pies y pu\u00f1os entre ambos, donde finalmente el delincuente fue reducido a la espera de los carabineros, quienes adoptaron el procedimiento.<br \/>\nSin embargo, la especie sustra\u00edda no fue recuperada dado que los otros maleantes habr\u00edan escapado en el veh\u00edculo en direcci\u00f3n desconocida. El actuar de estos antisociales qued\u00f3 registrado gracias a las c\u00e1maras de vigilancia instaladas en distintos lugares de la tienda comercial, y su registro fue concedido a la Polic\u00eda uniformada para su an\u00e1lisis respecto del imputado que result\u00f3 detenido.<br \/>\nEn tanto, el acusado identificado como R.D.E.N. de 21 a\u00f1os de edad domiciliado en Villa 250 A\u00f1os, sin antecedentes policiales, fue conducido hasta el Tribunal de Garant\u00eda para ser formalizado por el delito de hurto. En dicha audiencia la justicia determin\u00f3 que el acusado fuese condenado a la pena de 61 d\u00edas remitida, es decir firmas mensuales y el pago de una multa en UTM por este delito.<br \/>\n<strong>Pablo Salinas Sald\u00edas<\/strong><\/p>\n","protected":false},"excerpt":{"rendered":"<p>Los hechos ocurrieron la tarde de este jueves cuando un grupo de individuos ingres\u00f3 hasta la tienda Sodimac de San Felipe, sustrayendo la especie de alto valor comercial. A una pena remitida&#8230;<\/p>\n","protected":false},"author":482,"featured_media":66561,"comment_status":"open","ping_status":"open","sticky":false,"template":"","format":"standard","meta":{"advanced_seo_description":"","jetpack_seo_html_title":"","jetpack_seo_noindex":false,"_jetpack_memberships_contains_paid_content":false,"footnotes":""},"categories":[21],"tags":[],"class_list":["post-66560","post","type-post","status-publish","format-standard","has-post-thumbnail","hentry","category-policial"],"jetpack_featured_media_url":"https:\/\/i0.wp.com\/eltrabajo.cl\/portal\/wp-content\/uploads\/2016\/02\/imputado-hurto.jpg?fit=530%2C350&ssl=1","jetpack_sharing_enabled":true,"jetpack_likes_enabled":true,"jetpack-related-posts":[],"_links":{"self":[{"href":"https:\/\/eltrabajo.cl\/portal\/wp-json\/wp\/v2\/posts\/66560","targetHints":{"allow":["GET"]}}],"collection":[{"href":"https:\/\/eltrabajo.cl\/portal\/wp-json\/wp\/v2\/posts"}],"about":[{"href":"https:\/\/eltrabajo.cl\/portal\/wp-json\/wp\/v2\/types\/post"}],"author":[{"embeddable":true,"href":"https:\/\/eltrabajo.cl\/portal\/wp-json\/wp\/v2\/users\/482"}],"replies":[{"embeddable":true,"href":"https:\/\/eltrabajo.cl\/portal\/wp-json\/wp\/v2\/comments?post=66560"}],"version-history":[{"count":0,"href":"https:\/\/eltrabajo.cl\/portal\/wp-json\/wp\/v2\/posts\/66560\/revisions"}],"wp:featuredmedia":[{"embeddable":true,"href":"https:\/\/eltrabajo.cl\/portal\/wp-json\/wp\/v2\/media\/66561"}],"wp:attachment":[{"href":"https:\/\/eltrabajo.cl\/portal\/wp-json\/wp\/v2\/media?parent=66560"}],"wp:term":[{"taxonomy":"category","embeddable":true,"href":"https:\/\/eltrabajo.cl\/portal\/wp-json\/wp\/v2\/categories?post=66560"},{"taxonomy":"post_tag","embeddable":true,"href":"https:\/\/eltrabajo.cl\/portal\/wp-json\/wp\/v2\/tags?post=66560"}],"curies":[{"name":"wp","href":"https:\/\/api.w.org\/{rel}","templated":true}]}}