{"id":66564,"date":"2016-02-09T09:08:43","date_gmt":"2016-02-09T12:08:43","guid":{"rendered":"http:\/\/www.eltrabajo.cl\/portal\/?p=66564"},"modified":"2016-02-09T09:08:43","modified_gmt":"2016-02-09T12:08:43","slug":"con-gran-asistencia-se-realizo-39a-version-de-trilla-a-yegua-suelta-de-san-esteban","status":"publish","type":"post","link":"https:\/\/eltrabajo.cl\/portal\/con-gran-asistencia-se-realizo-39a-version-de-trilla-a-yegua-suelta-de-san-esteban\/","title":{"rendered":"Con gran asistencia se realiz\u00f3 39\u00aa versi\u00f3n de Trilla a Yegua Suelta de San Esteban"},"content":{"rendered":"<figure id=\"attachment_66565\" aria-describedby=\"caption-attachment-66565\" style=\"width: 300px\" class=\"wp-caption alignleft\"><img data-recalc-dims=\"1\" loading=\"lazy\" decoding=\"async\" class=\"wp-image-66565 size-medium\" src=\"https:\/\/i0.wp.com\/www.eltrabajo.cl\/portal\/wp-content\/uploads\/2016\/02\/Trilla-a-yegua-suelta-San-Esteban-2016-1-300x198.jpg?resize=300%2C198\" alt=\"Este domingo y con gran concurrencia se llev\u00f3 a cabo la 39\u00aa versi\u00f3n de Trilla a Yegua Suelta de San Esteban, evento que busca rescatar nuestras tradiciones y preservar la identidad del Valle de Aconcagua.\" width=\"300\" height=\"198\" srcset=\"https:\/\/i0.wp.com\/eltrabajo.cl\/portal\/wp-content\/uploads\/2016\/02\/Trilla-a-yegua-suelta-San-Esteban-2016-1.jpg?resize=300%2C198&amp;ssl=1 300w, https:\/\/i0.wp.com\/eltrabajo.cl\/portal\/wp-content\/uploads\/2016\/02\/Trilla-a-yegua-suelta-San-Esteban-2016-1.jpg?resize=200%2C132&amp;ssl=1 200w, https:\/\/i0.wp.com\/eltrabajo.cl\/portal\/wp-content\/uploads\/2016\/02\/Trilla-a-yegua-suelta-San-Esteban-2016-1.jpg?resize=227%2C150&amp;ssl=1 227w, https:\/\/i0.wp.com\/eltrabajo.cl\/portal\/wp-content\/uploads\/2016\/02\/Trilla-a-yegua-suelta-San-Esteban-2016-1.jpg?resize=400%2C264&amp;ssl=1 400w, https:\/\/i0.wp.com\/eltrabajo.cl\/portal\/wp-content\/uploads\/2016\/02\/Trilla-a-yegua-suelta-San-Esteban-2016-1.jpg?w=530&amp;ssl=1 530w\" sizes=\"auto, (max-width: 300px) 100vw, 300px\" \/><figcaption id=\"caption-attachment-66565\" class=\"wp-caption-text\">Este domingo y con gran concurrencia se llev\u00f3 a cabo la 39\u00aa versi\u00f3n de Trilla a Yegua Suelta de San Esteban, evento que busca rescatar nuestras tradiciones y preservar la identidad del Valle de Aconcagua.<\/figcaption><\/figure>\n<p><strong>LOS ANDES<\/strong>.- Con \u00e9xito se llev\u00f3 a cabo la Trig\u00e9simo Novena versi\u00f3n de la Trilla a Yegua Suelta de San Esteban en el Parque la Ermita, organizada por el Cuerpo de Bomberos de la comuna y el municipio.<br \/>\nEsta fiesta campesina tuvo una variada parrilla de artistas y shows que atrajo a miles de personas de diferentes lugares del Valle del Aconcagua, adem\u00e1s de contar con candidatas a reina y un festival de la canci\u00f3n folcl\u00f3rica.<br \/>\nEl alcalde de la comuna de San Esteban, Ren\u00e9 Mardones, se\u00f1al\u00f3 que es importante mantener las tradiciones huasas y campesinas en el Valle de Aconcagua, ya que refleja la preocupaci\u00f3n por un Chile propio, identificado por su cultura.<br \/>\nAsimismo, el Superintendente de Bomberos de San Esteban, Jorge Tapia Tobar, expres\u00f3 que esta fiesta, que marca una tradici\u00f3n para la comuna de San Esteban, permitir\u00e1 una nueva implementaci\u00f3n de seguridad con el fin de que puedan ingresar m\u00e1s voluntarios a la compa\u00f1\u00eda.<br \/>\nEl jefe de gabinete de la Gobernaci\u00f3n Provincial de Los Andes, Alejandro Escudero, quien estuvo presente durante la inauguraci\u00f3n de la trilla el pasado domingo, destac\u00f3 la iniciativa que promueve una identidad propia de la comuna y de la Quinta Regi\u00f3n Interior, mediante la cooperaci\u00f3n de diversas instituciones que permiten, adem\u00e1s, apoyar al Cuerpo de Bomberos de San Esteban.<br \/>\nCabe mencionar que la actividad, que tuvo como platos fuertes a la Banda Conmoci\u00f3n, Los Kuatreros del Sur y la agrupaci\u00f3n Franco Chilena, entre otras, estuvo apoyada por el Servicio Nacional de Turismo (Sernatur).<\/p>\n","protected":false},"excerpt":{"rendered":"<p>LOS ANDES.- Con \u00e9xito se llev\u00f3 a cabo la Trig\u00e9simo Novena versi\u00f3n de la Trilla a Yegua Suelta de San Esteban en el Parque la Ermita, organizada por el Cuerpo de Bomberos&#8230;<\/p>\n","protected":false},"author":482,"featured_media":66565,"comment_status":"open","ping_status":"open","sticky":false,"template":"","format":"standard","meta":{"advanced_seo_description":"","jetpack_seo_html_title":"","jetpack_seo_noindex":false,"_jetpack_memberships_contains_paid_content":false,"footnotes":""},"categories":[15],"tags":[],"class_list":["post-66564","post","type-post","status-publish","format-standard","has-post-thumbnail","hentry","category-comunidad"],"jetpack_featured_media_url":"https:\/\/i0.wp.com\/eltrabajo.cl\/portal\/wp-content\/uploads\/2016\/02\/Trilla-a-yegua-suelta-San-Esteban-2016-1.jpg?fit=530%2C350&ssl=1","jetpack_sharing_enabled":true,"jetpack_likes_enabled":true,"jetpack-related-posts":[],"_links":{"self":[{"href":"https:\/\/eltrabajo.cl\/portal\/wp-json\/wp\/v2\/posts\/66564","targetHints":{"allow":["GET"]}}],"collection":[{"href":"https:\/\/eltrabajo.cl\/portal\/wp-json\/wp\/v2\/posts"}],"about":[{"href":"https:\/\/eltrabajo.cl\/portal\/wp-json\/wp\/v2\/types\/post"}],"author":[{"embeddable":true,"href":"https:\/\/eltrabajo.cl\/portal\/wp-json\/wp\/v2\/users\/482"}],"replies":[{"embeddable":true,"href":"https:\/\/eltrabajo.cl\/portal\/wp-json\/wp\/v2\/comments?post=66564"}],"version-history":[{"count":0,"href":"https:\/\/eltrabajo.cl\/portal\/wp-json\/wp\/v2\/posts\/66564\/revisions"}],"wp:featuredmedia":[{"embeddable":true,"href":"https:\/\/eltrabajo.cl\/portal\/wp-json\/wp\/v2\/media\/66565"}],"wp:attachment":[{"href":"https:\/\/eltrabajo.cl\/portal\/wp-json\/wp\/v2\/media?parent=66564"}],"wp:term":[{"taxonomy":"category","embeddable":true,"href":"https:\/\/eltrabajo.cl\/portal\/wp-json\/wp\/v2\/categories?post=66564"},{"taxonomy":"post_tag","embeddable":true,"href":"https:\/\/eltrabajo.cl\/portal\/wp-json\/wp\/v2\/tags?post=66564"}],"curies":[{"name":"wp","href":"https:\/\/api.w.org\/{rel}","templated":true}]}}