{"id":66576,"date":"2016-02-09T09:18:29","date_gmt":"2016-02-09T12:18:29","guid":{"rendered":"http:\/\/www.eltrabajo.cl\/portal\/?p=66576"},"modified":"2016-02-09T09:18:29","modified_gmt":"2016-02-09T12:18:29","slug":"convierten-sitio-eriazo-en-bellisimo-jardin-para-los-vecinos-en-parrasia","status":"publish","type":"post","link":"https:\/\/eltrabajo.cl\/portal\/convierten-sitio-eriazo-en-bellisimo-jardin-para-los-vecinos-en-parrasia\/","title":{"rendered":"Convierten sitio eriazo en bell\u00edsimo jard\u00edn para los vecinos en Parras\u00eda"},"content":{"rendered":"<figure id=\"attachment_66577\" aria-describedby=\"caption-attachment-66577\" style=\"width: 300px\" class=\"wp-caption alignleft\"><img data-recalc-dims=\"1\" loading=\"lazy\" decoding=\"async\" class=\"wp-image-66577 size-medium\" src=\"https:\/\/i0.wp.com\/www.eltrabajo.cl\/portal\/wp-content\/uploads\/2016\/02\/Grupal33-300x198.jpg?resize=300%2C198\" alt=\"UNIDOS S\u00cd SE PUEDE.- Vecinos y voluntarios del sector Parras\u00eda dijeron \u2018Presente\u2019 para embellecer este sitio eriazo y convertirlo en un bello jard\u00edn para todos los pobladores.\" width=\"300\" height=\"198\" srcset=\"https:\/\/i0.wp.com\/eltrabajo.cl\/portal\/wp-content\/uploads\/2016\/02\/Grupal33.jpg?resize=300%2C198&amp;ssl=1 300w, https:\/\/i0.wp.com\/eltrabajo.cl\/portal\/wp-content\/uploads\/2016\/02\/Grupal33.jpg?resize=200%2C132&amp;ssl=1 200w, https:\/\/i0.wp.com\/eltrabajo.cl\/portal\/wp-content\/uploads\/2016\/02\/Grupal33.jpg?resize=228%2C150&amp;ssl=1 228w, https:\/\/i0.wp.com\/eltrabajo.cl\/portal\/wp-content\/uploads\/2016\/02\/Grupal33.jpg?resize=400%2C263&amp;ssl=1 400w, https:\/\/i0.wp.com\/eltrabajo.cl\/portal\/wp-content\/uploads\/2016\/02\/Grupal33.jpg?w=530&amp;ssl=1 530w\" sizes=\"auto, (max-width: 300px) 100vw, 300px\" \/><figcaption id=\"caption-attachment-66577\" class=\"wp-caption-text\">UNIDOS S\u00cd SE PUEDE.- Vecinos y voluntarios del sector Parras\u00eda dijeron \u2018Presente\u2019 para embellecer este sitio eriazo y convertirlo en un bello jard\u00edn para todos los pobladores.<\/figcaption><\/figure>\n<p>Recientemente se ejecut\u00f3 el proyecto destinado a recuperar un espacio p\u00fablico en desuso convertido hace ya varios a\u00f1os en un micro basural, sitio ubicado en pasaje Hermanas Sarmiento, a un costado del Liceo San Felipe. \u00abEsta iniciativa se logra desarrollar gracias a un fondo de $4.240.500, y busca recuperar el espacio p\u00fablico, mejorando directamente la calidad de vida del barrio. El proyecto contempl\u00f3 la adquisici\u00f3n de mobiliario urbano, seis esca\u00f1os; un juego infantil modular y nueve jardineras\u00bb, explic\u00f3 a Diario El Trabajo el coordinador del proyecto, Jaime Mu\u00f1oz.<\/p>\n<p><strong>EMBELLECIMIENTO<\/strong><br \/>\nEl dise\u00f1o del espacio fue realizado de manera participativa con los vecinos, quienes fueron asesorados constantemente para definir la ubicaci\u00f3n del mobiliario y las \u00e1reas verdes. Fueron tres jornadas de voluntariados, en donde los vecinos realizaron distintas obras para hermosear su entorno. Se realiz\u00f3 una limpieza general del sitio, para posteriormente realizar la plantaci\u00f3n de \u00e1rboles y plantas decorativas, finalizando las obras con la instalaci\u00f3n de maicillo en toda el \u00e1rea recuperada.<br \/>\n\u00abPara atender de manera complementaria a la problem\u00e1tica de la inseguridad en el barrio y propender a una mayor cohesi\u00f3n y control social para el cuidado y mantenimiento del entorno, realizamos tres reuniones basadas en una metodolog\u00eda de intervenci\u00f3n comunitaria a cargo de un profesional, realiz\u00e1ndose las Mesas de Gesti\u00f3n Barrial, diagnosticando las problem\u00e1ticas m\u00e1s relevantes del barrio\u00bb, agreg\u00f3 Mu\u00f1oz.<\/p>\n<p><strong>MICROBASURALES<\/strong><br \/>\nLas problem\u00e1ticas visualizadas por los vecinos fueron exceso de velocidad (en calle Justo Estay, Regalado Hern\u00e1ndez y Costanera principalmente), sector inundable por lluvias en esquina S\u00e9ptimo de l\u00ednea con R. Hern\u00e1ndez y el microbasural de calle H. Sarmiento.<br \/>\nEn las reuniones de trabajo participaron Carabineros, Bomberos y la Municipalidad de San Felipe, recogiendo la informaci\u00f3n otorgada por los vecinos.<br \/>\n\u00abEl gran Plus del proyecto fue la acci\u00f3n comunitaria, en donde los vecinos participaron tanto en el dise\u00f1o como en la ejecuci\u00f3n de las obras, a trav\u00e9s de las jornadas de voluntariado. Este tipo de acciones valorizan mucho m\u00e1s el proyecto y se aprecian los esfuerzos de cada uno de los participantes, siendo un aliciente importante para el posterior cuidado y mantenci\u00f3n del entorno\u00bb, puntualiz\u00f3 el dirigente.<br \/>\n<strong>Roberto Gonz\u00e1lez Short<\/strong><br \/>\n<strong>rgonzalez@eltrabajo.cl<\/strong><\/p>\n<div class=\"tiled-gallery type-rectangular tiled-gallery-unresized\" data-original-width=\"640\" data-carousel-extra='null' itemscope itemtype=\"http:\/\/schema.org\/ImageGallery\" > <div class=\"gallery-row\" style=\"width: 640px; height: 284px;\" data-original-width=\"640\" data-original-height=\"284\" > <div class=\"gallery-group images-1\" style=\"width: 428px; height: 284px;\" data-original-width=\"428\" data-original-height=\"284\" > <div class=\"tiled-gallery-item tiled-gallery-item-large\" itemprop=\"associatedMedia\" itemscope itemtype=\"http:\/\/schema.org\/ImageObject\"> <a href=\"https:\/\/eltrabajo.cl\/portal\/convierten-sitio-eriazo-en-bellisimo-jardin-para-los-vecinos-en-parrasia\/escoba\/\" border=\"0\" itemprop=\"url\"> <meta itemprop=\"width\" content=\"424\"> <meta itemprop=\"height\" content=\"280\"> <img decoding=\"async\" class=\"\" data-attachment-id=\"66578\" data-orig-file=\"https:\/\/eltrabajo.cl\/portal\/wp-content\/uploads\/2016\/02\/ESCOBA.jpg\" data-orig-size=\"530,350\" data-comments-opened=\"1\" data-image-meta=\"{&quot;aperture&quot;:&quot;0&quot;,&quot;credit&quot;:&quot;&quot;,&quot;camera&quot;:&quot;&quot;,&quot;caption&quot;:&quot;&quot;,&quot;created_timestamp&quot;:&quot;0&quot;,&quot;copyright&quot;:&quot;&quot;,&quot;focal_length&quot;:&quot;0&quot;,&quot;iso&quot;:&quot;0&quot;,&quot;shutter_speed&quot;:&quot;0&quot;,&quot;title&quot;:&quot;&quot;,&quot;orientation&quot;:&quot;0&quot;}\" data-image-title=\"ESCOBA\" data-image-description=\"&lt;p&gt;VOLUNTARIADO.- Cada una de las voluntarias se esforzaron para que esta jornada no sea puntual, y ojala poder seguir cuidando de este bello lugar.&lt;\/p&gt; \" data-medium-file=\"https:\/\/i0.wp.com\/eltrabajo.cl\/portal\/wp-content\/uploads\/2016\/02\/ESCOBA.jpg?fit=300%2C198&#038;ssl=1\" data-large-file=\"https:\/\/i0.wp.com\/eltrabajo.cl\/portal\/wp-content\/uploads\/2016\/02\/ESCOBA.jpg?fit=530%2C350&#038;ssl=1\" src=\"https:\/\/i0.wp.com\/eltrabajo.cl\/portal\/wp-content\/uploads\/2016\/02\/ESCOBA.jpg?w=424&#038;h=280&#038;ssl=1\" srcset=\"https:\/\/i0.wp.com\/eltrabajo.cl\/portal\/wp-content\/uploads\/2016\/02\/ESCOBA.jpg?w=530&amp;ssl=1 530w, https:\/\/i0.wp.com\/eltrabajo.cl\/portal\/wp-content\/uploads\/2016\/02\/ESCOBA.jpg?resize=200%2C132&amp;ssl=1 200w, https:\/\/i0.wp.com\/eltrabajo.cl\/portal\/wp-content\/uploads\/2016\/02\/ESCOBA.jpg?resize=300%2C198&amp;ssl=1 300w, https:\/\/i0.wp.com\/eltrabajo.cl\/portal\/wp-content\/uploads\/2016\/02\/ESCOBA.jpg?resize=227%2C150&amp;ssl=1 227w, https:\/\/i0.wp.com\/eltrabajo.cl\/portal\/wp-content\/uploads\/2016\/02\/ESCOBA.jpg?resize=400%2C264&amp;ssl=1 400w\" width=\"424\" height=\"280\" loading=\"lazy\" data-original-width=\"424\" data-original-height=\"280\" itemprop=\"http:\/\/schema.org\/image\" title=\"ESCOBA\" alt=\"VOLUNTARIADO.- Cada una de las voluntarias se esforzaron para que esta jornada no sea puntual, y ojala poder seguir cuidando de este bello lugar.\" style=\"width: 424px; height: 280px;\" \/> <\/a> <div class=\"tiled-gallery-caption\" itemprop=\"caption description\"> VOLUNTARIADO.- Cada una de las voluntarias se esforzaron para que esta jornada no sea puntual, y ojala poder seguir cuidando de este bello lugar. <\/div> <\/div> <\/div> <!-- close group --> <div class=\"gallery-group images-2\" style=\"width: 212px; height: 284px;\" data-original-width=\"212\" data-original-height=\"284\" > <div class=\"tiled-gallery-item tiled-gallery-item-small\" itemprop=\"associatedMedia\" itemscope itemtype=\"http:\/\/schema.org\/ImageObject\"> <a href=\"https:\/\/eltrabajo.cl\/portal\/convierten-sitio-eriazo-en-bellisimo-jardin-para-los-vecinos-en-parrasia\/maceteras1\/\" border=\"0\" itemprop=\"url\"> <meta itemprop=\"width\" content=\"208\"> <meta itemprop=\"height\" content=\"138\"> <img decoding=\"async\" class=\"\" data-attachment-id=\"66580\" data-orig-file=\"https:\/\/eltrabajo.cl\/portal\/wp-content\/uploads\/2016\/02\/Maceteras1.jpg\" data-orig-size=\"528,350\" data-comments-opened=\"1\" data-image-meta=\"{&quot;aperture&quot;:&quot;0&quot;,&quot;credit&quot;:&quot;&quot;,&quot;camera&quot;:&quot;&quot;,&quot;caption&quot;:&quot;&quot;,&quot;created_timestamp&quot;:&quot;0&quot;,&quot;copyright&quot;:&quot;&quot;,&quot;focal_length&quot;:&quot;0&quot;,&quot;iso&quot;:&quot;0&quot;,&quot;shutter_speed&quot;:&quot;0&quot;,&quot;title&quot;:&quot;&quot;,&quot;orientation&quot;:&quot;0&quot;}\" data-image-title=\"Maceteras1\" data-image-description=\"&lt;p&gt;LAS JARDINERAS.- Las vecinas del sector fueron las propias encargadas de embellecer cada rinc\u00f3n del lugar.&lt;\/p&gt; \" data-medium-file=\"https:\/\/i0.wp.com\/eltrabajo.cl\/portal\/wp-content\/uploads\/2016\/02\/Maceteras1.jpg?fit=300%2C199&#038;ssl=1\" data-large-file=\"https:\/\/i0.wp.com\/eltrabajo.cl\/portal\/wp-content\/uploads\/2016\/02\/Maceteras1.jpg?fit=528%2C350&#038;ssl=1\" src=\"https:\/\/i0.wp.com\/eltrabajo.cl\/portal\/wp-content\/uploads\/2016\/02\/Maceteras1.jpg?w=208&#038;h=138&#038;ssl=1\" srcset=\"https:\/\/i0.wp.com\/eltrabajo.cl\/portal\/wp-content\/uploads\/2016\/02\/Maceteras1.jpg?w=528&amp;ssl=1 528w, https:\/\/i0.wp.com\/eltrabajo.cl\/portal\/wp-content\/uploads\/2016\/02\/Maceteras1.jpg?resize=200%2C133&amp;ssl=1 200w, https:\/\/i0.wp.com\/eltrabajo.cl\/portal\/wp-content\/uploads\/2016\/02\/Maceteras1.jpg?resize=300%2C199&amp;ssl=1 300w, https:\/\/i0.wp.com\/eltrabajo.cl\/portal\/wp-content\/uploads\/2016\/02\/Maceteras1.jpg?resize=226%2C150&amp;ssl=1 226w, https:\/\/i0.wp.com\/eltrabajo.cl\/portal\/wp-content\/uploads\/2016\/02\/Maceteras1.jpg?resize=400%2C265&amp;ssl=1 400w\" width=\"208\" height=\"138\" loading=\"lazy\" data-original-width=\"208\" data-original-height=\"138\" itemprop=\"http:\/\/schema.org\/image\" title=\"Maceteras1\" alt=\"LAS JARDINERAS.- Las vecinas del sector fueron las propias encargadas de embellecer cada rinc\u00f3n del lugar.\" style=\"width: 208px; height: 138px;\" \/> <\/a> <div class=\"tiled-gallery-caption\" itemprop=\"caption description\"> LAS JARDINERAS.- Las vecinas del sector fueron las propias encargadas de embellecer cada rinc\u00f3n del lugar. <\/div> <\/div> <div class=\"tiled-gallery-item tiled-gallery-item-small\" itemprop=\"associatedMedia\" itemscope itemtype=\"http:\/\/schema.org\/ImageObject\"> <a href=\"https:\/\/eltrabajo.cl\/portal\/convierten-sitio-eriazo-en-bellisimo-jardin-para-los-vecinos-en-parrasia\/nina\/\" border=\"0\" itemprop=\"url\"> <meta itemprop=\"width\" content=\"208\"> <meta itemprop=\"height\" content=\"138\"> <img decoding=\"async\" class=\"\" data-attachment-id=\"66581\" data-orig-file=\"https:\/\/eltrabajo.cl\/portal\/wp-content\/uploads\/2016\/02\/Ni\u00f1a.jpg\" data-orig-size=\"530,350\" data-comments-opened=\"1\" data-image-meta=\"{&quot;aperture&quot;:&quot;0&quot;,&quot;credit&quot;:&quot;&quot;,&quot;camera&quot;:&quot;&quot;,&quot;caption&quot;:&quot;&quot;,&quot;created_timestamp&quot;:&quot;0&quot;,&quot;copyright&quot;:&quot;&quot;,&quot;focal_length&quot;:&quot;0&quot;,&quot;iso&quot;:&quot;0&quot;,&quot;shutter_speed&quot;:&quot;0&quot;,&quot;title&quot;:&quot;&quot;,&quot;orientation&quot;:&quot;0&quot;}\" data-image-title=\"Ni\u00f1a\" data-image-description=\"&lt;p&gt;A JUGAR SE HA DICHO.- Esta peque\u00f1ita es una de las vecinas favorecidas con este proyecto comunitario en Parras\u00eda.&lt;\/p&gt; \" data-medium-file=\"https:\/\/i0.wp.com\/eltrabajo.cl\/portal\/wp-content\/uploads\/2016\/02\/Ni%C3%B1a.jpg?fit=300%2C198&#038;ssl=1\" data-large-file=\"https:\/\/i0.wp.com\/eltrabajo.cl\/portal\/wp-content\/uploads\/2016\/02\/Ni%C3%B1a.jpg?fit=530%2C350&#038;ssl=1\" src=\"https:\/\/i0.wp.com\/eltrabajo.cl\/portal\/wp-content\/uploads\/2016\/02\/Ni%C3%B1a.jpg?w=208&#038;h=138&#038;ssl=1\" width=\"208\" height=\"138\" loading=\"lazy\" data-original-width=\"208\" data-original-height=\"138\" itemprop=\"http:\/\/schema.org\/image\" title=\"Ni\u00f1a\" alt=\"A JUGAR SE HA DICHO.- Esta peque\u00f1ita es una de las vecinas favorecidas con este proyecto comunitario en Parras\u00eda.\" style=\"width: 208px; height: 138px;\" \/> <\/a> <div class=\"tiled-gallery-caption\" itemprop=\"caption description\"> A JUGAR SE HA DICHO.- Esta peque\u00f1ita es una de las vecinas favorecidas con este proyecto comunitario en Parras\u00eda. <\/div> <\/div> <\/div> <!-- close group --> <\/div> <!-- close row --> <div class=\"gallery-row\" style=\"width: 640px; height: 422px;\" data-original-width=\"640\" data-original-height=\"422\" > <div class=\"gallery-group images-1\" style=\"width: 640px; height: 422px;\" data-original-width=\"640\" data-original-height=\"422\" > <div class=\"tiled-gallery-item tiled-gallery-item-large\" itemprop=\"associatedMedia\" itemscope itemtype=\"http:\/\/schema.org\/ImageObject\"> <a href=\"https:\/\/eltrabajo.cl\/portal\/convierten-sitio-eriazo-en-bellisimo-jardin-para-los-vecinos-en-parrasia\/jaime-munoz\/\" border=\"0\" itemprop=\"url\"> <meta itemprop=\"width\" content=\"636\"> <meta itemprop=\"height\" content=\"418\"> <img decoding=\"async\" class=\"\" data-attachment-id=\"66579\" data-orig-file=\"https:\/\/eltrabajo.cl\/portal\/wp-content\/uploads\/2016\/02\/Jaime-Munoz.jpg\" data-orig-size=\"530,348\" data-comments-opened=\"1\" data-image-meta=\"{&quot;aperture&quot;:&quot;0&quot;,&quot;credit&quot;:&quot;&quot;,&quot;camera&quot;:&quot;&quot;,&quot;caption&quot;:&quot;&quot;,&quot;created_timestamp&quot;:&quot;0&quot;,&quot;copyright&quot;:&quot;&quot;,&quot;focal_length&quot;:&quot;0&quot;,&quot;iso&quot;:&quot;0&quot;,&quot;shutter_speed&quot;:&quot;0&quot;,&quot;title&quot;:&quot;&quot;,&quot;orientation&quot;:&quot;0&quot;}\" data-image-title=\"Jaime Munoz\" data-image-description=\"&lt;p&gt;Jaime Mu\u00f1oz, coordinador del proyecto.&lt;\/p&gt; \" data-medium-file=\"https:\/\/i0.wp.com\/eltrabajo.cl\/portal\/wp-content\/uploads\/2016\/02\/Jaime-Munoz.jpg?fit=300%2C197&#038;ssl=1\" data-large-file=\"https:\/\/i0.wp.com\/eltrabajo.cl\/portal\/wp-content\/uploads\/2016\/02\/Jaime-Munoz.jpg?fit=530%2C348&#038;ssl=1\" src=\"https:\/\/i0.wp.com\/eltrabajo.cl\/portal\/wp-content\/uploads\/2016\/02\/Jaime-Munoz.jpg?w=636&#038;h=418&#038;ssl=1\" srcset=\"https:\/\/i0.wp.com\/eltrabajo.cl\/portal\/wp-content\/uploads\/2016\/02\/Jaime-Munoz.jpg?w=530&amp;ssl=1 530w, https:\/\/i0.wp.com\/eltrabajo.cl\/portal\/wp-content\/uploads\/2016\/02\/Jaime-Munoz.jpg?resize=200%2C131&amp;ssl=1 200w, https:\/\/i0.wp.com\/eltrabajo.cl\/portal\/wp-content\/uploads\/2016\/02\/Jaime-Munoz.jpg?resize=300%2C197&amp;ssl=1 300w, https:\/\/i0.wp.com\/eltrabajo.cl\/portal\/wp-content\/uploads\/2016\/02\/Jaime-Munoz.jpg?resize=228%2C150&amp;ssl=1 228w, https:\/\/i0.wp.com\/eltrabajo.cl\/portal\/wp-content\/uploads\/2016\/02\/Jaime-Munoz.jpg?resize=400%2C263&amp;ssl=1 400w\" width=\"636\" height=\"418\" loading=\"lazy\" data-original-width=\"636\" data-original-height=\"418\" itemprop=\"http:\/\/schema.org\/image\" title=\"Jaime Munoz\" alt=\"Jaime Mu\u00f1oz, coordinador del proyecto.\" style=\"width: 636px; height: 418px;\" \/> <\/a> <div class=\"tiled-gallery-caption\" itemprop=\"caption description\"> Jaime Mu\u00f1oz, coordinador del proyecto. <\/div> <\/div> <\/div> <!-- close group --> <\/div> <!-- close row --> <\/div>\n","protected":false},"excerpt":{"rendered":"<p>Recientemente se ejecut\u00f3 el proyecto destinado a recuperar un espacio p\u00fablico en desuso convertido hace ya varios a\u00f1os en un micro basural, sitio ubicado en pasaje Hermanas Sarmiento, a un costado del&#8230;<\/p>\n","protected":false},"author":482,"featured_media":66577,"comment_status":"open","ping_status":"open","sticky":false,"template":"","format":"standard","meta":{"advanced_seo_description":"","jetpack_seo_html_title":"","jetpack_seo_noindex":false,"_jetpack_memberships_contains_paid_content":false,"footnotes":""},"categories":[15],"tags":[],"class_list":["post-66576","post","type-post","status-publish","format-standard","has-post-thumbnail","hentry","category-comunidad"],"jetpack_featured_media_url":"https:\/\/i0.wp.com\/eltrabajo.cl\/portal\/wp-content\/uploads\/2016\/02\/Grupal33.jpg?fit=530%2C349&ssl=1","jetpack_sharing_enabled":true,"jetpack_likes_enabled":true,"jetpack-related-posts":[],"_links":{"self":[{"href":"https:\/\/eltrabajo.cl\/portal\/wp-json\/wp\/v2\/posts\/66576","targetHints":{"allow":["GET"]}}],"collection":[{"href":"https:\/\/eltrabajo.cl\/portal\/wp-json\/wp\/v2\/posts"}],"about":[{"href":"https:\/\/eltrabajo.cl\/portal\/wp-json\/wp\/v2\/types\/post"}],"author":[{"embeddable":true,"href":"https:\/\/eltrabajo.cl\/portal\/wp-json\/wp\/v2\/users\/482"}],"replies":[{"embeddable":true,"href":"https:\/\/eltrabajo.cl\/portal\/wp-json\/wp\/v2\/comments?post=66576"}],"version-history":[{"count":0,"href":"https:\/\/eltrabajo.cl\/portal\/wp-json\/wp\/v2\/posts\/66576\/revisions"}],"wp:featuredmedia":[{"embeddable":true,"href":"https:\/\/eltrabajo.cl\/portal\/wp-json\/wp\/v2\/media\/66577"}],"wp:attachment":[{"href":"https:\/\/eltrabajo.cl\/portal\/wp-json\/wp\/v2\/media?parent=66576"}],"wp:term":[{"taxonomy":"category","embeddable":true,"href":"https:\/\/eltrabajo.cl\/portal\/wp-json\/wp\/v2\/categories?post=66576"},{"taxonomy":"post_tag","embeddable":true,"href":"https:\/\/eltrabajo.cl\/portal\/wp-json\/wp\/v2\/tags?post=66576"}],"curies":[{"name":"wp","href":"https:\/\/api.w.org\/{rel}","templated":true}]}}