{"id":66583,"date":"2016-02-09T09:20:06","date_gmt":"2016-02-09T12:20:06","guid":{"rendered":"http:\/\/www.eltrabajo.cl\/portal\/?p=66583"},"modified":"2016-02-09T09:20:06","modified_gmt":"2016-02-09T12:20:06","slug":"invertiran-mas-de-200-millones-en-obras-de-mejoramiento-de-3-escuelas","status":"publish","type":"post","link":"https:\/\/eltrabajo.cl\/portal\/invertiran-mas-de-200-millones-en-obras-de-mejoramiento-de-3-escuelas\/","title":{"rendered":"Invertir\u00e1n m\u00e1s de $ 200 millones en obras de mejoramiento de 3 escuelas"},"content":{"rendered":"<figure id=\"attachment_66584\" aria-describedby=\"caption-attachment-66584\" style=\"width: 300px\" class=\"wp-caption alignleft\"><img data-recalc-dims=\"1\" loading=\"lazy\" decoding=\"async\" class=\"wp-image-66584 size-medium\" src=\"https:\/\/i0.wp.com\/www.eltrabajo.cl\/portal\/wp-content\/uploads\/2016\/02\/Escuela-Fray-Camilo-300x198.jpg?resize=300%2C198\" alt=\"Uno de los establecimientos beneficiados ser\u00e1 la escuela Fray Camilo Henr\u00edquez, invirtiendo cerca de $ 85 millones para llevar a cabo las obras de mejoramiento.\" width=\"300\" height=\"198\" srcset=\"https:\/\/i0.wp.com\/eltrabajo.cl\/portal\/wp-content\/uploads\/2016\/02\/Escuela-Fray-Camilo.jpg?resize=300%2C198&amp;ssl=1 300w, https:\/\/i0.wp.com\/eltrabajo.cl\/portal\/wp-content\/uploads\/2016\/02\/Escuela-Fray-Camilo.jpg?resize=200%2C132&amp;ssl=1 200w, https:\/\/i0.wp.com\/eltrabajo.cl\/portal\/wp-content\/uploads\/2016\/02\/Escuela-Fray-Camilo.jpg?resize=227%2C150&amp;ssl=1 227w, https:\/\/i0.wp.com\/eltrabajo.cl\/portal\/wp-content\/uploads\/2016\/02\/Escuela-Fray-Camilo.jpg?resize=400%2C264&amp;ssl=1 400w, https:\/\/i0.wp.com\/eltrabajo.cl\/portal\/wp-content\/uploads\/2016\/02\/Escuela-Fray-Camilo.jpg?w=530&amp;ssl=1 530w\" sizes=\"auto, (max-width: 300px) 100vw, 300px\" \/><figcaption id=\"caption-attachment-66584\" class=\"wp-caption-text\">Uno de los establecimientos beneficiados ser\u00e1 la escuela Fray Camilo Henr\u00edquez, invirtiendo cerca de $ 85 millones para llevar a cabo las obras de mejoramiento.<\/figcaption><\/figure>\n<ul>\n<li><strong>Ya se realiz\u00f3 el proceso de licitaci\u00f3n y en los pr\u00f3ximos d\u00edas deber\u00edan iniciarse las obras, las que tendr\u00e1n un plazo de ejecuci\u00f3n de 100 d\u00edas.<\/strong><\/li>\n<\/ul>\n<p><strong>PANQUEHUE.-<\/strong> 215 millones de pesos, ser\u00e1n invertidos en obras de mejoramiento de tres establecimientos educacionales de la comuna de Panquehue.<br \/>\nSe trata de las escuelas de Vi\u00f1a Err\u00e1zuriz y Fray Camilo Henr\u00edquez, donde en cada uno de estos establecimientos educacionales, se ha considerado una inversi\u00f3n cercana a los 85 millones de pesos, con el cambio de todo el sistema el\u00e9ctrico, adem\u00e1s de otras obras de mejoramiento de su infraestructura. A estas obras se suman los trabajos de recambio el\u00e9ctrico en la escuela Ema Lobos con una inversi\u00f3n de casi 45 millones de pesos.<br \/>\nLa Directora de Obras de la Municipalidad de Panquehue, Loreto Galdames, explic\u00f3 que ya se realiz\u00f3 el proceso de licitaci\u00f3n y adjudicaci\u00f3n y por lo mismo se espera que en los pr\u00f3ximos d\u00edas se firmen los respectivos contratos.<br \/>\nLas obras tendr\u00e1n un plazo de ejecuci\u00f3n de 100 d\u00edas y se espera el inicio de las mismas en la segunda quincena de febrero.<br \/>\nExplic\u00f3 Galdames que se trata de proyectos, que van a mejorar considerablemente el sistema operativo de cada una de estas escuelas y se centran en las pol\u00edticas y gesti\u00f3n que ha estado realizado en materia educacional el alcalde de la comuna de Panquehue, Luis Pradenas.<\/p>\n","protected":false},"excerpt":{"rendered":"<p>Ya se realiz\u00f3 el proceso de licitaci\u00f3n y en los pr\u00f3ximos d\u00edas deber\u00edan iniciarse las obras, las que tendr\u00e1n un plazo de ejecuci\u00f3n de 100 d\u00edas. PANQUEHUE.- 215 millones de pesos, ser\u00e1n&#8230;<\/p>\n","protected":false},"author":482,"featured_media":66584,"comment_status":"open","ping_status":"open","sticky":false,"template":"","format":"standard","meta":{"advanced_seo_description":"","jetpack_seo_html_title":"","jetpack_seo_noindex":false,"_jetpack_memberships_contains_paid_content":false,"footnotes":""},"categories":[15],"tags":[],"class_list":["post-66583","post","type-post","status-publish","format-standard","has-post-thumbnail","hentry","category-comunidad"],"jetpack_featured_media_url":"https:\/\/i0.wp.com\/eltrabajo.cl\/portal\/wp-content\/uploads\/2016\/02\/Escuela-Fray-Camilo.jpg?fit=530%2C350&ssl=1","jetpack_sharing_enabled":true,"jetpack_likes_enabled":true,"jetpack-related-posts":[],"_links":{"self":[{"href":"https:\/\/eltrabajo.cl\/portal\/wp-json\/wp\/v2\/posts\/66583","targetHints":{"allow":["GET"]}}],"collection":[{"href":"https:\/\/eltrabajo.cl\/portal\/wp-json\/wp\/v2\/posts"}],"about":[{"href":"https:\/\/eltrabajo.cl\/portal\/wp-json\/wp\/v2\/types\/post"}],"author":[{"embeddable":true,"href":"https:\/\/eltrabajo.cl\/portal\/wp-json\/wp\/v2\/users\/482"}],"replies":[{"embeddable":true,"href":"https:\/\/eltrabajo.cl\/portal\/wp-json\/wp\/v2\/comments?post=66583"}],"version-history":[{"count":0,"href":"https:\/\/eltrabajo.cl\/portal\/wp-json\/wp\/v2\/posts\/66583\/revisions"}],"wp:featuredmedia":[{"embeddable":true,"href":"https:\/\/eltrabajo.cl\/portal\/wp-json\/wp\/v2\/media\/66584"}],"wp:attachment":[{"href":"https:\/\/eltrabajo.cl\/portal\/wp-json\/wp\/v2\/media?parent=66583"}],"wp:term":[{"taxonomy":"category","embeddable":true,"href":"https:\/\/eltrabajo.cl\/portal\/wp-json\/wp\/v2\/categories?post=66583"},{"taxonomy":"post_tag","embeddable":true,"href":"https:\/\/eltrabajo.cl\/portal\/wp-json\/wp\/v2\/tags?post=66583"}],"curies":[{"name":"wp","href":"https:\/\/api.w.org\/{rel}","templated":true}]}}