{"id":66586,"date":"2016-02-09T09:21:17","date_gmt":"2016-02-09T12:21:17","guid":{"rendered":"http:\/\/www.eltrabajo.cl\/portal\/?p=66586"},"modified":"2016-02-09T09:21:17","modified_gmt":"2016-02-09T12:21:17","slug":"prodesal-postulara-17-proyectos-al-fondo-de-inversion-de-fomento-productivo","status":"publish","type":"post","link":"https:\/\/eltrabajo.cl\/portal\/prodesal-postulara-17-proyectos-al-fondo-de-inversion-de-fomento-productivo\/","title":{"rendered":"Prodesal postular\u00e1 17 proyectos al fondo de Inversi\u00f3n de Fomento Productivo"},"content":{"rendered":"<figure id=\"attachment_66587\" aria-describedby=\"caption-attachment-66587\" style=\"width: 300px\" class=\"wp-caption alignleft\"><img data-recalc-dims=\"1\" loading=\"lazy\" decoding=\"async\" class=\"wp-image-66587 size-medium\" src=\"https:\/\/i0.wp.com\/www.eltrabajo.cl\/portal\/wp-content\/uploads\/2016\/02\/Luis-Salgado-300x197.jpg?resize=300%2C197\" alt=\"Luis Salgado, m\u00e9dico veterinario encargado de prodesal Panquehue.\" width=\"300\" height=\"197\" srcset=\"https:\/\/i0.wp.com\/eltrabajo.cl\/portal\/wp-content\/uploads\/2016\/02\/Luis-Salgado.jpg?resize=300%2C197&amp;ssl=1 300w, https:\/\/i0.wp.com\/eltrabajo.cl\/portal\/wp-content\/uploads\/2016\/02\/Luis-Salgado.jpg?resize=200%2C131&amp;ssl=1 200w, https:\/\/i0.wp.com\/eltrabajo.cl\/portal\/wp-content\/uploads\/2016\/02\/Luis-Salgado.jpg?resize=228%2C150&amp;ssl=1 228w, https:\/\/i0.wp.com\/eltrabajo.cl\/portal\/wp-content\/uploads\/2016\/02\/Luis-Salgado.jpg?resize=400%2C263&amp;ssl=1 400w, https:\/\/i0.wp.com\/eltrabajo.cl\/portal\/wp-content\/uploads\/2016\/02\/Luis-Salgado.jpg?w=530&amp;ssl=1 530w\" sizes=\"auto, (max-width: 300px) 100vw, 300px\" \/><figcaption id=\"caption-attachment-66587\" class=\"wp-caption-text\">Luis Salgado, m\u00e9dico veterinario encargado de prodesal Panquehue.<\/figcaption><\/figure>\n<ul>\n<li><strong>De acuerdo a lo manifestado por el coordinador del programa, la idea es poder potenciar la obtenci\u00f3n de maquinaria y mejoramiento de la infraestructura agr\u00edcola.<\/strong><\/li>\n<\/ul>\n<p><strong>PANQUEHUE.<\/strong>&#8211; La oficina comunal de Prodesal estar\u00e1 postulando al Fondo de Inversi\u00f3n de Fomento Productivo (IFP), con 17 proyectos que van a favorecer a un n\u00famero igual de usuarios.<br \/>\nDe acuerdo a lo informado por el m\u00e9dico veterinario Luis Salgado, encargado de prodesal Panquehue, lo que se pretende con este nuevo concurso es poder adjudicar a los usuarios del programa maquinaria agr\u00edcola como asimismo dotar de recursos para mejorar la infraestructura de los predios.<br \/>\nDijo que la comuna de Panquehue, ha tenido muy buenos resultados en el proceso de postulaci\u00f3n en llamados anteriores, donde varios usuarios del programa Prodesal, han resultado favorecidos.<br \/>\nAgreg\u00f3 Salgado que al momento de la postulaci\u00f3n a los proyectos, cada uno de los usuarios debe hacer un aporte del 10 % del costo total.<br \/>\nProdesal es un convenio suscrito entre la municipalidad de Panquehue e Indap, el cual est\u00e1 orientado a brindar apoyo a la agricultura familiar campesina.<br \/>\nEl programa se desarrolla en la comuna desde el a\u00f1o 2011, beneficiando en la actualidad a 67 personas con asesor\u00eda t\u00e9cnica especializada en el \u00e1rea agropecuaria, sumado al aporte de fomento productivo realizado por Indap a trav\u00e9s de concursos y el apoyo econ\u00f3mico, realizado por el municipio orientado a capacitar a los agricultores.<\/p>\n","protected":false},"excerpt":{"rendered":"<p>De acuerdo a lo manifestado por el coordinador del programa, la idea es poder potenciar la obtenci\u00f3n de maquinaria y mejoramiento de la infraestructura agr\u00edcola. PANQUEHUE.&#8211; La oficina comunal de Prodesal estar\u00e1&#8230;<\/p>\n","protected":false},"author":482,"featured_media":66587,"comment_status":"open","ping_status":"open","sticky":false,"template":"","format":"standard","meta":{"advanced_seo_description":"","jetpack_seo_html_title":"","jetpack_seo_noindex":false,"_jetpack_memberships_contains_paid_content":false,"footnotes":""},"categories":[15],"tags":[],"class_list":["post-66586","post","type-post","status-publish","format-standard","has-post-thumbnail","hentry","category-comunidad"],"jetpack_featured_media_url":"https:\/\/i0.wp.com\/eltrabajo.cl\/portal\/wp-content\/uploads\/2016\/02\/Luis-Salgado.jpg?fit=530%2C348&ssl=1","jetpack_sharing_enabled":true,"jetpack_likes_enabled":true,"jetpack-related-posts":[],"_links":{"self":[{"href":"https:\/\/eltrabajo.cl\/portal\/wp-json\/wp\/v2\/posts\/66586","targetHints":{"allow":["GET"]}}],"collection":[{"href":"https:\/\/eltrabajo.cl\/portal\/wp-json\/wp\/v2\/posts"}],"about":[{"href":"https:\/\/eltrabajo.cl\/portal\/wp-json\/wp\/v2\/types\/post"}],"author":[{"embeddable":true,"href":"https:\/\/eltrabajo.cl\/portal\/wp-json\/wp\/v2\/users\/482"}],"replies":[{"embeddable":true,"href":"https:\/\/eltrabajo.cl\/portal\/wp-json\/wp\/v2\/comments?post=66586"}],"version-history":[{"count":0,"href":"https:\/\/eltrabajo.cl\/portal\/wp-json\/wp\/v2\/posts\/66586\/revisions"}],"wp:featuredmedia":[{"embeddable":true,"href":"https:\/\/eltrabajo.cl\/portal\/wp-json\/wp\/v2\/media\/66587"}],"wp:attachment":[{"href":"https:\/\/eltrabajo.cl\/portal\/wp-json\/wp\/v2\/media?parent=66586"}],"wp:term":[{"taxonomy":"category","embeddable":true,"href":"https:\/\/eltrabajo.cl\/portal\/wp-json\/wp\/v2\/categories?post=66586"},{"taxonomy":"post_tag","embeddable":true,"href":"https:\/\/eltrabajo.cl\/portal\/wp-json\/wp\/v2\/tags?post=66586"}],"curies":[{"name":"wp","href":"https:\/\/api.w.org\/{rel}","templated":true}]}}