{"id":66589,"date":"2016-02-09T09:22:59","date_gmt":"2016-02-09T12:22:59","guid":{"rendered":"http:\/\/www.eltrabajo.cl\/portal\/?p=66589"},"modified":"2016-02-09T09:22:59","modified_gmt":"2016-02-09T12:22:59","slug":"gran-aumento-vehicular-se-registro-por-el-paso-cristo-redentor-durante-el-fin-de-semana","status":"publish","type":"post","link":"https:\/\/eltrabajo.cl\/portal\/gran-aumento-vehicular-se-registro-por-el-paso-cristo-redentor-durante-el-fin-de-semana\/","title":{"rendered":"Gran aumento vehicular se registr\u00f3 por el paso Cristo Redentor durante el fin de semana"},"content":{"rendered":"<figure id=\"attachment_66590\" aria-describedby=\"caption-attachment-66590\" style=\"width: 300px\" class=\"wp-caption alignleft\"><img data-recalc-dims=\"1\" loading=\"lazy\" decoding=\"async\" class=\"wp-image-66590 size-medium\" src=\"https:\/\/i0.wp.com\/www.eltrabajo.cl\/portal\/wp-content\/uploads\/2016\/02\/Congestion-libertadores-300x198.jpg?resize=300%2C198\" alt=\"Autoridades llaman a la comunidad a postergar sus viajes hasta despu\u00e9s de ma\u00f1ana mi\u00e9rcoles 10 de febrero producto de los atochamientos.\" width=\"300\" height=\"198\" srcset=\"https:\/\/i0.wp.com\/eltrabajo.cl\/portal\/wp-content\/uploads\/2016\/02\/Congestion-libertadores.jpg?resize=300%2C198&amp;ssl=1 300w, https:\/\/i0.wp.com\/eltrabajo.cl\/portal\/wp-content\/uploads\/2016\/02\/Congestion-libertadores.jpg?resize=200%2C132&amp;ssl=1 200w, https:\/\/i0.wp.com\/eltrabajo.cl\/portal\/wp-content\/uploads\/2016\/02\/Congestion-libertadores.jpg?resize=228%2C150&amp;ssl=1 228w, https:\/\/i0.wp.com\/eltrabajo.cl\/portal\/wp-content\/uploads\/2016\/02\/Congestion-libertadores.jpg?resize=400%2C263&amp;ssl=1 400w, https:\/\/i0.wp.com\/eltrabajo.cl\/portal\/wp-content\/uploads\/2016\/02\/Congestion-libertadores.jpg?w=530&amp;ssl=1 530w\" sizes=\"auto, (max-width: 300px) 100vw, 300px\" \/><figcaption id=\"caption-attachment-66590\" class=\"wp-caption-text\">Autoridades llaman a la comunidad a postergar sus viajes hasta despu\u00e9s de ma\u00f1ana mi\u00e9rcoles 10 de febrero producto de los atochamientos.<\/figcaption><\/figure>\n<ul>\n<li><strong>Recomiendan reprogramar los viajes de regreso a Argentina para despu\u00e9s del mi\u00e9rcoles 10 de febrero.<\/strong><\/li>\n<\/ul>\n<p><strong>LOS ANDES.<\/strong>&#8211; Un aumento r\u00e9cord en los flujos vehiculares hacia Chile desde Argentina se produjo este fin de semana, entre viernes y domingo. Esto, a ra\u00edz del fin de semana largo para los trasandinos, pues este lunes y martes es feriado nacional en ese pa\u00eds.<br \/>\nDurante estos tres d\u00edas ingresaron al pa\u00eds por el Sistema Integrado Cristo Redentor (SICR) o Paso Los Libertadores m\u00e1s de 6.577 veh\u00edculos, cifra que es coherente con las proyecciones que las autoridades de frontera vienen informando en los \u00faltimos d\u00edas.<br \/>\nLa entrada de viajeros hacia Chile por el Sistema Integrado Cristo Redentor no estuvo exenta de dificultades, producto fundamentalmente de cortes en la ruta en el sector argentino que alargaron los viajes de los ciudadanos de esa nacionalidad que entraron a Chile, pero que tambi\u00e9n afectaron a las personas que iban desde Chile con destino a Argentina.<br \/>\nEl jefe nacional de la Unidad de Pasos Fronterizos (UPF) del Ministerio del Interior y Seguridad P\u00fablica, Reginaldo Flores, advirti\u00f3 que despu\u00e9s del masivo ingreso de veh\u00edculos, a contar de ayer a las 14:00 horas, pero fundamentalmente hoy martes 09 y mi\u00e9rcoles 10 de febrero, se espera un intenso flujo de veh\u00edculos hacia Argentina, no s\u00f3lo de aquellos que ingresaron por el fin de semana, sino adem\u00e1s por el recambio de veraneantes. Por ello, dijo, \u201ces recomendable que las personas que puedan hacerlo posterguen su viaje hasta despu\u00e9s del mi\u00e9rcoles 10 de febrero. Si igualmente deben hacerlo, la sugerencia es que lleguen al paso antes de las 14 horas\u201d, apunt\u00f3.<br \/>\nJunto con lo anterior record\u00f3 a las personas que viajen con destino a Argentina a trav\u00e9s del Paso Los Libertadores, que por tratarse de un control integrado, todos los procedimientos de control de personas y mercanc\u00edas se realizan en un solo pa\u00eds. Es decir, si se viaja desde Chile con destino a Argentina los controles fronterizos se efect\u00faan en el Complejo Roque Carranza (Los Horcones), en la provincia de Mendoza.<br \/>\nEn tanto, el gobernador (s) de la provincia de Los Andes, Alonso Retamales, quien acompa\u00f1\u00f3 a gran parte de los turistas el fin de semana, manifest\u00f3 que \u201clos servicios que operan en el Sistema Integrado Cristo Redentor han trabajado arduamente durante esta contingencia. Sin embargo, junto a la Unidad de Pasos Fronterizos hemos entregado algunas recomendaciones ya que los tiempos de espera pueden ser m\u00e1s largos que lo normal. As\u00ed y todo, ha habido una coordinaci\u00f3n e informaci\u00f3n\u201d.<br \/>\nLa UPF y la Gobernaci\u00f3n Provincial de Los Andes recomendaron a los usuarios que vayan a hacer uso del Sistema Cristo Redentor para viajar entre Argentina y Chile lo siguiente:<br \/>\n-Antes de iniciar su viaje inf\u00f3rmese del estado de las rutas y los tiempos de desplazamiento para que tome una decisi\u00f3n informada, ya que en la actualidad existen zonas de la ruta entre Uspallata y Mendoza en que existen trabajos de reparaci\u00f3n.<br \/>\n-Si su viaje est\u00e1 programado durante estos d\u00edas peak, es recomendable portar abrigo, comida, agua, pa\u00f1ales y bloqueador solar, sobre todo si viaja con ni\u00f1os o personas de la tercera edad. Recuerde que los complejos fronterizos est\u00e1n situados en la alta monta\u00f1a, con un trayecto que alcanza m\u00e1s de 3 mil metros de altura en algunos tramos, por lo que no hay restoranes ni comercio masivo.<br \/>\n-Antes de viajar inf\u00f3rmese del pron\u00f3stico meteorol\u00f3gico, ya que aunque los complejos funcionan las 24 horas del d\u00eda de manera continua, en caso de cierre por razones clim\u00e1ticas, viales u otras, podr\u00eda exponerse a esperas en ruta, con cambios bruscos de temperatura.<br \/>\n-Aseg\u00farese de contar con el combustible necesario para su veh\u00edculo y de chequear su estado general, asegurarse que cuenta con los implementos de seguridad y reparaciones en caso de imprevistos en ruta. Chequee que su neum\u00e1tico de repuesto se encuentre en buen estado y con presi\u00f3n de aire suficiente para ser usado.<br \/>\n-Recuerde llevar sus documentos obligatorios de viaje como su c\u00e9dula de identidad, pasaporte o su DNI.<\/p>\n","protected":false},"excerpt":{"rendered":"<p>Recomiendan reprogramar los viajes de regreso a Argentina para despu\u00e9s del mi\u00e9rcoles 10 de febrero. LOS ANDES.&#8211; Un aumento r\u00e9cord en los flujos vehiculares hacia Chile desde Argentina se produjo este fin&#8230;<\/p>\n","protected":false},"author":482,"featured_media":66590,"comment_status":"open","ping_status":"open","sticky":false,"template":"","format":"standard","meta":{"advanced_seo_description":"","jetpack_seo_html_title":"","jetpack_seo_noindex":false,"_jetpack_memberships_contains_paid_content":false,"footnotes":""},"categories":[1],"tags":[],"class_list":["post-66589","post","type-post","status-publish","format-standard","has-post-thumbnail","hentry","category-cronica"],"jetpack_featured_media_url":"https:\/\/i0.wp.com\/eltrabajo.cl\/portal\/wp-content\/uploads\/2016\/02\/Congestion-libertadores.jpg?fit=530%2C349&ssl=1","jetpack_sharing_enabled":true,"jetpack_likes_enabled":true,"jetpack-related-posts":[],"_links":{"self":[{"href":"https:\/\/eltrabajo.cl\/portal\/wp-json\/wp\/v2\/posts\/66589","targetHints":{"allow":["GET"]}}],"collection":[{"href":"https:\/\/eltrabajo.cl\/portal\/wp-json\/wp\/v2\/posts"}],"about":[{"href":"https:\/\/eltrabajo.cl\/portal\/wp-json\/wp\/v2\/types\/post"}],"author":[{"embeddable":true,"href":"https:\/\/eltrabajo.cl\/portal\/wp-json\/wp\/v2\/users\/482"}],"replies":[{"embeddable":true,"href":"https:\/\/eltrabajo.cl\/portal\/wp-json\/wp\/v2\/comments?post=66589"}],"version-history":[{"count":0,"href":"https:\/\/eltrabajo.cl\/portal\/wp-json\/wp\/v2\/posts\/66589\/revisions"}],"wp:featuredmedia":[{"embeddable":true,"href":"https:\/\/eltrabajo.cl\/portal\/wp-json\/wp\/v2\/media\/66590"}],"wp:attachment":[{"href":"https:\/\/eltrabajo.cl\/portal\/wp-json\/wp\/v2\/media?parent=66589"}],"wp:term":[{"taxonomy":"category","embeddable":true,"href":"https:\/\/eltrabajo.cl\/portal\/wp-json\/wp\/v2\/categories?post=66589"},{"taxonomy":"post_tag","embeddable":true,"href":"https:\/\/eltrabajo.cl\/portal\/wp-json\/wp\/v2\/tags?post=66589"}],"curies":[{"name":"wp","href":"https:\/\/api.w.org\/{rel}","templated":true}]}}