{"id":66592,"date":"2016-02-09T09:24:10","date_gmt":"2016-02-09T12:24:10","guid":{"rendered":"http:\/\/www.eltrabajo.cl\/portal\/?p=66592"},"modified":"2016-02-09T09:24:10","modified_gmt":"2016-02-09T12:24:10","slug":"molestia-entre-comerciantes-y-residentes-de-calle-comercio-por-grabacion-de-comercial","status":"publish","type":"post","link":"https:\/\/eltrabajo.cl\/portal\/molestia-entre-comerciantes-y-residentes-de-calle-comercio-por-grabacion-de-comercial\/","title":{"rendered":"Molestia entre comerciantes y residentes de Calle Comercio por grabaci\u00f3n de comercial"},"content":{"rendered":"<figure id=\"attachment_66593\" aria-describedby=\"caption-attachment-66593\" style=\"width: 300px\" class=\"wp-caption alignleft\"><img data-recalc-dims=\"1\" loading=\"lazy\" decoding=\"async\" class=\"wp-image-66593 size-medium\" src=\"https:\/\/i0.wp.com\/www.eltrabajo.cl\/portal\/wp-content\/uploads\/2016\/02\/Calle-comercio-300x197.jpg?resize=300%2C197\" alt=\"La molestia de los comerciantes y residentes radicaba en que no fueron avisados con anticipaci\u00f3n que la calle ser\u00eda cubierta con tierra para filmar un comercial.\" width=\"300\" height=\"197\" srcset=\"https:\/\/i0.wp.com\/eltrabajo.cl\/portal\/wp-content\/uploads\/2016\/02\/Calle-comercio.jpg?resize=300%2C197&amp;ssl=1 300w, https:\/\/i0.wp.com\/eltrabajo.cl\/portal\/wp-content\/uploads\/2016\/02\/Calle-comercio.jpg?resize=200%2C131&amp;ssl=1 200w, https:\/\/i0.wp.com\/eltrabajo.cl\/portal\/wp-content\/uploads\/2016\/02\/Calle-comercio.jpg?resize=228%2C150&amp;ssl=1 228w, https:\/\/i0.wp.com\/eltrabajo.cl\/portal\/wp-content\/uploads\/2016\/02\/Calle-comercio.jpg?resize=400%2C263&amp;ssl=1 400w, https:\/\/i0.wp.com\/eltrabajo.cl\/portal\/wp-content\/uploads\/2016\/02\/Calle-comercio.jpg?w=530&amp;ssl=1 530w\" sizes=\"auto, (max-width: 300px) 100vw, 300px\" \/><figcaption id=\"caption-attachment-66593\" class=\"wp-caption-text\">La molestia de los comerciantes y residentes radicaba en que no fueron avisados con anticipaci\u00f3n que la calle ser\u00eda cubierta con tierra para filmar un comercial.<\/figcaption><\/figure>\n<ul>\n<li><strong>Aunque siempre es destacable que la comuna sea locaci\u00f3n para filmaciones, esta vez la molestia radica en que el municipio cubri\u00f3 un tramo de la calle con tierra y nadie fue avisado.<\/strong><\/li>\n<\/ul>\n<p><strong>PUTAENDO.<\/strong>&#8211; Bastante molestos se expresaron varios comerciantes y vecinos de Calle Comercio, puntualmente aquellos que mantienen su sus viviendas y locales en el tramo entre Aspee y Bulnes, al ver que la calle fue cubierta de tierra para grabar un comercial.<br \/>\nDurante la ma\u00f1ana de este domingo un cami\u00f3n del municipio comenz\u00f3 a arrojar tierra en el citado tramo, la que era esparcida por funcionarios municipales, situaci\u00f3n que seg\u00fan algunos comerciantes, gener\u00f3 gran levantamiento de polvo, motivo por el cual algunos peatones decidieran no transitar por el lugar, trayendo consigo inconvenientes para las ventas de los comerciantes.<br \/>\nUna de las molestias m\u00e1s grandes de varios comerciantes y que fue incluso compartida por dirigentes vecinales, es que no se inform\u00f3 como correspond\u00eda a los afectados ni mucho menos a la junta de vecinos de Putaendo Urbano, por lo que el hecho fue catalogado incluso como una falta de respeto por parte de la Municipalidad de Putaendo.<br \/>\nAl ser consultado por nuestro medio, uno de los funcionarios del municipio que estaba trabajando en el lugar, sostuvo que efectivamente no todos los comerciantes hab\u00edan sido avisados, pero que si se hab\u00eda conversado con algunos, que en un principio no presentaron objeciones para la realizaci\u00f3n del comercial.<br \/>\n<strong>Patricio Gallardo M.<\/strong><\/p>\n","protected":false},"excerpt":{"rendered":"<p>Aunque siempre es destacable que la comuna sea locaci\u00f3n para filmaciones, esta vez la molestia radica en que el municipio cubri\u00f3 un tramo de la calle con tierra y nadie fue avisado&#8230;.<\/p>\n","protected":false},"author":482,"featured_media":66593,"comment_status":"open","ping_status":"open","sticky":false,"template":"","format":"standard","meta":{"advanced_seo_description":"","jetpack_seo_html_title":"","jetpack_seo_noindex":false,"_jetpack_memberships_contains_paid_content":false,"footnotes":""},"categories":[1],"tags":[],"class_list":["post-66592","post","type-post","status-publish","format-standard","has-post-thumbnail","hentry","category-cronica"],"jetpack_featured_media_url":"https:\/\/i0.wp.com\/eltrabajo.cl\/portal\/wp-content\/uploads\/2016\/02\/Calle-comercio.jpg?fit=530%2C348&ssl=1","jetpack_sharing_enabled":true,"jetpack_likes_enabled":true,"jetpack-related-posts":[],"_links":{"self":[{"href":"https:\/\/eltrabajo.cl\/portal\/wp-json\/wp\/v2\/posts\/66592","targetHints":{"allow":["GET"]}}],"collection":[{"href":"https:\/\/eltrabajo.cl\/portal\/wp-json\/wp\/v2\/posts"}],"about":[{"href":"https:\/\/eltrabajo.cl\/portal\/wp-json\/wp\/v2\/types\/post"}],"author":[{"embeddable":true,"href":"https:\/\/eltrabajo.cl\/portal\/wp-json\/wp\/v2\/users\/482"}],"replies":[{"embeddable":true,"href":"https:\/\/eltrabajo.cl\/portal\/wp-json\/wp\/v2\/comments?post=66592"}],"version-history":[{"count":0,"href":"https:\/\/eltrabajo.cl\/portal\/wp-json\/wp\/v2\/posts\/66592\/revisions"}],"wp:featuredmedia":[{"embeddable":true,"href":"https:\/\/eltrabajo.cl\/portal\/wp-json\/wp\/v2\/media\/66593"}],"wp:attachment":[{"href":"https:\/\/eltrabajo.cl\/portal\/wp-json\/wp\/v2\/media?parent=66592"}],"wp:term":[{"taxonomy":"category","embeddable":true,"href":"https:\/\/eltrabajo.cl\/portal\/wp-json\/wp\/v2\/categories?post=66592"},{"taxonomy":"post_tag","embeddable":true,"href":"https:\/\/eltrabajo.cl\/portal\/wp-json\/wp\/v2\/tags?post=66592"}],"curies":[{"name":"wp","href":"https:\/\/api.w.org\/{rel}","templated":true}]}}