{"id":66595,"date":"2016-02-09T09:26:46","date_gmt":"2016-02-09T12:26:46","guid":{"rendered":"http:\/\/www.eltrabajo.cl\/portal\/?p=66595"},"modified":"2016-02-09T09:26:46","modified_gmt":"2016-02-09T12:26:46","slug":"este-sabado-se-abren-las-postulaciones-a-las-becas-de-pasajes-para-estudiantes-de-educacion-superior-de-la-zona-central-del-pais","status":"publish","type":"post","link":"https:\/\/eltrabajo.cl\/portal\/este-sabado-se-abren-las-postulaciones-a-las-becas-de-pasajes-para-estudiantes-de-educacion-superior-de-la-zona-central-del-pais\/","title":{"rendered":"Este s\u00e1bado se abren las postulaciones a las becas de pasajes para estudiantes de educaci\u00f3n superior de la zona central del pa\u00eds"},"content":{"rendered":"<figure id=\"attachment_66596\" aria-describedby=\"caption-attachment-66596\" style=\"width: 300px\" class=\"wp-caption alignleft\"><img data-recalc-dims=\"1\" loading=\"lazy\" decoding=\"async\" class=\"wp-image-66596 size-medium\" src=\"https:\/\/i0.wp.com\/www.eltrabajo.cl\/portal\/wp-content\/uploads\/2016\/02\/PABLO-SILVA-DIRECTOR-DE-300x197.jpg?resize=300%2C197\" alt=\"Pablo Silva, director de la Direcci\u00f3n de Desarrollo Comunitario de la Municipalidad de San Felipe.\" width=\"300\" height=\"197\" srcset=\"https:\/\/i0.wp.com\/eltrabajo.cl\/portal\/wp-content\/uploads\/2016\/02\/PABLO-SILVA-DIRECTOR-DE.jpg?resize=300%2C197&amp;ssl=1 300w, https:\/\/i0.wp.com\/eltrabajo.cl\/portal\/wp-content\/uploads\/2016\/02\/PABLO-SILVA-DIRECTOR-DE.jpg?resize=200%2C131&amp;ssl=1 200w, https:\/\/i0.wp.com\/eltrabajo.cl\/portal\/wp-content\/uploads\/2016\/02\/PABLO-SILVA-DIRECTOR-DE.jpg?resize=228%2C150&amp;ssl=1 228w, https:\/\/i0.wp.com\/eltrabajo.cl\/portal\/wp-content\/uploads\/2016\/02\/PABLO-SILVA-DIRECTOR-DE.jpg?resize=400%2C263&amp;ssl=1 400w, https:\/\/i0.wp.com\/eltrabajo.cl\/portal\/wp-content\/uploads\/2016\/02\/PABLO-SILVA-DIRECTOR-DE.jpg?w=530&amp;ssl=1 530w\" sizes=\"auto, (max-width: 300px) 100vw, 300px\" \/><figcaption id=\"caption-attachment-66596\" class=\"wp-caption-text\">Pablo Silva, director de la Direcci\u00f3n de Desarrollo Comunitario de la Municipalidad de San Felipe.<\/figcaption><\/figure>\n<ul>\n<li><strong>Proceso se extender\u00e1 hasta el 6 de marzo y quienes resulten beneficiados podr\u00e1n recibir un pasaje ida y regreso entre los meses de abril y diciembre.<\/strong><\/li>\n<\/ul>\n<p>La direcci\u00f3n de Desarrollo Comunitario, Dideco, de la Municipalidad de San Felipe, anunci\u00f3 el inicio de las postulaciones a las becas de pasajes interurbanos que pone a disposici\u00f3n el municipio para todos aquellos estudiantes sanfelipe\u00f1os que cursan carreras en las distintas Universidades de las Regiones Metropolitana y Valpara\u00edso.<br \/>\nAs\u00ed lo dio a conocer Pablo Silva, director de la Dideco, quien asegur\u00f3 que \u201cinformamos a todos nuestros alumnos de la ense\u00f1anza superior, que se abren las becas para pasajes a partir de s\u00e1bado 13 de febrero y hasta el domingo 6 de marzo, las postulaciones son v\u00eda online se realizan a trav\u00e9s de la p\u00e1gina web de nuestra Municipalidad\u201d, sostuvo.<br \/>\nRespecto de los requisitos que deben reunir los estudiantes, Silva agreg\u00f3 que \u201cla petici\u00f3n es b\u00e1sica, solamente el certificado de alumno regular del primer semestre 2016 y tener aplicada la ex Ficha de Protecci\u00f3n Social, FPS, hoy Registro Social de Hogares\u201d, adujo.<br \/>\nEl beneficio concreto que otorga el municipio sanfelipe\u00f1o a quienes cumplan con los requisitos anteriormente se\u00f1alados y postulen en el sitio ya indicado, es un pasaje ida y vuelta mensual entre abril y diciembre, entendiendo la importancia que tiene para los estudiantes que certifiquen su residencia en la comuna de San Felipe, el contacto con su n\u00facleo familiar.<br \/>\nEl a\u00f1o 2015 fueron beneficiados 918 estudiantes sanfelipe\u00f1os y Silva asegur\u00f3 que la solicitud del alcalde Patricio Freire es que se atienda a todos los vecinos que con mucho esfuerzo estudian en las ciudades de la zona central y as\u00ed poder aliviar la carga econ\u00f3mica que implica costear una carrera universitaria.<\/p>\n","protected":false},"excerpt":{"rendered":"<p>Proceso se extender\u00e1 hasta el 6 de marzo y quienes resulten beneficiados podr\u00e1n recibir un pasaje ida y regreso entre los meses de abril y diciembre. La direcci\u00f3n de Desarrollo Comunitario, Dideco,&#8230;<\/p>\n","protected":false},"author":482,"featured_media":66596,"comment_status":"open","ping_status":"open","sticky":false,"template":"","format":"standard","meta":{"advanced_seo_description":"","jetpack_seo_html_title":"","jetpack_seo_noindex":false,"_jetpack_memberships_contains_paid_content":false,"footnotes":""},"categories":[1],"tags":[],"class_list":["post-66595","post","type-post","status-publish","format-standard","has-post-thumbnail","hentry","category-cronica"],"jetpack_featured_media_url":"https:\/\/i0.wp.com\/eltrabajo.cl\/portal\/wp-content\/uploads\/2016\/02\/PABLO-SILVA-DIRECTOR-DE.jpg?fit=530%2C348&ssl=1","jetpack_sharing_enabled":true,"jetpack_likes_enabled":true,"jetpack-related-posts":[],"_links":{"self":[{"href":"https:\/\/eltrabajo.cl\/portal\/wp-json\/wp\/v2\/posts\/66595","targetHints":{"allow":["GET"]}}],"collection":[{"href":"https:\/\/eltrabajo.cl\/portal\/wp-json\/wp\/v2\/posts"}],"about":[{"href":"https:\/\/eltrabajo.cl\/portal\/wp-json\/wp\/v2\/types\/post"}],"author":[{"embeddable":true,"href":"https:\/\/eltrabajo.cl\/portal\/wp-json\/wp\/v2\/users\/482"}],"replies":[{"embeddable":true,"href":"https:\/\/eltrabajo.cl\/portal\/wp-json\/wp\/v2\/comments?post=66595"}],"version-history":[{"count":0,"href":"https:\/\/eltrabajo.cl\/portal\/wp-json\/wp\/v2\/posts\/66595\/revisions"}],"wp:featuredmedia":[{"embeddable":true,"href":"https:\/\/eltrabajo.cl\/portal\/wp-json\/wp\/v2\/media\/66596"}],"wp:attachment":[{"href":"https:\/\/eltrabajo.cl\/portal\/wp-json\/wp\/v2\/media?parent=66595"}],"wp:term":[{"taxonomy":"category","embeddable":true,"href":"https:\/\/eltrabajo.cl\/portal\/wp-json\/wp\/v2\/categories?post=66595"},{"taxonomy":"post_tag","embeddable":true,"href":"https:\/\/eltrabajo.cl\/portal\/wp-json\/wp\/v2\/tags?post=66595"}],"curies":[{"name":"wp","href":"https:\/\/api.w.org\/{rel}","templated":true}]}}