{"id":66598,"date":"2016-02-09T09:29:47","date_gmt":"2016-02-09T12:29:47","guid":{"rendered":"http:\/\/www.eltrabajo.cl\/portal\/?p=66598"},"modified":"2016-02-09T09:29:47","modified_gmt":"2016-02-09T12:29:47","slug":"municipio-realiza-tercera-version-de-exitoso-torneo-de-natacion-en-san-felipe","status":"publish","type":"post","link":"https:\/\/eltrabajo.cl\/portal\/municipio-realiza-tercera-version-de-exitoso-torneo-de-natacion-en-san-felipe\/","title":{"rendered":"Municipio realiza tercera versi\u00f3n de exitoso torneo de nataci\u00f3n en San Felipe"},"content":{"rendered":"<figure id=\"attachment_66599\" aria-describedby=\"caption-attachment-66599\" style=\"width: 300px\" class=\"wp-caption alignleft\"><img data-recalc-dims=\"1\" loading=\"lazy\" decoding=\"async\" class=\"wp-image-66599 size-medium\" src=\"https:\/\/i0.wp.com\/www.eltrabajo.cl\/portal\/wp-content\/uploads\/2016\/02\/FOTO-1-Campeonato-de-Natacion-2016-300x197.jpg?resize=300%2C197\" alt=\"La actividad se llev\u00f3 a cabo en la piscina semi ol\u00edmpica municipal.\" width=\"300\" height=\"197\" srcset=\"https:\/\/i0.wp.com\/eltrabajo.cl\/portal\/wp-content\/uploads\/2016\/02\/FOTO-1-Campeonato-de-Natacion-2016.jpg?resize=300%2C197&amp;ssl=1 300w, https:\/\/i0.wp.com\/eltrabajo.cl\/portal\/wp-content\/uploads\/2016\/02\/FOTO-1-Campeonato-de-Natacion-2016.jpg?resize=200%2C131&amp;ssl=1 200w, https:\/\/i0.wp.com\/eltrabajo.cl\/portal\/wp-content\/uploads\/2016\/02\/FOTO-1-Campeonato-de-Natacion-2016.jpg?resize=228%2C150&amp;ssl=1 228w, https:\/\/i0.wp.com\/eltrabajo.cl\/portal\/wp-content\/uploads\/2016\/02\/FOTO-1-Campeonato-de-Natacion-2016.jpg?resize=400%2C263&amp;ssl=1 400w, https:\/\/i0.wp.com\/eltrabajo.cl\/portal\/wp-content\/uploads\/2016\/02\/FOTO-1-Campeonato-de-Natacion-2016.jpg?w=530&amp;ssl=1 530w\" sizes=\"auto, (max-width: 300px) 100vw, 300px\" \/><figcaption id=\"caption-attachment-66599\" class=\"wp-caption-text\">La actividad se llev\u00f3 a cabo en la piscina semi ol\u00edmpica municipal.<\/figcaption><\/figure>\n<ul>\n<li><strong>Cumpliendo al compromiso del alcalde Patricio Freire por fomentar el deporte en la comuna, el s\u00e1bado 6 de febrero se desarroll\u00f3 este campeonato que, por tercera vez consecutiva, fue organizado por el Departamento de Deportes y Actividad F\u00edsica de la Municipalidad de San Felipe en conjunto con clubes de nataci\u00f3n de San Felipe.<\/strong><\/li>\n<\/ul>\n<p>M\u00e1s de 200 deportistas, que llegaron desde distintos puntos de la regi\u00f3n participaron de una nueva versi\u00f3n del campeonato de nataci\u00f3n Copa Ilustre Municipalidad de San Felipe que se realiz\u00f3 el s\u00e1bado 6 de febrero en la piscina semi ol\u00edmpica municipal.<br \/>\nEn el evento participaron ni\u00f1os, j\u00f3venes y adultos de Vi\u00f1a del Mar, Villa Alemana, Pe\u00f1alol\u00e9n, Quillota, Bu\u00edn, Santa Mar\u00eda, Calle Larga y San Felipe, quienes dieron lo mejor de s\u00ed para representar a sus delegaciones.<br \/>\nDestacada fue la participaci\u00f3n de Aida Rojas, perteneciente al equipo de Quillota, quien a sus 86 a\u00f1os particip\u00f3 del campeonato, demostrando lo importante que es realizar actividad f\u00edsica para mantenerse saludable.<br \/>\n\u201cLlevo en el alma hacer ejercicio hasta el final de mi vida. He practicado casi toda la vida, y ahora entreno con el profesor una hora en la ma\u00f1ana todos los d\u00edas, de lunes a viernes\u201d.<br \/>\nEl alcalde Patricio Freire destac\u00f3 la labor realizada por el equipo organizador, dio la bienvenida a la ciudad a las delegaciones provenientes de otras ciudades y ratific\u00f3 el compromiso de su gesti\u00f3n para continuar fomentando la actividad f\u00edsica en la comuna de todas y todos.<br \/>\n\u201cQuiero felicitar al departamento de Deportes del municipio, porque han puesto el \u00e9nfasis en trabajar por hacer de San Felipe una comuna deportiva y hoy es posible ver que estamos presentes en todos los \u00e1mbitos deportivos. Hoy d\u00eda estamos presentes en todas las competencias y estamos haciendo resaltar a San Felipe a nivel nacional y regional\u201d, dijo el jefe comunal.<br \/>\nRepresentando a la comuna de San Felipe estaban todas las agrupaciones de nataci\u00f3n que funcionan en la comuna, deportistas que lograron muy buenos lugares en el torneo, seg\u00fan destac\u00f3 el director de Deportes del municipio, Danilo Pe\u00f1a.<br \/>\n\u201cSan Felipe estaba representado por todos aquellos que practican la nataci\u00f3n, aqu\u00ed hab\u00edan cuatro agrupaciones y en esta oportunidad se unen en una sola y trabajan en conjunto con nosotros en la organizaci\u00f3n de este torneo. Estamos muy contentos porque tenemos muchos competidores y para el a\u00f1o tendremos muchas sorpresas y el pr\u00f3ximo fin de semana estaremos en la plaza con el toreo nacional de slackline y en esta misma piscina estaremos con un waterline que va a ser muy atractivo el domingo 14\u201d, dijo el encargado de Deportes.<br \/>\nEl torneo fue muy bien evaluado por los participantes, especialmente en su organizaci\u00f3n, tal como se\u00f1al\u00f3 Pedro Olivares, entrenador del equipo \u201cLo que bot\u00f3 la ola\u201d.<br \/>\n\u201cDamos las gracias a San Felipe que nos invit\u00f3 a su torneo y ha estado entretenido y s\u00faper bien organizado. Nuestro club es especial, porque m\u00e1s que club es un grupo de amigos que nos juntamos a hacer nataci\u00f3n y siempre tenemos el pensamiento de pasarlo bien, disfrutar de la actividad, conocer gente y en segundo plano exigirnos al m\u00e1ximo\u201d.<br \/>\nEl buen nivel de los participantes qued\u00f3 demostrado con la presentaci\u00f3n del local Pedro Aguilera, quien es parte del club Consilman, quien durante el mes de enero particip\u00f3 en otro campeonato nacional, donde logr\u00f3 seis medallas en categor\u00edas 25 metros crol, 50 metros crol, 100 metros crol, combinados y 50 metros espalda, ni\u00f1os que tienen una estricta rutina de entrenamiento para lograr esos resultados.<\/p>\n<div class=\"tiled-gallery type-rectangular tiled-gallery-unresized\" data-original-width=\"640\" data-carousel-extra='null' itemscope itemtype=\"http:\/\/schema.org\/ImageGallery\" > <div class=\"gallery-row\" style=\"width: 640px; height: 212px;\" data-original-width=\"640\" data-original-height=\"212\" > <div class=\"gallery-group images-1\" style=\"width: 320px; height: 212px;\" data-original-width=\"320\" data-original-height=\"212\" > <div class=\"tiled-gallery-item tiled-gallery-item-large\" itemprop=\"associatedMedia\" itemscope itemtype=\"http:\/\/schema.org\/ImageObject\"> <a href=\"https:\/\/eltrabajo.cl\/portal\/municipio-realiza-tercera-version-de-exitoso-torneo-de-natacion-en-san-felipe\/foto-3-campeonato-de-natacion-2016\/\" border=\"0\" itemprop=\"url\"> <meta itemprop=\"width\" content=\"316\"> <meta itemprop=\"height\" content=\"208\"> <img decoding=\"async\" class=\"\" data-attachment-id=\"66600\" data-orig-file=\"https:\/\/eltrabajo.cl\/portal\/wp-content\/uploads\/2016\/02\/FOTO-3-Campeonato-de-Natacion-2016.jpg\" data-orig-size=\"530,349\" data-comments-opened=\"1\" data-image-meta=\"{&quot;aperture&quot;:&quot;0&quot;,&quot;credit&quot;:&quot;&quot;,&quot;camera&quot;:&quot;&quot;,&quot;caption&quot;:&quot;&quot;,&quot;created_timestamp&quot;:&quot;1454758839&quot;,&quot;copyright&quot;:&quot;&quot;,&quot;focal_length&quot;:&quot;0&quot;,&quot;iso&quot;:&quot;0&quot;,&quot;shutter_speed&quot;:&quot;0&quot;,&quot;title&quot;:&quot;&quot;,&quot;orientation&quot;:&quot;0&quot;}\" data-image-title=\"FOTO 3 Campeonato de Natacion 2016\" data-image-description=\"&lt;p&gt;El alcalde Patricio Freire junto a ni\u00f1os competidores que participaron del tercer campeonato de nataci\u00f3n Copa Ilustre Municipalidad de San Felipe.&lt;\/p&gt; \" data-medium-file=\"https:\/\/i0.wp.com\/eltrabajo.cl\/portal\/wp-content\/uploads\/2016\/02\/FOTO-3-Campeonato-de-Natacion-2016.jpg?fit=300%2C198&#038;ssl=1\" data-large-file=\"https:\/\/i0.wp.com\/eltrabajo.cl\/portal\/wp-content\/uploads\/2016\/02\/FOTO-3-Campeonato-de-Natacion-2016.jpg?fit=530%2C349&#038;ssl=1\" src=\"https:\/\/i0.wp.com\/eltrabajo.cl\/portal\/wp-content\/uploads\/2016\/02\/FOTO-3-Campeonato-de-Natacion-2016.jpg?w=316&#038;h=208&#038;ssl=1\" srcset=\"https:\/\/i0.wp.com\/eltrabajo.cl\/portal\/wp-content\/uploads\/2016\/02\/FOTO-3-Campeonato-de-Natacion-2016.jpg?w=530&amp;ssl=1 530w, https:\/\/i0.wp.com\/eltrabajo.cl\/portal\/wp-content\/uploads\/2016\/02\/FOTO-3-Campeonato-de-Natacion-2016.jpg?resize=200%2C132&amp;ssl=1 200w, https:\/\/i0.wp.com\/eltrabajo.cl\/portal\/wp-content\/uploads\/2016\/02\/FOTO-3-Campeonato-de-Natacion-2016.jpg?resize=300%2C198&amp;ssl=1 300w, https:\/\/i0.wp.com\/eltrabajo.cl\/portal\/wp-content\/uploads\/2016\/02\/FOTO-3-Campeonato-de-Natacion-2016.jpg?resize=228%2C150&amp;ssl=1 228w, https:\/\/i0.wp.com\/eltrabajo.cl\/portal\/wp-content\/uploads\/2016\/02\/FOTO-3-Campeonato-de-Natacion-2016.jpg?resize=400%2C263&amp;ssl=1 400w\" width=\"316\" height=\"208\" loading=\"lazy\" data-original-width=\"316\" data-original-height=\"208\" itemprop=\"http:\/\/schema.org\/image\" title=\"FOTO 3 Campeonato de Natacion 2016\" alt=\"El alcalde Patricio Freire junto a ni\u00f1os competidores que participaron del tercer campeonato de nataci\u00f3n Copa Ilustre Municipalidad de San Felipe.\" style=\"width: 316px; height: 208px;\" \/> <\/a> <div class=\"tiled-gallery-caption\" itemprop=\"caption description\"> El alcalde Patricio Freire junto a ni\u00f1os competidores que participaron del tercer campeonato de nataci\u00f3n Copa Ilustre Municipalidad de San Felipe. <\/div> <\/div> <\/div> <!-- close group --> <div class=\"gallery-group images-1\" style=\"width: 320px; height: 212px;\" data-original-width=\"320\" data-original-height=\"212\" > <div class=\"tiled-gallery-item tiled-gallery-item-large\" itemprop=\"associatedMedia\" itemscope itemtype=\"http:\/\/schema.org\/ImageObject\"> <a href=\"https:\/\/eltrabajo.cl\/portal\/municipio-realiza-tercera-version-de-exitoso-torneo-de-natacion-en-san-felipe\/foto-4-campeonato-de-natacion-2016\/\" border=\"0\" itemprop=\"url\"> <meta itemprop=\"width\" content=\"316\"> <meta itemprop=\"height\" content=\"208\"> <img decoding=\"async\" class=\"\" data-attachment-id=\"66601\" data-orig-file=\"https:\/\/eltrabajo.cl\/portal\/wp-content\/uploads\/2016\/02\/FOTO-4-Campeonato-de-Natacion-2016.jpg\" data-orig-size=\"530,348\" data-comments-opened=\"1\" data-image-meta=\"{&quot;aperture&quot;:&quot;0&quot;,&quot;credit&quot;:&quot;&quot;,&quot;camera&quot;:&quot;&quot;,&quot;caption&quot;:&quot;&quot;,&quot;created_timestamp&quot;:&quot;1454765366&quot;,&quot;copyright&quot;:&quot;&quot;,&quot;focal_length&quot;:&quot;0&quot;,&quot;iso&quot;:&quot;0&quot;,&quot;shutter_speed&quot;:&quot;0&quot;,&quot;title&quot;:&quot;&quot;,&quot;orientation&quot;:&quot;0&quot;}\" data-image-title=\"FOTO 4 Campeonato de Natacion 2016\" data-image-description=\"&lt;p&gt;Esta nueva competencia convoc\u00f3 a m\u00e1s de 200 deportistas de distintos puntos de la regi\u00f3n.&lt;\/p&gt; \" data-medium-file=\"https:\/\/i0.wp.com\/eltrabajo.cl\/portal\/wp-content\/uploads\/2016\/02\/FOTO-4-Campeonato-de-Natacion-2016.jpg?fit=300%2C197&#038;ssl=1\" data-large-file=\"https:\/\/i0.wp.com\/eltrabajo.cl\/portal\/wp-content\/uploads\/2016\/02\/FOTO-4-Campeonato-de-Natacion-2016.jpg?fit=530%2C348&#038;ssl=1\" src=\"https:\/\/i0.wp.com\/eltrabajo.cl\/portal\/wp-content\/uploads\/2016\/02\/FOTO-4-Campeonato-de-Natacion-2016.jpg?w=316&#038;h=208&#038;ssl=1\" srcset=\"https:\/\/i0.wp.com\/eltrabajo.cl\/portal\/wp-content\/uploads\/2016\/02\/FOTO-4-Campeonato-de-Natacion-2016.jpg?w=530&amp;ssl=1 530w, https:\/\/i0.wp.com\/eltrabajo.cl\/portal\/wp-content\/uploads\/2016\/02\/FOTO-4-Campeonato-de-Natacion-2016.jpg?resize=200%2C131&amp;ssl=1 200w, https:\/\/i0.wp.com\/eltrabajo.cl\/portal\/wp-content\/uploads\/2016\/02\/FOTO-4-Campeonato-de-Natacion-2016.jpg?resize=300%2C197&amp;ssl=1 300w, https:\/\/i0.wp.com\/eltrabajo.cl\/portal\/wp-content\/uploads\/2016\/02\/FOTO-4-Campeonato-de-Natacion-2016.jpg?resize=228%2C150&amp;ssl=1 228w, https:\/\/i0.wp.com\/eltrabajo.cl\/portal\/wp-content\/uploads\/2016\/02\/FOTO-4-Campeonato-de-Natacion-2016.jpg?resize=400%2C263&amp;ssl=1 400w\" width=\"316\" height=\"208\" loading=\"lazy\" data-original-width=\"316\" data-original-height=\"208\" itemprop=\"http:\/\/schema.org\/image\" title=\"FOTO 4 Campeonato de Natacion 2016\" alt=\"Esta nueva competencia convoc\u00f3 a m\u00e1s de 200 deportistas de distintos puntos de la regi\u00f3n.\" style=\"width: 316px; height: 208px;\" \/> <\/a> <div class=\"tiled-gallery-caption\" itemprop=\"caption description\"> Esta nueva competencia convoc\u00f3 a m\u00e1s de 200 deportistas de distintos puntos de la regi\u00f3n. <\/div> <\/div> <\/div> <!-- close group --> <\/div> <!-- close row --> <\/div>\n","protected":false},"excerpt":{"rendered":"<p>Cumpliendo al compromiso del alcalde Patricio Freire por fomentar el deporte en la comuna, el s\u00e1bado 6 de febrero se desarroll\u00f3 este campeonato que, por tercera vez consecutiva, fue organizado por el&#8230;<\/p>\n","protected":false},"author":482,"featured_media":66599,"comment_status":"open","ping_status":"open","sticky":false,"template":"","format":"standard","meta":{"advanced_seo_description":"","jetpack_seo_html_title":"","jetpack_seo_noindex":false,"_jetpack_memberships_contains_paid_content":false,"footnotes":""},"categories":[1],"tags":[],"class_list":["post-66598","post","type-post","status-publish","format-standard","has-post-thumbnail","hentry","category-cronica"],"jetpack_featured_media_url":"https:\/\/i0.wp.com\/eltrabajo.cl\/portal\/wp-content\/uploads\/2016\/02\/FOTO-1-Campeonato-de-Natacion-2016.jpg?fit=530%2C348&ssl=1","jetpack_sharing_enabled":true,"jetpack_likes_enabled":true,"jetpack-related-posts":[],"_links":{"self":[{"href":"https:\/\/eltrabajo.cl\/portal\/wp-json\/wp\/v2\/posts\/66598","targetHints":{"allow":["GET"]}}],"collection":[{"href":"https:\/\/eltrabajo.cl\/portal\/wp-json\/wp\/v2\/posts"}],"about":[{"href":"https:\/\/eltrabajo.cl\/portal\/wp-json\/wp\/v2\/types\/post"}],"author":[{"embeddable":true,"href":"https:\/\/eltrabajo.cl\/portal\/wp-json\/wp\/v2\/users\/482"}],"replies":[{"embeddable":true,"href":"https:\/\/eltrabajo.cl\/portal\/wp-json\/wp\/v2\/comments?post=66598"}],"version-history":[{"count":0,"href":"https:\/\/eltrabajo.cl\/portal\/wp-json\/wp\/v2\/posts\/66598\/revisions"}],"wp:featuredmedia":[{"embeddable":true,"href":"https:\/\/eltrabajo.cl\/portal\/wp-json\/wp\/v2\/media\/66599"}],"wp:attachment":[{"href":"https:\/\/eltrabajo.cl\/portal\/wp-json\/wp\/v2\/media?parent=66598"}],"wp:term":[{"taxonomy":"category","embeddable":true,"href":"https:\/\/eltrabajo.cl\/portal\/wp-json\/wp\/v2\/categories?post=66598"},{"taxonomy":"post_tag","embeddable":true,"href":"https:\/\/eltrabajo.cl\/portal\/wp-json\/wp\/v2\/tags?post=66598"}],"curies":[{"name":"wp","href":"https:\/\/api.w.org\/{rel}","templated":true}]}}