{"id":66606,"date":"2016-02-09T09:49:56","date_gmt":"2016-02-09T12:49:56","guid":{"rendered":"http:\/\/www.eltrabajo.cl\/portal\/?p=66606"},"modified":"2016-02-09T09:49:56","modified_gmt":"2016-02-09T12:49:56","slug":"dos-jovenes-excursionistas-fueron-rescatados-desde-el-sector-el-tome-de-piguchen","status":"publish","type":"post","link":"https:\/\/eltrabajo.cl\/portal\/dos-jovenes-excursionistas-fueron-rescatados-desde-el-sector-el-tome-de-piguchen\/","title":{"rendered":"Dos j\u00f3venes excursionistas fueron rescatados desde el sector El Tom\u00e9 de Piguch\u00e9n"},"content":{"rendered":"<figure id=\"attachment_66607\" aria-describedby=\"caption-attachment-66607\" style=\"width: 300px\" class=\"wp-caption alignleft\"><img data-recalc-dims=\"1\" loading=\"lazy\" decoding=\"async\" class=\"wp-image-66607 size-medium\" src=\"https:\/\/i0.wp.com\/www.eltrabajo.cl\/portal\/wp-content\/uploads\/2016\/02\/busqueda-extraviado-1-300x198.jpg?resize=300%2C198\" alt=\"Ambos j\u00f3venes se habr\u00edan perdido debido a que la noche los sorprendi\u00f3 en el lugar y se desorientaron, debiendo pedir ayuda a Carabineros (Foto referencial).\" width=\"300\" height=\"198\" srcset=\"https:\/\/i0.wp.com\/eltrabajo.cl\/portal\/wp-content\/uploads\/2016\/02\/busqueda-extraviado-1.jpg?resize=300%2C198&amp;ssl=1 300w, https:\/\/i0.wp.com\/eltrabajo.cl\/portal\/wp-content\/uploads\/2016\/02\/busqueda-extraviado-1.jpg?resize=200%2C132&amp;ssl=1 200w, https:\/\/i0.wp.com\/eltrabajo.cl\/portal\/wp-content\/uploads\/2016\/02\/busqueda-extraviado-1.jpg?resize=228%2C150&amp;ssl=1 228w, https:\/\/i0.wp.com\/eltrabajo.cl\/portal\/wp-content\/uploads\/2016\/02\/busqueda-extraviado-1.jpg?resize=400%2C263&amp;ssl=1 400w, https:\/\/i0.wp.com\/eltrabajo.cl\/portal\/wp-content\/uploads\/2016\/02\/busqueda-extraviado-1.jpg?w=530&amp;ssl=1 530w\" sizes=\"auto, (max-width: 300px) 100vw, 300px\" \/><figcaption id=\"caption-attachment-66607\" class=\"wp-caption-text\">Ambos j\u00f3venes se habr\u00edan perdido debido a que la noche los sorprendi\u00f3 en el lugar y se desorientaron, debiendo pedir ayuda a Carabineros (Foto referencial).<\/figcaption><\/figure>\n<p><strong>PUTAENDO<\/strong>.- Un amplio operativo desplegado por Carabineros permiti\u00f3 rescatar a dos j\u00f3venes excursionistas que se extraviaron al interior del sector conocido como El Tome de la localidad de Piguch\u00e9n.<br \/>\nA eso de las 23:50 horas del pasado domingo, vecinos del lugar informaron a nuestro medio de un inusual movimiento de varias unidades policiales, aparentemente debido a una b\u00fasqueda.<br \/>\nAl solicitar la informaci\u00f3n oficial en horas de la ma\u00f1ana de este lunes, se nos comunic\u00f3 que por instrucci\u00f3n del Capit\u00e1n Alfredo Castillo, quedaba estrictamente prohibido informar de lo ocurrido, por lo que nos trasladamos hasta el sector El Tom\u00e9, y recabando antecedentes con los residentes de la zona, logramos conocer que el domingo, dos j\u00f3venes presumiblemente de las comunas de Los Andes y San Felipe, se trasladaron en bicicleta hasta Putaendo a trav\u00e9s del Sendero de Chile hasta llegar al sector El Tome.<br \/>\nPor causas que a\u00fan no son de conocimiento p\u00fablico, a ambos ciclistas los sorprendi\u00f3 la noche en un lugar de muy dif\u00edcil acceso, hecho que ocasion\u00f3 que los j\u00f3venes se desorientaran, ante lo cual se comunicaron con familiares que a su vez solicitaron ayuda a Carabineros, quienes cerca de las 01:45 horas de la madrugada lograron ubicarlos a salvo y procedieron a trasladarlos a un lugar seguro.<br \/>\n<strong>Patricio Gallardo M.<\/strong><\/p>\n","protected":false},"excerpt":{"rendered":"<p>PUTAENDO.- Un amplio operativo desplegado por Carabineros permiti\u00f3 rescatar a dos j\u00f3venes excursionistas que se extraviaron al interior del sector conocido como El Tome de la localidad de Piguch\u00e9n. A eso de&#8230;<\/p>\n","protected":false},"author":482,"featured_media":66607,"comment_status":"open","ping_status":"open","sticky":false,"template":"","format":"standard","meta":{"advanced_seo_description":"","jetpack_seo_html_title":"","jetpack_seo_noindex":false,"_jetpack_memberships_contains_paid_content":false,"footnotes":""},"categories":[21],"tags":[],"class_list":["post-66606","post","type-post","status-publish","format-standard","has-post-thumbnail","hentry","category-policial"],"jetpack_featured_media_url":"https:\/\/i0.wp.com\/eltrabajo.cl\/portal\/wp-content\/uploads\/2016\/02\/busqueda-extraviado-1.jpg?fit=530%2C349&ssl=1","jetpack_sharing_enabled":true,"jetpack_likes_enabled":true,"jetpack-related-posts":[],"_links":{"self":[{"href":"https:\/\/eltrabajo.cl\/portal\/wp-json\/wp\/v2\/posts\/66606","targetHints":{"allow":["GET"]}}],"collection":[{"href":"https:\/\/eltrabajo.cl\/portal\/wp-json\/wp\/v2\/posts"}],"about":[{"href":"https:\/\/eltrabajo.cl\/portal\/wp-json\/wp\/v2\/types\/post"}],"author":[{"embeddable":true,"href":"https:\/\/eltrabajo.cl\/portal\/wp-json\/wp\/v2\/users\/482"}],"replies":[{"embeddable":true,"href":"https:\/\/eltrabajo.cl\/portal\/wp-json\/wp\/v2\/comments?post=66606"}],"version-history":[{"count":0,"href":"https:\/\/eltrabajo.cl\/portal\/wp-json\/wp\/v2\/posts\/66606\/revisions"}],"wp:featuredmedia":[{"embeddable":true,"href":"https:\/\/eltrabajo.cl\/portal\/wp-json\/wp\/v2\/media\/66607"}],"wp:attachment":[{"href":"https:\/\/eltrabajo.cl\/portal\/wp-json\/wp\/v2\/media?parent=66606"}],"wp:term":[{"taxonomy":"category","embeddable":true,"href":"https:\/\/eltrabajo.cl\/portal\/wp-json\/wp\/v2\/categories?post=66606"},{"taxonomy":"post_tag","embeddable":true,"href":"https:\/\/eltrabajo.cl\/portal\/wp-json\/wp\/v2\/tags?post=66606"}],"curies":[{"name":"wp","href":"https:\/\/api.w.org\/{rel}","templated":true}]}}