{"id":66609,"date":"2016-02-09T09:51:19","date_gmt":"2016-02-09T12:51:19","guid":{"rendered":"http:\/\/www.eltrabajo.cl\/portal\/?p=66609"},"modified":"2016-02-09T09:51:19","modified_gmt":"2016-02-09T12:51:19","slug":"dos-personas-lesionadas-deja-colision-y-posterior-volcamiento-entre-furgoneta-y-taxi-colectivo","status":"publish","type":"post","link":"https:\/\/eltrabajo.cl\/portal\/dos-personas-lesionadas-deja-colision-y-posterior-volcamiento-entre-furgoneta-y-taxi-colectivo\/","title":{"rendered":"Dos personas lesionadas deja colisi\u00f3n y posterior volcamiento entre furgoneta y taxi colectivo"},"content":{"rendered":"<figure id=\"attachment_66610\" aria-describedby=\"caption-attachment-66610\" style=\"width: 300px\" class=\"wp-caption alignleft\"><img data-recalc-dims=\"1\" loading=\"lazy\" decoding=\"async\" class=\"wp-image-66610 size-medium\" src=\"https:\/\/i0.wp.com\/www.eltrabajo.cl\/portal\/wp-content\/uploads\/2016\/02\/Choque-furgoneta-y-taxi-colectivo-2-300x198.jpg?resize=300%2C198\" alt=\"La furgoneta termin\u00f3 volcada al no respetar el disco Pare que hab\u00eda en el lugar, siendo chocado en el costado por un taxi colectivo que circulaba por el sector.\" width=\"300\" height=\"198\" srcset=\"https:\/\/i0.wp.com\/eltrabajo.cl\/portal\/wp-content\/uploads\/2016\/02\/Choque-furgoneta-y-taxi-colectivo-2.jpg?resize=300%2C198&amp;ssl=1 300w, https:\/\/i0.wp.com\/eltrabajo.cl\/portal\/wp-content\/uploads\/2016\/02\/Choque-furgoneta-y-taxi-colectivo-2.jpg?resize=200%2C132&amp;ssl=1 200w, https:\/\/i0.wp.com\/eltrabajo.cl\/portal\/wp-content\/uploads\/2016\/02\/Choque-furgoneta-y-taxi-colectivo-2.jpg?resize=228%2C150&amp;ssl=1 228w, https:\/\/i0.wp.com\/eltrabajo.cl\/portal\/wp-content\/uploads\/2016\/02\/Choque-furgoneta-y-taxi-colectivo-2.jpg?resize=400%2C263&amp;ssl=1 400w, https:\/\/i0.wp.com\/eltrabajo.cl\/portal\/wp-content\/uploads\/2016\/02\/Choque-furgoneta-y-taxi-colectivo-2.jpg?w=530&amp;ssl=1 530w\" sizes=\"auto, (max-width: 300px) 100vw, 300px\" \/><figcaption id=\"caption-attachment-66610\" class=\"wp-caption-text\">La furgoneta termin\u00f3 volcada al no respetar el disco Pare que hab\u00eda en el lugar, siendo chocado en el costado por un taxi colectivo que circulaba por el sector.<\/figcaption><\/figure>\n<p><strong>LOS ANDES.<\/strong>&#8211; Dos personas lesionadas de car\u00e1cter leve fue el saldo de una colisi\u00f3n y posterior volcamiento ocurrido la tarde de este lunes en pleno centro de Los Andes.<br \/>\nEl accidente se produjo pasadas las 14:40 horas, cuando una furgoneta marca Renault Kangoo, con placa patente de la vecina rep\u00fablica de Argentina OMK 964, que se desplazaba por calle Papudo en direcci\u00f3n al norte, al llegar a la esquina con Tres Carrera no respet\u00f3 el disco Pare siendo colisionado por un taxi colectivo fuera de recorrido, matr\u00edcula FL JZ 84, que iba por esta \u00faltima arteria en direcci\u00f3n al poniente.<br \/>\nA consecuencia del violento impacto, la furgoneta fue lanzada hacia la vereda y luego volc\u00f3, quedando sus dos ocupantes atrapados en el interior del veh\u00edculo, raz\u00f3n por la cual se hizo necesaria la presencia de unidades de rescate del Cuerpo de Bomberos.<br \/>\nPosteriormente los lesionados, todos ocupantes del veh\u00edculo argentino, fueron derivados en una ambulancia del Samu hasta el Servicio de Urgencia del Hospital San Juan de Dios para su evaluaci\u00f3n.<br \/>\nAfortunadamente por la hora en que ocurri\u00f3 este accidente no hab\u00eda peatones circulando por esa esquina, de lo contrario pudieron haberse registrado personas heridas de mayor gravedad o incluso fallecidas.<br \/>\nEn tanto, Carabineros del cuadrante central adopt\u00f3 el procedimiento de rigor para establecer las responsabilidades de ambos conductores.<\/p>\n","protected":false},"excerpt":{"rendered":"<p>LOS ANDES.&#8211; Dos personas lesionadas de car\u00e1cter leve fue el saldo de una colisi\u00f3n y posterior volcamiento ocurrido la tarde de este lunes en pleno centro de Los Andes. El accidente se&#8230;<\/p>\n","protected":false},"author":482,"featured_media":66610,"comment_status":"open","ping_status":"open","sticky":false,"template":"","format":"standard","meta":{"advanced_seo_description":"","jetpack_seo_html_title":"","jetpack_seo_noindex":false,"_jetpack_memberships_contains_paid_content":false,"footnotes":""},"categories":[21],"tags":[],"class_list":["post-66609","post","type-post","status-publish","format-standard","has-post-thumbnail","hentry","category-policial"],"jetpack_featured_media_url":"https:\/\/i0.wp.com\/eltrabajo.cl\/portal\/wp-content\/uploads\/2016\/02\/Choque-furgoneta-y-taxi-colectivo-2.jpg?fit=530%2C349&ssl=1","jetpack_sharing_enabled":true,"jetpack_likes_enabled":true,"jetpack-related-posts":[],"_links":{"self":[{"href":"https:\/\/eltrabajo.cl\/portal\/wp-json\/wp\/v2\/posts\/66609","targetHints":{"allow":["GET"]}}],"collection":[{"href":"https:\/\/eltrabajo.cl\/portal\/wp-json\/wp\/v2\/posts"}],"about":[{"href":"https:\/\/eltrabajo.cl\/portal\/wp-json\/wp\/v2\/types\/post"}],"author":[{"embeddable":true,"href":"https:\/\/eltrabajo.cl\/portal\/wp-json\/wp\/v2\/users\/482"}],"replies":[{"embeddable":true,"href":"https:\/\/eltrabajo.cl\/portal\/wp-json\/wp\/v2\/comments?post=66609"}],"version-history":[{"count":0,"href":"https:\/\/eltrabajo.cl\/portal\/wp-json\/wp\/v2\/posts\/66609\/revisions"}],"wp:featuredmedia":[{"embeddable":true,"href":"https:\/\/eltrabajo.cl\/portal\/wp-json\/wp\/v2\/media\/66610"}],"wp:attachment":[{"href":"https:\/\/eltrabajo.cl\/portal\/wp-json\/wp\/v2\/media?parent=66609"}],"wp:term":[{"taxonomy":"category","embeddable":true,"href":"https:\/\/eltrabajo.cl\/portal\/wp-json\/wp\/v2\/categories?post=66609"},{"taxonomy":"post_tag","embeddable":true,"href":"https:\/\/eltrabajo.cl\/portal\/wp-json\/wp\/v2\/tags?post=66609"}],"curies":[{"name":"wp","href":"https:\/\/api.w.org\/{rel}","templated":true}]}}