{"id":66613,"date":"2016-02-09T09:54:05","date_gmt":"2016-02-09T12:54:05","guid":{"rendered":"http:\/\/www.eltrabajo.cl\/portal\/?p=66613"},"modified":"2016-02-09T09:55:49","modified_gmt":"2016-02-09T12:55:49","slug":"el-conocido-vendedor-cuanto-cuanto-logra-establecer-su-propio-negocio-y-comienza-a-dejar-el-nomadismo-comercial","status":"publish","type":"post","link":"https:\/\/eltrabajo.cl\/portal\/el-conocido-vendedor-cuanto-cuanto-logra-establecer-su-propio-negocio-y-comienza-a-dejar-el-nomadismo-comercial\/","title":{"rendered":"El conocido vendedor Cu\u00e1nto-Cu\u00e1nto logra establecer su propio negocio y comienza a dejar el nomadismo comercial"},"content":{"rendered":"<figure id=\"attachment_66616\" aria-describedby=\"caption-attachment-66616\" style=\"width: 300px\" class=\"wp-caption alignleft\"><img data-recalc-dims=\"1\" loading=\"lazy\" decoding=\"async\" class=\"wp-image-66616 size-medium\" src=\"https:\/\/i0.wp.com\/www.eltrabajo.cl\/portal\/wp-content\/uploads\/2016\/02\/FOTO-4-ESTAS-SON-ALGUNAS-DE-LAS-VITRINAS-EN-DONDE-300x198.jpg?resize=300%2C198\" alt=\"Estas son algunas de las vitrinas en donde desde ahora podr\u00e1n encontrarse las deliciosas chaparritas, tablillas y los sabrosos berlines y cachitos.\" width=\"300\" height=\"198\" srcset=\"https:\/\/i0.wp.com\/eltrabajo.cl\/portal\/wp-content\/uploads\/2016\/02\/FOTO-4-ESTAS-SON-ALGUNAS-DE-LAS-VITRINAS-EN-DONDE.jpg?resize=300%2C198&amp;ssl=1 300w, https:\/\/i0.wp.com\/eltrabajo.cl\/portal\/wp-content\/uploads\/2016\/02\/FOTO-4-ESTAS-SON-ALGUNAS-DE-LAS-VITRINAS-EN-DONDE.jpg?resize=200%2C132&amp;ssl=1 200w, https:\/\/i0.wp.com\/eltrabajo.cl\/portal\/wp-content\/uploads\/2016\/02\/FOTO-4-ESTAS-SON-ALGUNAS-DE-LAS-VITRINAS-EN-DONDE.jpg?resize=228%2C150&amp;ssl=1 228w, https:\/\/i0.wp.com\/eltrabajo.cl\/portal\/wp-content\/uploads\/2016\/02\/FOTO-4-ESTAS-SON-ALGUNAS-DE-LAS-VITRINAS-EN-DONDE.jpg?resize=400%2C263&amp;ssl=1 400w, https:\/\/i0.wp.com\/eltrabajo.cl\/portal\/wp-content\/uploads\/2016\/02\/FOTO-4-ESTAS-SON-ALGUNAS-DE-LAS-VITRINAS-EN-DONDE.jpg?w=530&amp;ssl=1 530w\" sizes=\"auto, (max-width: 300px) 100vw, 300px\" \/><figcaption id=\"caption-attachment-66616\" class=\"wp-caption-text\">Estas son algunas de las vitrinas en donde desde ahora podr\u00e1n encontrarse las deliciosas chaparritas, tablillas y los sabrosos berlines y cachitos.<\/figcaption><\/figure>\n<ul>\n<li><strong>A partir de ahora, las chaparritas, empanadas, berlines, panes de leche, tablillas y todas las delicias que hicieron popular a este comerciante sanfelipe\u00f1o estar\u00e1n en las vitrinas del nuevo local \u2018Cu\u00e1ntos-Cuantos\u2019.<\/strong><\/li>\n<\/ul>\n<p>Tras casi 30 a\u00f1os de arduo trabajo en las afueras de uno de los establecimientos educacionales m\u00e1s reconocidos de San Felipe y de largos recorridos por las poblaciones sanfelipe\u00f1as a bordo de su triciclo y bicicleta, el famoso y reconocido \u2018Cu\u00e1nto-Cu\u00e1nto\u2019, logr\u00f3 establecer su rubro con un peque\u00f1o negocio frente a la Escuela Industrial Guillermo Richards Cuevas.<br \/>\nEn San Felipe podemos encontrar a muchos personajes populares que con el transcurso de los a\u00f1os han ido forjando una identidad particular y se han transformado en verdaderos \u00edconos de la poblaci\u00f3n. Reconocerlos por el apodo, a algunos de ellos, resulta ser mucho m\u00e1s f\u00e1cil que identificarlos por el nombre propio. Es el caso de Octavio D\u00edaz Neira, a quien seguramente usted no distinguir\u00eda si no decimos que se trata del abnegado comerciante ambulante, rotulado popularmente como el \u2018cu\u00e1nto-cu\u00e1nto\u2019.<br \/>\nCon casi 30 a\u00f1os de oficio en el rubro del comercio de comestibles, D\u00edaz comenz\u00f3 a hacerse conocido por sus sabrosas tablillas, berlines y panes de leche, por all\u00e1 por la d\u00e9cada del \u201880, cuando producto de la ca\u00edda desde un cami\u00f3n con fruta, mientras realizaba su trabajo apatronado, se fractur\u00f3 su brazo y hombro derecho, lo que finalmente lo imposibilit\u00f3 de seguir ligado a trabajos que implicaran cierto grado de esfuerzo f\u00edsico.<br \/>\nSeg\u00fan relat\u00f3 este sanfelipe\u00f1o, fue un amigo quien partir de ese instante lo insert\u00f3 en el mundo del comercio ya que \u201ccasi en ninguna parte duraba trabajando porque no ten\u00eda la fuerza suficiente para desarrollarme como corresponde, entonces fue Joel Zamora con quien yo compart\u00eda en el f\u00fatbol &#8211; en el Club Deportivo Pentzke &#8211; \u00e9l me ofreci\u00f3 la oportunidad de trabajar en el negocio de la calle porque ten\u00eda una amasander\u00eda, pasteler\u00eda y por ah\u00ed empez\u00f3 mi historia, un poquito acomplejado, con poca experiencia, pero por necesidad de poder trabajar tuve que hacerlo\u201d, narr\u00f3 \u2018cuanto-cuanto\u2019.<br \/>\nA partir de all\u00ed comienza a forjar su historia en el acceso principal del Liceo Industrial de San Felipe, los alumnos de este establecimiento educacional contribuyeron a que con el pasar de los a\u00f1os, D\u00edaz se fuera asentando y pudiera otorgarle estabilidad econ\u00f3mica a su familia compuesta por su esposa Ana, su hija Laura y sus hijos Nelson y Jael.<br \/>\nEn relaci\u00f3n a c\u00f3mo lleg\u00f3 a establecerse como el principal comerciante de este reconocido colegio aconcag\u00fcino, \u2018cuanto-cuanto\u2019, cuenta que \u201cpor medio de un amigo que estudiaba ac\u00e1 en la Escuela Industrial, me habl\u00f3 muchas veces de que yo viniera a ponerme a la salida aqu\u00ed, porque no hab\u00edan negocios cerca y los ni\u00f1os siempre necesitaban comprar algo para comer porque el kiosco adentro era muy peque\u00f1o, no alcanzaban a comprar todos y as\u00ed fue como el 4 de julio de 1986 llegu\u00e9 a la Escuela Industrial\u201d, relat\u00f3.<br \/>\nD\u00edaz, que tambi\u00e9n comenz\u00f3 a ser conocido en la calle como \u2018Don Checho\u2019, gracias a un profesor que sin fundamentos claros decidi\u00f3 rebautizarlo, habl\u00f3 tambi\u00e9n de su relaci\u00f3n con el ex director del Industrial, don Fernando Silva Castell\u00f3n (QEPD) a quien agradeci\u00f3, diciendo que \u201c\u00e9l me dio la oportunidad de inmediato, me ayud\u00f3 mucho, una excelente persona, un verdadero caballero y gracias a \u00e9l tuve la posibilidad de comenzar a trabajar en la escuela\u201d, asever\u00f3.<br \/>\nDe los berlines, tablillas, cachitos y panes de leche, extendi\u00f3 su oferta a las empanadas de pino los d\u00edas domingo en las distintas canchas del f\u00fatbol amateur sanfelipe\u00f1o y posteriormente los helados, especialmente los chocolitos y chirimoya alegre en forma de cilindro, comenzaron a ser furor en las distintas poblaciones sanfelipe\u00f1as, que despertaban del letargo de la siesta veraniega, al momento de escuchar el particular sonido de la chicharra de su antigua bicicleta.<br \/>\n\u2018Don Checho\u2019 reconoce que a lo largo de los a\u00f1os ha vivido muchas historias que le gustar\u00eda compartir con los sanfelipe\u00f1os, una de ellas es la raz\u00f3n de ser de su apodo, c\u00f3mo surge la idea y a quien se le ocurri\u00f3 definirlo como el \u2018cu\u00e1nto-cu\u00e1nto\u2019, argumentando que esto se debi\u00f3 al ingenio de un alumno del mismo Liceo Industrial<br \/>\n\u201cResulta que con los nervios de la primera vez, siempre repet\u00eda cu\u00e1nto-cu\u00e1nto va a querer mijo, cu\u00e1nto-cu\u00e1nto me va a comprar usted, cu\u00e1nto-cu\u00e1nto le guardo para la salida, entonces un ni\u00f1o de apellido Brontis que viv\u00eda en la poblaci\u00f3n San Felipe, un d\u00eda se par\u00f3 adentro de la escuela y con un grupo de amigos me grit\u00f3 \u2018oiga a usted de ahora en adelante le vamos a llamar el cu\u00e1nto-cu\u00e1nto\u2019 y ah\u00ed quede pues, porque era verdad que yo siempre les dec\u00eda \u2018cu\u00e1nto-cu\u00e1nto le va a llevar a la mamita para que se ponga en la buena por las malas notas que se ha sacado\u2019, entonces ah\u00ed me dijo para los industrialinos usted va a pasar a ser el cu\u00e1nto-cu\u00e1nto\u201d, detall\u00f3.<br \/>\nRespecto de esta nueva etapa que comienza a vivir con el establecimiento de su negocio, D\u00edaz afirma que a\u00fan no puede disfrutar a concho este importante logro que ha conseguido en base a esfuerzo y dedicaci\u00f3n. Asegura que si fuera por \u00e9l no dejar\u00eda nunca de trabajar en la calle, pero que la salud y el tiempo no perdonan y que despu\u00e9s de toda una vida de comerciante, montado en el triciclo que se ha transformado en su fiel compa\u00f1ero de viajes, ha llegado la hora de tomar ciertas precauciones para que la familia pueda estar m\u00e1s tranquila.<br \/>\n\u201cEs un logro bastante importante para m\u00ed y para mi familia, pero me cost\u00f3 decidirme porque estoy acostumbrado a trabajar puerta a puerta con mi triciclo, al aire libre y estar encerrado me incomoda un poquito, pero mi hija me dio a entender que con el tiempo va a llegar el cansancio, algunas enfermedades-porque han sido muchos a\u00f1os de sol, frio- y lo tom\u00e9 por ese lado por el consejo que ella me dio y aqu\u00ed estamos, fue una sana decisi\u00f3n porque en esta semana me ha ido s\u00faper bien\u201d, destac\u00f3.<br \/>\nFinalmente, el \u2018cuanto-cuanto\u2019 se\u00f1al\u00f3 que una de las gratas sorpresas que se ha llevado en estos d\u00edas trabajando en su negocio, ha sido la enorme cantidad de personas que lo reconocen y el alto n\u00famero de ex alumnos de la Escuela Industrial que han llegado a visitarlo y felicitarlo por el gran paso que ha dado en su rubro. Aun as\u00ed, no deja de lado su pensamiento de micro empresario y desea que prontamente llegue marzo para que con el comienzo del a\u00f1o escolar, exploten las ventas de chaparritas, empanadas, tablillas, berlines y bebidas.<\/p>\n<div class=\"tiled-gallery type-rectangular tiled-gallery-unresized\" data-original-width=\"640\" data-carousel-extra='null' itemscope itemtype=\"http:\/\/schema.org\/ImageGallery\" > <div class=\"gallery-row\" style=\"width: 640px; height: 212px;\" data-original-width=\"640\" data-original-height=\"212\" > <div class=\"gallery-group images-1\" style=\"width: 320px; height: 212px;\" data-original-width=\"320\" data-original-height=\"212\" > <div class=\"tiled-gallery-item tiled-gallery-item-large\" itemprop=\"associatedMedia\" itemscope itemtype=\"http:\/\/schema.org\/ImageObject\"> <a href=\"https:\/\/eltrabajo.cl\/portal\/el-conocido-vendedor-cuanto-cuanto-logra-establecer-su-propio-negocio-y-comienza-a-dejar-el-nomadismo-comercial\/foto-3-el-nuevo-almacen-cuantos-cuantos-esta-ubica\/\" border=\"0\" itemprop=\"url\"> <meta itemprop=\"width\" content=\"316\"> <meta itemprop=\"height\" content=\"208\"> <img decoding=\"async\" class=\"\" data-attachment-id=\"66615\" data-orig-file=\"https:\/\/eltrabajo.cl\/portal\/wp-content\/uploads\/2016\/02\/FOTO-3-EL-NUEVO-ALMACEN-CUANTOS-CUANTOS-ESTA-UBICA.jpg\" data-orig-size=\"530,349\" data-comments-opened=\"1\" data-image-meta=\"{&quot;aperture&quot;:&quot;0&quot;,&quot;credit&quot;:&quot;&quot;,&quot;camera&quot;:&quot;&quot;,&quot;caption&quot;:&quot;&quot;,&quot;created_timestamp&quot;:&quot;0&quot;,&quot;copyright&quot;:&quot;Copyright 2012&quot;,&quot;focal_length&quot;:&quot;0&quot;,&quot;iso&quot;:&quot;0&quot;,&quot;shutter_speed&quot;:&quot;0&quot;,&quot;title&quot;:&quot;&quot;,&quot;orientation&quot;:&quot;0&quot;}\" data-image-title=\"FOTO 3 EL NUEVO ALMACEN CUANTOS CUANTOS ESTA UBICA\" data-image-description=\"&lt;p&gt;El nuevo almac\u00e9n Cu\u00e1ntos-Cu\u00e1ntos est\u00e1 ubicado en la calle Benigno Caldera justo frente al acceso principal de la Escuela Industrial.&lt;\/p&gt; \" data-medium-file=\"https:\/\/i0.wp.com\/eltrabajo.cl\/portal\/wp-content\/uploads\/2016\/02\/FOTO-3-EL-NUEVO-ALMACEN-CUANTOS-CUANTOS-ESTA-UBICA.jpg?fit=300%2C198&#038;ssl=1\" data-large-file=\"https:\/\/i0.wp.com\/eltrabajo.cl\/portal\/wp-content\/uploads\/2016\/02\/FOTO-3-EL-NUEVO-ALMACEN-CUANTOS-CUANTOS-ESTA-UBICA.jpg?fit=530%2C349&#038;ssl=1\" src=\"https:\/\/i0.wp.com\/eltrabajo.cl\/portal\/wp-content\/uploads\/2016\/02\/FOTO-3-EL-NUEVO-ALMACEN-CUANTOS-CUANTOS-ESTA-UBICA.jpg?w=316&#038;h=208&#038;ssl=1\" srcset=\"https:\/\/i0.wp.com\/eltrabajo.cl\/portal\/wp-content\/uploads\/2016\/02\/FOTO-3-EL-NUEVO-ALMACEN-CUANTOS-CUANTOS-ESTA-UBICA.jpg?w=530&amp;ssl=1 530w, https:\/\/i0.wp.com\/eltrabajo.cl\/portal\/wp-content\/uploads\/2016\/02\/FOTO-3-EL-NUEVO-ALMACEN-CUANTOS-CUANTOS-ESTA-UBICA.jpg?resize=200%2C132&amp;ssl=1 200w, https:\/\/i0.wp.com\/eltrabajo.cl\/portal\/wp-content\/uploads\/2016\/02\/FOTO-3-EL-NUEVO-ALMACEN-CUANTOS-CUANTOS-ESTA-UBICA.jpg?resize=300%2C198&amp;ssl=1 300w, https:\/\/i0.wp.com\/eltrabajo.cl\/portal\/wp-content\/uploads\/2016\/02\/FOTO-3-EL-NUEVO-ALMACEN-CUANTOS-CUANTOS-ESTA-UBICA.jpg?resize=228%2C150&amp;ssl=1 228w, https:\/\/i0.wp.com\/eltrabajo.cl\/portal\/wp-content\/uploads\/2016\/02\/FOTO-3-EL-NUEVO-ALMACEN-CUANTOS-CUANTOS-ESTA-UBICA.jpg?resize=400%2C263&amp;ssl=1 400w\" width=\"316\" height=\"208\" loading=\"lazy\" data-original-width=\"316\" data-original-height=\"208\" itemprop=\"http:\/\/schema.org\/image\" title=\"FOTO 3 EL NUEVO ALMACEN CUANTOS CUANTOS ESTA UBICA\" alt=\"El nuevo almac\u00e9n Cu\u00e1ntos-Cu\u00e1ntos est\u00e1 ubicado en la calle Benigno Caldera justo frente al acceso principal de la Escuela Industrial.\" style=\"width: 316px; height: 208px;\" \/> <\/a> <div class=\"tiled-gallery-caption\" itemprop=\"caption description\"> El nuevo almac\u00e9n Cu\u00e1ntos-Cu\u00e1ntos est\u00e1 ubicado en la calle Benigno Caldera justo frente al acceso principal de la Escuela Industrial. <\/div> <\/div> <\/div> <!-- close group --> <div class=\"gallery-group images-1\" style=\"width: 320px; height: 212px;\" data-original-width=\"320\" data-original-height=\"212\" > <div class=\"tiled-gallery-item tiled-gallery-item-large\" itemprop=\"associatedMedia\" itemscope itemtype=\"http:\/\/schema.org\/ImageObject\"> <a href=\"https:\/\/eltrabajo.cl\/portal\/el-conocido-vendedor-cuanto-cuanto-logra-establecer-su-propio-negocio-y-comienza-a-dejar-el-nomadismo-comercial\/foto-2-este-es-el-triciclo-que-acompano\/\" border=\"0\" itemprop=\"url\"> <meta itemprop=\"width\" content=\"316\"> <meta itemprop=\"height\" content=\"208\"> <img decoding=\"async\" class=\"\" data-attachment-id=\"66614\" data-orig-file=\"https:\/\/eltrabajo.cl\/portal\/wp-content\/uploads\/2016\/02\/FOTO-2-ESTE-ES-EL-TRICICLO-QUE-ACOMPANO.jpg\" data-orig-size=\"530,350\" data-comments-opened=\"1\" data-image-meta=\"{&quot;aperture&quot;:&quot;0&quot;,&quot;credit&quot;:&quot;&quot;,&quot;camera&quot;:&quot;&quot;,&quot;caption&quot;:&quot;&quot;,&quot;created_timestamp&quot;:&quot;0&quot;,&quot;copyright&quot;:&quot;Copyright 2012&quot;,&quot;focal_length&quot;:&quot;0&quot;,&quot;iso&quot;:&quot;0&quot;,&quot;shutter_speed&quot;:&quot;0&quot;,&quot;title&quot;:&quot;&quot;,&quot;orientation&quot;:&quot;0&quot;}\" data-image-title=\"FOTO 2 ESTE ES EL TRICICLO QUE ACOMPANO\" data-image-description=\"&lt;p&gt;Este es el triciclo que acompa\u00f1\u00f3 durante d\u00e9cadas la venta puerta a puerta del popular Cu\u00e1nto-Cu\u00e1nto.&lt;\/p&gt; \" data-medium-file=\"https:\/\/i0.wp.com\/eltrabajo.cl\/portal\/wp-content\/uploads\/2016\/02\/FOTO-2-ESTE-ES-EL-TRICICLO-QUE-ACOMPANO.jpg?fit=300%2C198&#038;ssl=1\" data-large-file=\"https:\/\/i0.wp.com\/eltrabajo.cl\/portal\/wp-content\/uploads\/2016\/02\/FOTO-2-ESTE-ES-EL-TRICICLO-QUE-ACOMPANO.jpg?fit=530%2C350&#038;ssl=1\" src=\"https:\/\/i0.wp.com\/eltrabajo.cl\/portal\/wp-content\/uploads\/2016\/02\/FOTO-2-ESTE-ES-EL-TRICICLO-QUE-ACOMPANO.jpg?w=316&#038;h=208&#038;ssl=1\" srcset=\"https:\/\/i0.wp.com\/eltrabajo.cl\/portal\/wp-content\/uploads\/2016\/02\/FOTO-2-ESTE-ES-EL-TRICICLO-QUE-ACOMPANO.jpg?w=530&amp;ssl=1 530w, https:\/\/i0.wp.com\/eltrabajo.cl\/portal\/wp-content\/uploads\/2016\/02\/FOTO-2-ESTE-ES-EL-TRICICLO-QUE-ACOMPANO.jpg?resize=200%2C132&amp;ssl=1 200w, https:\/\/i0.wp.com\/eltrabajo.cl\/portal\/wp-content\/uploads\/2016\/02\/FOTO-2-ESTE-ES-EL-TRICICLO-QUE-ACOMPANO.jpg?resize=300%2C198&amp;ssl=1 300w, https:\/\/i0.wp.com\/eltrabajo.cl\/portal\/wp-content\/uploads\/2016\/02\/FOTO-2-ESTE-ES-EL-TRICICLO-QUE-ACOMPANO.jpg?resize=227%2C150&amp;ssl=1 227w, https:\/\/i0.wp.com\/eltrabajo.cl\/portal\/wp-content\/uploads\/2016\/02\/FOTO-2-ESTE-ES-EL-TRICICLO-QUE-ACOMPANO.jpg?resize=400%2C264&amp;ssl=1 400w\" width=\"316\" height=\"208\" loading=\"lazy\" data-original-width=\"316\" data-original-height=\"208\" itemprop=\"http:\/\/schema.org\/image\" title=\"FOTO 2 ESTE ES EL TRICICLO QUE ACOMPANO\" alt=\"Este es el triciclo que acompa\u00f1\u00f3 durante d\u00e9cadas la venta puerta a puerta del popular Cu\u00e1nto-Cu\u00e1nto.\" style=\"width: 316px; height: 208px;\" \/> <\/a> <div class=\"tiled-gallery-caption\" itemprop=\"caption description\"> Este es el triciclo que acompa\u00f1\u00f3 durante d\u00e9cadas la venta puerta a puerta del popular Cu\u00e1nto-Cu\u00e1nto. <\/div> <\/div> <\/div> <!-- close group --> <\/div> <!-- close row --> <\/div>\n","protected":false},"excerpt":{"rendered":"<p>A partir de ahora, las chaparritas, empanadas, berlines, panes de leche, tablillas y todas las delicias que hicieron popular a este comerciante sanfelipe\u00f1o estar\u00e1n en las vitrinas del nuevo local \u2018Cu\u00e1ntos-Cuantos\u2019. Tras&#8230;<\/p>\n","protected":false},"author":482,"featured_media":66616,"comment_status":"open","ping_status":"open","sticky":false,"template":"","format":"standard","meta":{"advanced_seo_description":"","jetpack_seo_html_title":"","jetpack_seo_noindex":false,"_jetpack_memberships_contains_paid_content":false,"footnotes":""},"categories":[15],"tags":[],"class_list":["post-66613","post","type-post","status-publish","format-standard","has-post-thumbnail","hentry","category-comunidad"],"jetpack_featured_media_url":"https:\/\/i0.wp.com\/eltrabajo.cl\/portal\/wp-content\/uploads\/2016\/02\/FOTO-4-ESTAS-SON-ALGUNAS-DE-LAS-VITRINAS-EN-DONDE.jpg?fit=530%2C349&ssl=1","jetpack_sharing_enabled":true,"jetpack_likes_enabled":true,"jetpack-related-posts":[],"_links":{"self":[{"href":"https:\/\/eltrabajo.cl\/portal\/wp-json\/wp\/v2\/posts\/66613","targetHints":{"allow":["GET"]}}],"collection":[{"href":"https:\/\/eltrabajo.cl\/portal\/wp-json\/wp\/v2\/posts"}],"about":[{"href":"https:\/\/eltrabajo.cl\/portal\/wp-json\/wp\/v2\/types\/post"}],"author":[{"embeddable":true,"href":"https:\/\/eltrabajo.cl\/portal\/wp-json\/wp\/v2\/users\/482"}],"replies":[{"embeddable":true,"href":"https:\/\/eltrabajo.cl\/portal\/wp-json\/wp\/v2\/comments?post=66613"}],"version-history":[{"count":0,"href":"https:\/\/eltrabajo.cl\/portal\/wp-json\/wp\/v2\/posts\/66613\/revisions"}],"wp:featuredmedia":[{"embeddable":true,"href":"https:\/\/eltrabajo.cl\/portal\/wp-json\/wp\/v2\/media\/66616"}],"wp:attachment":[{"href":"https:\/\/eltrabajo.cl\/portal\/wp-json\/wp\/v2\/media?parent=66613"}],"wp:term":[{"taxonomy":"category","embeddable":true,"href":"https:\/\/eltrabajo.cl\/portal\/wp-json\/wp\/v2\/categories?post=66613"},{"taxonomy":"post_tag","embeddable":true,"href":"https:\/\/eltrabajo.cl\/portal\/wp-json\/wp\/v2\/tags?post=66613"}],"curies":[{"name":"wp","href":"https:\/\/api.w.org\/{rel}","templated":true}]}}