{"id":66618,"date":"2016-02-10T09:15:07","date_gmt":"2016-02-10T12:15:07","guid":{"rendered":"http:\/\/www.eltrabajo.cl\/portal\/?p=66618"},"modified":"2016-02-10T09:15:07","modified_gmt":"2016-02-10T12:15:07","slug":"cheerleaders-estudiantiles-alegran-nuestras-calles-en-verano","status":"publish","type":"post","link":"https:\/\/eltrabajo.cl\/portal\/cheerleaders-estudiantiles-alegran-nuestras-calles-en-verano\/","title":{"rendered":"Cheerleaders estudiantiles alegran nuestras calles en verano"},"content":{"rendered":"<figure id=\"attachment_66619\" aria-describedby=\"caption-attachment-66619\" style=\"width: 300px\" class=\"wp-caption alignleft\"><img data-recalc-dims=\"1\" loading=\"lazy\" decoding=\"async\" class=\"wp-image-66619 size-medium\" src=\"https:\/\/i0.wp.com\/www.eltrabajo.cl\/portal\/wp-content\/uploads\/2016\/02\/Artistas1-300x199.jpg?resize=300%2C199\" alt=\"ARTISTAS DE VERANO.- Ellos son Paloma V\u00e1squez de catorce a\u00f1os; Alicia Loyola de trece; Ian Jelvez de 17 a\u00f1os y Maite Rojas de trece a\u00f1os.\" width=\"300\" height=\"199\" srcset=\"https:\/\/i0.wp.com\/eltrabajo.cl\/portal\/wp-content\/uploads\/2016\/02\/Artistas1.jpg?resize=300%2C199&amp;ssl=1 300w, https:\/\/i0.wp.com\/eltrabajo.cl\/portal\/wp-content\/uploads\/2016\/02\/Artistas1.jpg?resize=200%2C133&amp;ssl=1 200w, https:\/\/i0.wp.com\/eltrabajo.cl\/portal\/wp-content\/uploads\/2016\/02\/Artistas1.jpg?resize=226%2C150&amp;ssl=1 226w, https:\/\/i0.wp.com\/eltrabajo.cl\/portal\/wp-content\/uploads\/2016\/02\/Artistas1.jpg?resize=400%2C265&amp;ssl=1 400w, https:\/\/i0.wp.com\/eltrabajo.cl\/portal\/wp-content\/uploads\/2016\/02\/Artistas1.jpg?w=528&amp;ssl=1 528w\" sizes=\"auto, (max-width: 300px) 100vw, 300px\" \/><figcaption id=\"caption-attachment-66619\" class=\"wp-caption-text\">ARTISTAS DE VERANO.- Ellos son Paloma V\u00e1squez de catorce a\u00f1os; Alicia Loyola de trece; Ian Jelvez de 17 a\u00f1os y Maite Rojas de trece a\u00f1os.<\/figcaption><\/figure>\n<p>No todos los estudiantes que actualmente est\u00e1n de vacaciones en el Valle de Aconcagua, lo est\u00e1n pasando muy relajado en las playas o piscinas, para muestra, nos podemos encontrar en cualquier cruce de sem\u00e1foro de San Felipe, en donde muchos estudiantes de media, b\u00e1sica y hasta universitarios desarrollan din\u00e1micas presentaciones de acrobacia y gimnasia para recoger algunas monedas que los conductores les dan con gusto.<\/p>\n<p><strong>ARTE URBANO<\/strong><br \/>\nDiario El Trabajo realiz\u00f3 un recorrido por algunos sectores de nuestra ciudad para conocer este arte urbano que realizan estos j\u00f3venes artistas circenses, sin pertenecer a un circo determinado. Los chicos con quienes hablamos este lunes en el sem\u00e1foro del Santa Isabel Pratt.<br \/>\n\u00ab\u2018Cheerlaeders All Stars de San Esteban\u2019 somos un grupo de 60 estudiantes, nos repartimos la ciudad para as\u00ed todos ganar algunas monedas, aproximadamente recibimos como $10.000 al d\u00eda entre todos, para nosotros es divertido y nuestros padres est\u00e1n enterados que estamos haciendo esto, buscamos tambi\u00e9n cuidarnos, mucho ensayo y destreza para evitar accidentes\u00bb, coment\u00f3 a nuestro medio Ian Jelvez de 17 a\u00f1os, uno de los j\u00f3venes que realizan diez segundos de acrobacias en la calle mientras los conductores esperan la luz verde.<br \/>\nTambi\u00e9n en nuestro recorrido conocimos a Max S\u00e1ez y Arnoldo Calder\u00f3n, quienes hacen malabares con admin\u00edculos de circo, lo que tambi\u00e9n les genera dinero para sus gastos personales, ya que por su edad no pueden incursionar en el mundo laboral de manera oficial. Ya lo saben amigos lectores, cuando vean a esos chicos haciendo malabares en la calle, no les ignore, es una forma de comunicarse y decirnos \u2018Aqu\u00ed estamos, agradecemos tu apoyo\u2019.<br \/>\n<strong>Roberto Gonz\u00e1lez Short<\/strong><br \/>\n<strong>rgonzalez@eltrabajo.cl<\/strong><\/p>\n<div class=\"tiled-gallery type-rectangular tiled-gallery-unresized\" data-original-width=\"640\" data-carousel-extra='null' itemscope itemtype=\"http:\/\/schema.org\/ImageGallery\" > <div class=\"gallery-row\" style=\"width: 640px; height: 212px;\" data-original-width=\"640\" data-original-height=\"212\" > <div class=\"gallery-group images-1\" style=\"width: 320px; height: 212px;\" data-original-width=\"320\" data-original-height=\"212\" > <div class=\"tiled-gallery-item tiled-gallery-item-large\" itemprop=\"associatedMedia\" itemscope itemtype=\"http:\/\/schema.org\/ImageObject\"> <a href=\"https:\/\/eltrabajo.cl\/portal\/cheerleaders-estudiantiles-alegran-nuestras-calles-en-verano\/acrobacia1\/\" border=\"0\" itemprop=\"url\"> <meta itemprop=\"width\" content=\"316\"> <meta itemprop=\"height\" content=\"208\"> <img decoding=\"async\" class=\"\" data-attachment-id=\"66620\" data-orig-file=\"https:\/\/eltrabajo.cl\/portal\/wp-content\/uploads\/2016\/02\/Acrobacia1.jpg\" data-orig-size=\"530,349\" data-comments-opened=\"1\" data-image-meta=\"{&quot;aperture&quot;:&quot;0&quot;,&quot;credit&quot;:&quot;&quot;,&quot;camera&quot;:&quot;&quot;,&quot;caption&quot;:&quot;&quot;,&quot;created_timestamp&quot;:&quot;0&quot;,&quot;copyright&quot;:&quot;&quot;,&quot;focal_length&quot;:&quot;0&quot;,&quot;iso&quot;:&quot;0&quot;,&quot;shutter_speed&quot;:&quot;0&quot;,&quot;title&quot;:&quot;&quot;,&quot;orientation&quot;:&quot;0&quot;}\" data-image-title=\"Acrobacia1\" data-image-description=\"&lt;p&gt;DESTREZA JUVENIL.- Estudiantes de la Escuela Agr\u00edcola en sus vacaciones, Max S\u00e1ez y Arnoldo Calder\u00f3n, haciendo de las suyas en el centro de la ciudad.&lt;\/p&gt; \" data-medium-file=\"https:\/\/i0.wp.com\/eltrabajo.cl\/portal\/wp-content\/uploads\/2016\/02\/Acrobacia1.jpg?fit=300%2C198&#038;ssl=1\" data-large-file=\"https:\/\/i0.wp.com\/eltrabajo.cl\/portal\/wp-content\/uploads\/2016\/02\/Acrobacia1.jpg?fit=530%2C349&#038;ssl=1\" src=\"https:\/\/i0.wp.com\/eltrabajo.cl\/portal\/wp-content\/uploads\/2016\/02\/Acrobacia1.jpg?w=316&#038;h=208&#038;ssl=1\" srcset=\"https:\/\/i0.wp.com\/eltrabajo.cl\/portal\/wp-content\/uploads\/2016\/02\/Acrobacia1.jpg?w=530&amp;ssl=1 530w, https:\/\/i0.wp.com\/eltrabajo.cl\/portal\/wp-content\/uploads\/2016\/02\/Acrobacia1.jpg?resize=200%2C132&amp;ssl=1 200w, https:\/\/i0.wp.com\/eltrabajo.cl\/portal\/wp-content\/uploads\/2016\/02\/Acrobacia1.jpg?resize=300%2C198&amp;ssl=1 300w, https:\/\/i0.wp.com\/eltrabajo.cl\/portal\/wp-content\/uploads\/2016\/02\/Acrobacia1.jpg?resize=228%2C150&amp;ssl=1 228w, https:\/\/i0.wp.com\/eltrabajo.cl\/portal\/wp-content\/uploads\/2016\/02\/Acrobacia1.jpg?resize=400%2C263&amp;ssl=1 400w\" width=\"316\" height=\"208\" loading=\"lazy\" data-original-width=\"316\" data-original-height=\"208\" itemprop=\"http:\/\/schema.org\/image\" title=\"Acrobacia1\" alt=\"DESTREZA JUVENIL.- Estudiantes de la Escuela Agr\u00edcola en sus vacaciones, Max S\u00e1ez y Arnoldo Calder\u00f3n, haciendo de las suyas en el centro de la ciudad.\" style=\"width: 316px; height: 208px;\" \/> <\/a> <div class=\"tiled-gallery-caption\" itemprop=\"caption description\"> DESTREZA JUVENIL.- Estudiantes de la Escuela Agr\u00edcola en sus vacaciones, Max S\u00e1ez y Arnoldo Calder\u00f3n, haciendo de las suyas en el centro de la ciudad. <\/div> <\/div> <\/div> <!-- close group --> <div class=\"gallery-group images-1\" style=\"width: 320px; height: 212px;\" data-original-width=\"320\" data-original-height=\"212\" > <div class=\"tiled-gallery-item tiled-gallery-item-large\" itemprop=\"associatedMedia\" itemscope itemtype=\"http:\/\/schema.org\/ImageObject\"> <a href=\"https:\/\/eltrabajo.cl\/portal\/cheerleaders-estudiantiles-alegran-nuestras-calles-en-verano\/volando1-2\/\" border=\"0\" itemprop=\"url\"> <meta itemprop=\"width\" content=\"316\"> <meta itemprop=\"height\" content=\"208\"> <img decoding=\"async\" class=\"\" data-attachment-id=\"66621\" data-orig-file=\"https:\/\/eltrabajo.cl\/portal\/wp-content\/uploads\/2016\/02\/Volando1.jpg\" data-orig-size=\"530,348\" data-comments-opened=\"1\" data-image-meta=\"{&quot;aperture&quot;:&quot;0&quot;,&quot;credit&quot;:&quot;&quot;,&quot;camera&quot;:&quot;&quot;,&quot;caption&quot;:&quot;&quot;,&quot;created_timestamp&quot;:&quot;0&quot;,&quot;copyright&quot;:&quot;&quot;,&quot;focal_length&quot;:&quot;0&quot;,&quot;iso&quot;:&quot;0&quot;,&quot;shutter_speed&quot;:&quot;0&quot;,&quot;title&quot;:&quot;&quot;,&quot;orientation&quot;:&quot;0&quot;}\" data-image-title=\"Volando1\" data-image-description=\"&lt;p&gt;PRINCESA DEL AIRE.- Estas coquetas cheerleaders vuelan por los aires durante algunos segundos, alegrando as\u00ed nuestras calles en verano.&lt;\/p&gt; \" data-medium-file=\"https:\/\/i0.wp.com\/eltrabajo.cl\/portal\/wp-content\/uploads\/2016\/02\/Volando1.jpg?fit=300%2C197&#038;ssl=1\" data-large-file=\"https:\/\/i0.wp.com\/eltrabajo.cl\/portal\/wp-content\/uploads\/2016\/02\/Volando1.jpg?fit=530%2C348&#038;ssl=1\" src=\"https:\/\/i0.wp.com\/eltrabajo.cl\/portal\/wp-content\/uploads\/2016\/02\/Volando1.jpg?w=316&#038;h=208&#038;ssl=1\" srcset=\"https:\/\/i0.wp.com\/eltrabajo.cl\/portal\/wp-content\/uploads\/2016\/02\/Volando1.jpg?w=530&amp;ssl=1 530w, https:\/\/i0.wp.com\/eltrabajo.cl\/portal\/wp-content\/uploads\/2016\/02\/Volando1.jpg?resize=200%2C131&amp;ssl=1 200w, https:\/\/i0.wp.com\/eltrabajo.cl\/portal\/wp-content\/uploads\/2016\/02\/Volando1.jpg?resize=300%2C197&amp;ssl=1 300w, https:\/\/i0.wp.com\/eltrabajo.cl\/portal\/wp-content\/uploads\/2016\/02\/Volando1.jpg?resize=228%2C150&amp;ssl=1 228w, https:\/\/i0.wp.com\/eltrabajo.cl\/portal\/wp-content\/uploads\/2016\/02\/Volando1.jpg?resize=400%2C263&amp;ssl=1 400w\" width=\"316\" height=\"208\" loading=\"lazy\" data-original-width=\"316\" data-original-height=\"208\" itemprop=\"http:\/\/schema.org\/image\" title=\"Volando1\" alt=\"PRINCESA DEL AIRE.- Estas coquetas cheerleaders vuelan por los aires durante algunos segundos, alegrando as\u00ed nuestras calles en verano.\" style=\"width: 316px; height: 208px;\" \/> <\/a> <div class=\"tiled-gallery-caption\" itemprop=\"caption description\"> PRINCESA DEL AIRE.- Estas coquetas cheerleaders vuelan por los aires durante algunos segundos, alegrando as\u00ed nuestras calles en verano. <\/div> <\/div> <\/div> <!-- close group --> <\/div> <!-- close row --> <\/div>\n","protected":false},"excerpt":{"rendered":"<p>No todos los estudiantes que actualmente est\u00e1n de vacaciones en el Valle de Aconcagua, lo est\u00e1n pasando muy relajado en las playas o piscinas, para muestra, nos podemos encontrar en cualquier cruce&#8230;<\/p>\n","protected":false},"author":482,"featured_media":66619,"comment_status":"open","ping_status":"open","sticky":false,"template":"","format":"standard","meta":{"advanced_seo_description":"","jetpack_seo_html_title":"","jetpack_seo_noindex":false,"_jetpack_memberships_contains_paid_content":false,"footnotes":""},"categories":[15],"tags":[],"class_list":["post-66618","post","type-post","status-publish","format-standard","has-post-thumbnail","hentry","category-comunidad"],"jetpack_featured_media_url":"https:\/\/i0.wp.com\/eltrabajo.cl\/portal\/wp-content\/uploads\/2016\/02\/Artistas1.jpg?fit=528%2C350&ssl=1","jetpack_sharing_enabled":true,"jetpack_likes_enabled":true,"jetpack-related-posts":[],"_links":{"self":[{"href":"https:\/\/eltrabajo.cl\/portal\/wp-json\/wp\/v2\/posts\/66618","targetHints":{"allow":["GET"]}}],"collection":[{"href":"https:\/\/eltrabajo.cl\/portal\/wp-json\/wp\/v2\/posts"}],"about":[{"href":"https:\/\/eltrabajo.cl\/portal\/wp-json\/wp\/v2\/types\/post"}],"author":[{"embeddable":true,"href":"https:\/\/eltrabajo.cl\/portal\/wp-json\/wp\/v2\/users\/482"}],"replies":[{"embeddable":true,"href":"https:\/\/eltrabajo.cl\/portal\/wp-json\/wp\/v2\/comments?post=66618"}],"version-history":[{"count":0,"href":"https:\/\/eltrabajo.cl\/portal\/wp-json\/wp\/v2\/posts\/66618\/revisions"}],"wp:featuredmedia":[{"embeddable":true,"href":"https:\/\/eltrabajo.cl\/portal\/wp-json\/wp\/v2\/media\/66619"}],"wp:attachment":[{"href":"https:\/\/eltrabajo.cl\/portal\/wp-json\/wp\/v2\/media?parent=66618"}],"wp:term":[{"taxonomy":"category","embeddable":true,"href":"https:\/\/eltrabajo.cl\/portal\/wp-json\/wp\/v2\/categories?post=66618"},{"taxonomy":"post_tag","embeddable":true,"href":"https:\/\/eltrabajo.cl\/portal\/wp-json\/wp\/v2\/tags?post=66618"}],"curies":[{"name":"wp","href":"https:\/\/api.w.org\/{rel}","templated":true}]}}