{"id":66623,"date":"2016-02-10T09:18:06","date_gmt":"2016-02-10T12:18:06","guid":{"rendered":"http:\/\/www.eltrabajo.cl\/portal\/?p=66623"},"modified":"2016-02-10T09:18:06","modified_gmt":"2016-02-10T12:18:06","slug":"entregan-equipos-de-rescate-a-2a-compania-de-bomberos-de-san-esteban","status":"publish","type":"post","link":"https:\/\/eltrabajo.cl\/portal\/entregan-equipos-de-rescate-a-2a-compania-de-bomberos-de-san-esteban\/","title":{"rendered":"Entregan equipos de rescate a 2\u00aa Compa\u00f1\u00eda de Bomberos de San Esteban"},"content":{"rendered":"<figure id=\"attachment_66624\" aria-describedby=\"caption-attachment-66624\" style=\"width: 300px\" class=\"wp-caption alignleft\"><img data-recalc-dims=\"1\" loading=\"lazy\" decoding=\"async\" class=\"wp-image-66624 size-medium\" src=\"https:\/\/i0.wp.com\/www.eltrabajo.cl\/portal\/wp-content\/uploads\/2016\/02\/Entrega-equipamiento-bomberos-San-Esteban-2-300x197.jpg?resize=300%2C197\" alt=\"Representantes de Colb\u00fan hicieron entrega de los equipos hacia Jorge Tapia, Superintendente del Cuerpo de Bomberos de San Esteban; y Carlos Cordero, Director de la 2\u00aa Compa\u00f1\u00eda de Bomberos.\" width=\"300\" height=\"197\" srcset=\"https:\/\/i0.wp.com\/eltrabajo.cl\/portal\/wp-content\/uploads\/2016\/02\/Entrega-equipamiento-bomberos-San-Esteban-2.jpg?resize=300%2C197&amp;ssl=1 300w, https:\/\/i0.wp.com\/eltrabajo.cl\/portal\/wp-content\/uploads\/2016\/02\/Entrega-equipamiento-bomberos-San-Esteban-2.jpg?resize=200%2C131&amp;ssl=1 200w, https:\/\/i0.wp.com\/eltrabajo.cl\/portal\/wp-content\/uploads\/2016\/02\/Entrega-equipamiento-bomberos-San-Esteban-2.jpg?resize=228%2C150&amp;ssl=1 228w, https:\/\/i0.wp.com\/eltrabajo.cl\/portal\/wp-content\/uploads\/2016\/02\/Entrega-equipamiento-bomberos-San-Esteban-2.jpg?resize=400%2C263&amp;ssl=1 400w, https:\/\/i0.wp.com\/eltrabajo.cl\/portal\/wp-content\/uploads\/2016\/02\/Entrega-equipamiento-bomberos-San-Esteban-2.jpg?w=530&amp;ssl=1 530w\" sizes=\"auto, (max-width: 300px) 100vw, 300px\" \/><figcaption id=\"caption-attachment-66624\" class=\"wp-caption-text\">Representantes de Colb\u00fan hicieron entrega de los equipos hacia Jorge Tapia, Superintendente del Cuerpo de Bomberos de San Esteban; y Carlos Cordero, Director de la 2\u00aa Compa\u00f1\u00eda de Bomberos.<\/figcaption><\/figure>\n<ul>\n<li><strong>La nueva indumentaria permitir\u00e1 un mejor equipamiento y desempe\u00f1o de los voluntarios en sus tareas de rescate y servicio a la comunidad.<\/strong><\/li>\n<\/ul>\n<p><strong>LOS ANDES.-<\/strong> Durante el pasado lunes 8 de febrero, la empresa Colb\u00fan S.A hizo entrega de equipamiento a la Segunda Compa\u00f1\u00eda de Bomberos de San Esteban, consistente entre otras cosas, en chaquetas, cascos, botas e implementos de rescate, todo certificado bajo altos est\u00e1ndares de calidad.<br \/>\nLa iniciativa, que fue posible gracias a un convenio de responsabilidad social corporativa firmado entre la empresa y la Municipalidad de San Esteban, permitiendo mejorar las condiciones de seguridad del Camino Internacional CH 60, brindando a Bomberos una mayor capacidad de respuesta ante emergencias en la zona, favoreciendo a cerca de 3.000 familias de los sectores de Los Espinos, Chacayes Alto, Chacayes Bajo, R\u00edo Colorado, Los Peumos, Vilcuya, Las Vizcachas y Villa Aconcagua.<br \/>\nLa ceremonia de entrega se realiz\u00f3 en la Escuela de R\u00edo Colorado y cont\u00f3 con la participaci\u00f3n del alcalde de San Esteban, Ren\u00e9 Mardones; Jorge Tapia, Superintendente y m\u00e1xima autoridad del Cuerpo de Bomberos de San Esteban; Carlos Cordero, Director de la Segunda Compa\u00f1\u00eda de Bomberos junto a representantes de Colb\u00fan.<br \/>\nDurante la ceremonia, el alcalde de la comuna, Ren\u00e9 Mardones, valor\u00f3 la iniciativa. \u201cEsto es un sue\u00f1o hecho realidad gracias a esta alianza p\u00fablico-privada, por lo que agradecemos el aporte de la empresa a la comunidad. Primero fue esta multicancha (donde se realiz\u00f3 la ceremonia) y ahora este aporte a Bomberos\u201d, dijo.<br \/>\nAs\u00ed, representantes de Colb\u00fan procedieron a la entrega simb\u00f3lica de los equipos hacia Jorge Tapia, Superintendente del Cuerpo de Bomberos de San Esteban; y Carlos Cordero, Director de la Segunda Compa\u00f1\u00eda de Bomberos, quienes agradecieron la constante colaboraci\u00f3n de la generadora el\u00e9ctrica Colb\u00fan.<\/p>\n","protected":false},"excerpt":{"rendered":"<p>La nueva indumentaria permitir\u00e1 un mejor equipamiento y desempe\u00f1o de los voluntarios en sus tareas de rescate y servicio a la comunidad. LOS ANDES.- Durante el pasado lunes 8 de febrero, la&#8230;<\/p>\n","protected":false},"author":482,"featured_media":66624,"comment_status":"open","ping_status":"open","sticky":false,"template":"","format":"standard","meta":{"advanced_seo_description":"","jetpack_seo_html_title":"","jetpack_seo_noindex":false,"_jetpack_memberships_contains_paid_content":false,"footnotes":""},"categories":[15],"tags":[],"class_list":["post-66623","post","type-post","status-publish","format-standard","has-post-thumbnail","hentry","category-comunidad"],"jetpack_featured_media_url":"https:\/\/i0.wp.com\/eltrabajo.cl\/portal\/wp-content\/uploads\/2016\/02\/Entrega-equipamiento-bomberos-San-Esteban-2.jpg?fit=530%2C348&ssl=1","jetpack_sharing_enabled":true,"jetpack_likes_enabled":true,"jetpack-related-posts":[],"_links":{"self":[{"href":"https:\/\/eltrabajo.cl\/portal\/wp-json\/wp\/v2\/posts\/66623","targetHints":{"allow":["GET"]}}],"collection":[{"href":"https:\/\/eltrabajo.cl\/portal\/wp-json\/wp\/v2\/posts"}],"about":[{"href":"https:\/\/eltrabajo.cl\/portal\/wp-json\/wp\/v2\/types\/post"}],"author":[{"embeddable":true,"href":"https:\/\/eltrabajo.cl\/portal\/wp-json\/wp\/v2\/users\/482"}],"replies":[{"embeddable":true,"href":"https:\/\/eltrabajo.cl\/portal\/wp-json\/wp\/v2\/comments?post=66623"}],"version-history":[{"count":0,"href":"https:\/\/eltrabajo.cl\/portal\/wp-json\/wp\/v2\/posts\/66623\/revisions"}],"wp:featuredmedia":[{"embeddable":true,"href":"https:\/\/eltrabajo.cl\/portal\/wp-json\/wp\/v2\/media\/66624"}],"wp:attachment":[{"href":"https:\/\/eltrabajo.cl\/portal\/wp-json\/wp\/v2\/media?parent=66623"}],"wp:term":[{"taxonomy":"category","embeddable":true,"href":"https:\/\/eltrabajo.cl\/portal\/wp-json\/wp\/v2\/categories?post=66623"},{"taxonomy":"post_tag","embeddable":true,"href":"https:\/\/eltrabajo.cl\/portal\/wp-json\/wp\/v2\/tags?post=66623"}],"curies":[{"name":"wp","href":"https:\/\/api.w.org\/{rel}","templated":true}]}}